{"id":4492,"date":"2014-08-31T21:15:04","date_gmt":"2014-08-31T19:15:04","guid":{"rendered":"http:\/\/swietodrzewa.pl\/?p=4492"},"modified":"2014-10-17T19:06:53","modified_gmt":"2014-10-17T17:06:53","slug":"klub-gaja-zegnal-wakacje-klimatycznie","status":"publish","type":"post","link":"https:\/\/archiwum.swietodrzewa.pl\/?p=4492","title":{"rendered":"Klub Gaja \u017cegna\u0142 wakacje klimatycznie"},"content":{"rendered":"<p><strong>Jak co roku w ostatni\u0105 niedziel\u0119 wakacji w Warszawie odby\u0142 si\u0119 Piknik z Klimatem. W wydarzeniu tradycyjnie uczestniczy\u0142 Klub Gaja, prowadz\u0105c interesuj\u0105ce zaj\u0119cia edukacyjne zar\u00f3wno dla starszych jak i m\u0142odszych jego uczestnik\u00f3w oraz promuj\u0105c program \u015awi\u0119to Drzewa. <\/strong><!--more--><\/p>\n<p>W ramach Pikniku z Klimatem edukatorzy Klubu Gaja prowadzili zaj\u0119cia edukacyjne na temat energii odnawialnych; S\u0142o\u0144ce na TAK, podczas kt\u00f3rych dzieci budowa\u0142y z klock\u00f3w LEGO turbiny wiatrowe oraz samochodziki zasilane energi\u0105 s\u0142oneczn\u0105. Najm\u0142odsi, licznie i z wielkim zaanga\u017cowaniem, budowali LEGO Zielone Miasto &#8211; makiet\u0119 ekologicznego, przyjaznego miasta z energooszcz\u0119dnymi domami i zielonymi dachami, parkami, transportem publicznym oraz elektrowni\u0105 wiatrow\u0105.<\/p>\n<p>Ogromne zainteresowanie wzbudza\u0142 tak\u017ce happening \u201eDizajn z Klimatem\u201d- polegaj\u0105cy na nadrukowaniu metod\u0105 stensil symbolu drzewa oraz has\u0142a \u201eDizajn z Klimatem\u201d na bawe\u0142nianych torbach. Kolejka z minuty na minut\u0119 stawa\u0142 si\u0119 coraz d\u0142u\u017csza, zw\u0142aszcza, \u017ce opr\u00f3cz w\u0142asnor\u0119cznie wykonanej dizajnerskiej torby uczestnicy otrzymywali r\u00f3wnie\u017c sadzonk\u0119 buka.<\/p>\n<p><em>Go\u015bcie pikniku licznie odwiedzali stoisko Klubu Gaja gdzie mo\u017cna by\u0142o uzyska\u0107 informacje na temat programu \u015awi\u0119to Drzewa, uczestnictwa w nim, oraz prowadzonych konkurs\u00f3w. Na wszystkie pytania wyczerpuj\u0105co odpowiadali przedstawiciele Klubu Gaja, rozdaj\u0105c ulotki, broszury, plakaty oraz zak\u0142adki z wizerunkami koni uratowanych w ramach akcji \u201eZbieraj makulatur\u0119, ratuj konie\u201d. Piknik z Klimatem to wspania\u0142a okazja aby edukowa\u0107 poprzez zabaw\u0119. &#8211;<\/em> podsumowuje koordynatorka programu \u015awi\u0119to Drzewa <strong>Jolanta Migda\u0142<\/strong>.<\/p>\n<!-- default-view.php -->\n<div\n\tclass=\"ngg-galleryoverview default-view \n\t ngg-ajax-pagination-none\t\"\n\tid=\"ngg-gallery-fddae1fcd59b9bc616b4914552f989af-1\">\n\n\t\t<!-- Thumbnails -->\n\t\t\t\t<div id=\"ngg-image-0\" class=\"ngg-gallery-thumbnail-box \n\t\t\t\t\t\t\t\t\t\t\t\" \n\t\t\t>\n\t\t\t\t\t\t<div class=\"ngg-gallery-thumbnail\">\n\t\t\t<a href=\"https:\/\/archiwum.swietodrzewa.pl\/wp-content\/gallery\/piknik-z-klimatem\/pikn2.jpg\"\n\t\t\t\ttitle=\"\"\n\t\t\t\tdata-src=\"https:\/\/archiwum.swietodrzewa.pl\/wp-content\/gallery\/piknik-z-klimatem\/pikn2.jpg\"\n\t\t\t\tdata-thumbnail=\"https:\/\/archiwum.swietodrzewa.pl\/wp-content\/gallery\/piknik-z-klimatem\/thumbs\/thumbs_pikn2.jpg\"\n\t\t\t\tdata-image-id=\"702\"\n\t\t\t\tdata-title=\"Piknik z Klimatem - widok z lotu ptaka\"\n\t\t\t\tdata-description=\"\"\n\t\t\t\tdata-image-slug=\"pikn2\"\n\t\t\t\tclass=\"shutterset_fddae1fcd59b9bc616b4914552f989af\">\n\t\t\t\t<img\n\t\t\t\t\ttitle=\"Piknik z Klimatem - widok z lotu ptaka\"\n\t\t\t\t\talt=\"Piknik z Klimatem - widok z lotu ptaka\"\n\t\t\t\t\tsrc=\"https:\/\/archiwum.swietodrzewa.pl\/wp-content\/gallery\/piknik-z-klimatem\/thumbs\/thumbs_pikn2.jpg\"\n\t\t\t\t\twidth=\"100\"\n\t\t\t\t\theight=\"75\"\n\t\t\t\t\tstyle=\"max-width:100%;\"\n\t\t\t\t\/>\n\t\t\t<\/a>\n\t\t<\/div>\n\t\t\t\t\t\t\t<\/div> \n\t\t\t\n\t\t\t\t<div id=\"ngg-image-1\" class=\"ngg-gallery-thumbnail-box \n\t\t\t\t\t\t\t\t\t\t\t\" \n\t\t\t>\n\t\t\t\t\t\t<div class=\"ngg-gallery-thumbnail\">\n\t\t\t<a href=\"https:\/\/archiwum.swietodrzewa.pl\/wp-content\/gallery\/piknik-z-klimatem\/pikn1.jpg\"\n\t\t\t\ttitle=\"\"\n\t\t\t\tdata-src=\"https:\/\/archiwum.swietodrzewa.pl\/wp-content\/gallery\/piknik-z-klimatem\/pikn1.jpg\"\n\t\t\t\tdata-thumbnail=\"https:\/\/archiwum.swietodrzewa.pl\/wp-content\/gallery\/piknik-z-klimatem\/thumbs\/thumbs_pikn1.jpg\"\n\t\t\t\tdata-image-id=\"703\"\n\t\t\t\tdata-title=\"Nasze stoisko\"\n\t\t\t\tdata-description=\"\"\n\t\t\t\tdata-image-slug=\"pikn1\"\n\t\t\t\tclass=\"shutterset_fddae1fcd59b9bc616b4914552f989af\">\n\t\t\t\t<img\n\t\t\t\t\ttitle=\"Nasze stoisko\"\n\t\t\t\t\talt=\"Nasze stoisko\"\n\t\t\t\t\tsrc=\"https:\/\/archiwum.swietodrzewa.pl\/wp-content\/gallery\/piknik-z-klimatem\/thumbs\/thumbs_pikn1.jpg\"\n\t\t\t\t\twidth=\"100\"\n\t\t\t\t\theight=\"75\"\n\t\t\t\t\tstyle=\"max-width:100%;\"\n\t\t\t\t\/>\n\t\t\t<\/a>\n\t\t<\/div>\n\t\t\t\t\t\t\t<\/div> \n\t\t\t\n\t\t\t\t<div id=\"ngg-image-2\" class=\"ngg-gallery-thumbnail-box \n\t\t\t\t\t\t\t\t\t\t\t\" \n\t\t\t>\n\t\t\t\t\t\t<div class=\"ngg-gallery-thumbnail\">\n\t\t\t<a href=\"https:\/\/archiwum.swietodrzewa.pl\/wp-content\/gallery\/piknik-z-klimatem\/18.jpg\"\n\t\t\t\ttitle=\"\"\n\t\t\t\tdata-src=\"https:\/\/archiwum.swietodrzewa.pl\/wp-content\/gallery\/piknik-z-klimatem\/18.jpg\"\n\t\t\t\tdata-thumbnail=\"https:\/\/archiwum.swietodrzewa.pl\/wp-content\/gallery\/piknik-z-klimatem\/thumbs\/thumbs_18.jpg\"\n\t\t\t\tdata-image-id=\"704\"\n\t\t\t\tdata-title=\"Jacek Bo\u017cek i Beata Tarnawa z Klubu Gaja\"\n\t\t\t\tdata-description=\"\"\n\t\t\t\tdata-image-slug=\"18-2\"\n\t\t\t\tclass=\"shutterset_fddae1fcd59b9bc616b4914552f989af\">\n\t\t\t\t<img\n\t\t\t\t\ttitle=\"Jacek Bo\u017cek i Beata Tarnawa z Klubu Gaja\"\n\t\t\t\t\talt=\"Jacek Bo\u017cek i Beata Tarnawa z Klubu Gaja\"\n\t\t\t\t\tsrc=\"https:\/\/archiwum.swietodrzewa.pl\/wp-content\/gallery\/piknik-z-klimatem\/thumbs\/thumbs_18.jpg\"\n\t\t\t\t\twidth=\"100\"\n\t\t\t\t\theight=\"75\"\n\t\t\t\t\tstyle=\"max-width:100%;\"\n\t\t\t\t\/>\n\t\t\t<\/a>\n\t\t<\/div>\n\t\t\t\t\t\t\t<\/div> \n\t\t\t\n\t\t\t\t<div id=\"ngg-image-3\" class=\"ngg-gallery-thumbnail-box \n\t\t\t\t\t\t\t\t\t\t\t\" \n\t\t\t>\n\t\t\t\t\t\t<div class=\"ngg-gallery-thumbnail\">\n\t\t\t<a href=\"https:\/\/archiwum.swietodrzewa.pl\/wp-content\/gallery\/piknik-z-klimatem\/pikn9.jpg\"\n\t\t\t\ttitle=\"\"\n\t\t\t\tdata-src=\"https:\/\/archiwum.swietodrzewa.pl\/wp-content\/gallery\/piknik-z-klimatem\/pikn9.jpg\"\n\t\t\t\tdata-thumbnail=\"https:\/\/archiwum.swietodrzewa.pl\/wp-content\/gallery\/piknik-z-klimatem\/thumbs\/thumbs_pikn9.jpg\"\n\t\t\t\tdata-image-id=\"720\"\n\t\t\t\tdata-title=\"Na stoisku Klubu Gaja mo\u017cna by\u0142o zaopatrzy\u0107 si\u0119 w wiele materia\u0142\u00f3w edukacyjnych\"\n\t\t\t\tdata-description=\"\"\n\t\t\t\tdata-image-slug=\"pikn9\"\n\t\t\t\tclass=\"shutterset_fddae1fcd59b9bc616b4914552f989af\">\n\t\t\t\t<img\n\t\t\t\t\ttitle=\"Na stoisku Klubu Gaja mo\u017cna by\u0142o zaopatrzy\u0107 si\u0119 w wiele materia\u0142\u00f3w edukacyjnych\"\n\t\t\t\t\talt=\"Na stoisku Klubu Gaja mo\u017cna by\u0142o zaopatrzy\u0107 si\u0119 w wiele materia\u0142\u00f3w edukacyjnych\"\n\t\t\t\t\tsrc=\"https:\/\/archiwum.swietodrzewa.pl\/wp-content\/gallery\/piknik-z-klimatem\/thumbs\/thumbs_pikn9.jpg\"\n\t\t\t\t\twidth=\"100\"\n\t\t\t\t\theight=\"75\"\n\t\t\t\t\tstyle=\"max-width:100%;\"\n\t\t\t\t\/>\n\t\t\t<\/a>\n\t\t<\/div>\n\t\t\t\t\t\t\t<\/div> \n\t\t\t\n\t\t\t\t<div id=\"ngg-image-4\" class=\"ngg-gallery-thumbnail-box \n\t\t\t\t\t\t\t\t\t\t\t\" \n\t\t\t>\n\t\t\t\t\t\t<div class=\"ngg-gallery-thumbnail\">\n\t\t\t<a href=\"https:\/\/archiwum.swietodrzewa.pl\/wp-content\/gallery\/piknik-z-klimatem\/13.jpg\"\n\t\t\t\ttitle=\"\"\n\t\t\t\tdata-src=\"https:\/\/archiwum.swietodrzewa.pl\/wp-content\/gallery\/piknik-z-klimatem\/13.jpg\"\n\t\t\t\tdata-thumbnail=\"https:\/\/archiwum.swietodrzewa.pl\/wp-content\/gallery\/piknik-z-klimatem\/thumbs\/thumbs_13.jpg\"\n\t\t\t\tdata-image-id=\"705\"\n\t\t\t\tdata-title=\"Na stoisku Klubu Gaja mo\u017cna by\u0142o zaopatrzy\u0107 si\u0119 w wiele materia\u0142\u00f3w edukacyjnych\"\n\t\t\t\tdata-description=\"\"\n\t\t\t\tdata-image-slug=\"13-1\"\n\t\t\t\tclass=\"shutterset_fddae1fcd59b9bc616b4914552f989af\">\n\t\t\t\t<img\n\t\t\t\t\ttitle=\"Na stoisku Klubu Gaja mo\u017cna by\u0142o zaopatrzy\u0107 si\u0119 w wiele materia\u0142\u00f3w edukacyjnych\"\n\t\t\t\t\talt=\"Na stoisku Klubu Gaja mo\u017cna by\u0142o zaopatrzy\u0107 si\u0119 w wiele materia\u0142\u00f3w edukacyjnych\"\n\t\t\t\t\tsrc=\"https:\/\/archiwum.swietodrzewa.pl\/wp-content\/gallery\/piknik-z-klimatem\/thumbs\/thumbs_13.jpg\"\n\t\t\t\t\twidth=\"100\"\n\t\t\t\t\theight=\"75\"\n\t\t\t\t\tstyle=\"max-width:100%;\"\n\t\t\t\t\/>\n\t\t\t<\/a>\n\t\t<\/div>\n\t\t\t\t\t\t\t<\/div> \n\t\t\t\n\t\t\t\t<div id=\"ngg-image-5\" class=\"ngg-gallery-thumbnail-box \n\t\t\t\t\t\t\t\t\t\t\t\" \n\t\t\t>\n\t\t\t\t\t\t<div class=\"ngg-gallery-thumbnail\">\n\t\t\t<a href=\"https:\/\/archiwum.swietodrzewa.pl\/wp-content\/gallery\/piknik-z-klimatem\/20.jpg\"\n\t\t\t\ttitle=\"\"\n\t\t\t\tdata-src=\"https:\/\/archiwum.swietodrzewa.pl\/wp-content\/gallery\/piknik-z-klimatem\/20.jpg\"\n\t\t\t\tdata-thumbnail=\"https:\/\/archiwum.swietodrzewa.pl\/wp-content\/gallery\/piknik-z-klimatem\/thumbs\/thumbs_20.jpg\"\n\t\t\t\tdata-image-id=\"707\"\n\t\t\t\tdata-title=\"O tym jak sadzi\u0107 i piel\u0119gnowa\u0107 m\u0142ode drzewka m\u00f3wi\u0142 Jacek bo\u017cek\"\n\t\t\t\tdata-description=\"\"\n\t\t\t\tdata-image-slug=\"20-2\"\n\t\t\t\tclass=\"shutterset_fddae1fcd59b9bc616b4914552f989af\">\n\t\t\t\t<img\n\t\t\t\t\ttitle=\"O tym jak sadzi\u0107 i piel\u0119gnowa\u0107 m\u0142ode drzewka m\u00f3wi\u0142 Jacek bo\u017cek\"\n\t\t\t\t\talt=\"O tym jak sadzi\u0107 i piel\u0119gnowa\u0107 m\u0142ode drzewka m\u00f3wi\u0142 Jacek bo\u017cek\"\n\t\t\t\t\tsrc=\"https:\/\/archiwum.swietodrzewa.pl\/wp-content\/gallery\/piknik-z-klimatem\/thumbs\/thumbs_20.jpg\"\n\t\t\t\t\twidth=\"100\"\n\t\t\t\t\theight=\"75\"\n\t\t\t\t\tstyle=\"max-width:100%;\"\n\t\t\t\t\/>\n\t\t\t<\/a>\n\t\t<\/div>\n\t\t\t\t\t\t\t<\/div> \n\t\t\t\n\t\t\t\t<div id=\"ngg-image-6\" class=\"ngg-gallery-thumbnail-box \n\t\t\t\t\t\t\t\t\t\t\t\" \n\t\t\t>\n\t\t\t\t\t\t<div class=\"ngg-gallery-thumbnail\">\n\t\t\t<a href=\"https:\/\/archiwum.swietodrzewa.pl\/wp-content\/gallery\/piknik-z-klimatem\/pikn3.jpg\"\n\t\t\t\ttitle=\"\"\n\t\t\t\tdata-src=\"https:\/\/archiwum.swietodrzewa.pl\/wp-content\/gallery\/piknik-z-klimatem\/pikn3.jpg\"\n\t\t\t\tdata-thumbnail=\"https:\/\/archiwum.swietodrzewa.pl\/wp-content\/gallery\/piknik-z-klimatem\/thumbs\/thumbs_pikn3.jpg\"\n\t\t\t\tdata-image-id=\"706\"\n\t\t\t\tdata-title=\"Nasze stoisko cieszy\u0142o si\u0119 duzym zainteresowaniem odwiedzaj\u0105cych.\"\n\t\t\t\tdata-description=\"\"\n\t\t\t\tdata-image-slug=\"pikn3\"\n\t\t\t\tclass=\"shutterset_fddae1fcd59b9bc616b4914552f989af\">\n\t\t\t\t<img\n\t\t\t\t\ttitle=\"Nasze stoisko cieszy\u0142o si\u0119 duzym zainteresowaniem odwiedzaj\u0105cych.\"\n\t\t\t\t\talt=\"Nasze stoisko cieszy\u0142o si\u0119 duzym zainteresowaniem odwiedzaj\u0105cych.\"\n\t\t\t\t\tsrc=\"https:\/\/archiwum.swietodrzewa.pl\/wp-content\/gallery\/piknik-z-klimatem\/thumbs\/thumbs_pikn3.jpg\"\n\t\t\t\t\twidth=\"100\"\n\t\t\t\t\theight=\"75\"\n\t\t\t\t\tstyle=\"max-width:100%;\"\n\t\t\t\t\/>\n\t\t\t<\/a>\n\t\t<\/div>\n\t\t\t\t\t\t\t<\/div> \n\t\t\t\n\t\t\t\t<div id=\"ngg-image-7\" class=\"ngg-gallery-thumbnail-box \n\t\t\t\t\t\t\t\t\t\t\t\" \n\t\t\t>\n\t\t\t\t\t\t<div class=\"ngg-gallery-thumbnail\">\n\t\t\t<a href=\"https:\/\/archiwum.swietodrzewa.pl\/wp-content\/gallery\/piknik-z-klimatem\/02.jpg\"\n\t\t\t\ttitle=\"\"\n\t\t\t\tdata-src=\"https:\/\/archiwum.swietodrzewa.pl\/wp-content\/gallery\/piknik-z-klimatem\/02.jpg\"\n\t\t\t\tdata-thumbnail=\"https:\/\/archiwum.swietodrzewa.pl\/wp-content\/gallery\/piknik-z-klimatem\/thumbs\/thumbs_02.jpg\"\n\t\t\t\tdata-image-id=\"709\"\n\t\t\t\tdata-title=\"&quot;Dizajn z Klimatem&quot; - w\u0142asnor\u0119cznie przygotowywane torby.\"\n\t\t\t\tdata-description=\"\"\n\t\t\t\tdata-image-slug=\"02-1\"\n\t\t\t\tclass=\"shutterset_fddae1fcd59b9bc616b4914552f989af\">\n\t\t\t\t<img\n\t\t\t\t\ttitle=\"&quot;Dizajn z Klimatem&quot; - w\u0142asnor\u0119cznie przygotowywane torby.\"\n\t\t\t\t\talt=\"&quot;Dizajn z Klimatem&quot; - w\u0142asnor\u0119cznie przygotowywane torby.\"\n\t\t\t\t\tsrc=\"https:\/\/archiwum.swietodrzewa.pl\/wp-content\/gallery\/piknik-z-klimatem\/thumbs\/thumbs_02.jpg\"\n\t\t\t\t\twidth=\"100\"\n\t\t\t\t\theight=\"75\"\n\t\t\t\t\tstyle=\"max-width:100%;\"\n\t\t\t\t\/>\n\t\t\t<\/a>\n\t\t<\/div>\n\t\t\t\t\t\t\t<\/div> \n\t\t\t\n\t\t\t\t<div id=\"ngg-image-8\" class=\"ngg-gallery-thumbnail-box \n\t\t\t\t\t\t\t\t\t\t\t\" \n\t\t\t>\n\t\t\t\t\t\t<div class=\"ngg-gallery-thumbnail\">\n\t\t\t<a href=\"https:\/\/archiwum.swietodrzewa.pl\/wp-content\/gallery\/piknik-z-klimatem\/16.jpg\"\n\t\t\t\ttitle=\"\"\n\t\t\t\tdata-src=\"https:\/\/archiwum.swietodrzewa.pl\/wp-content\/gallery\/piknik-z-klimatem\/16.jpg\"\n\t\t\t\tdata-thumbnail=\"https:\/\/archiwum.swietodrzewa.pl\/wp-content\/gallery\/piknik-z-klimatem\/thumbs\/thumbs_16.jpg\"\n\t\t\t\tdata-image-id=\"716\"\n\t\t\t\tdata-title=\"Sadzonka buka do zestawu.\"\n\t\t\t\tdata-description=\"\"\n\t\t\t\tdata-image-slug=\"16-2\"\n\t\t\t\tclass=\"shutterset_fddae1fcd59b9bc616b4914552f989af\">\n\t\t\t\t<img\n\t\t\t\t\ttitle=\"Sadzonka buka do zestawu.\"\n\t\t\t\t\talt=\"Sadzonka buka do zestawu.\"\n\t\t\t\t\tsrc=\"https:\/\/archiwum.swietodrzewa.pl\/wp-content\/gallery\/piknik-z-klimatem\/thumbs\/thumbs_16.jpg\"\n\t\t\t\t\twidth=\"100\"\n\t\t\t\t\theight=\"75\"\n\t\t\t\t\tstyle=\"max-width:100%;\"\n\t\t\t\t\/>\n\t\t\t<\/a>\n\t\t<\/div>\n\t\t\t\t\t\t\t<\/div> \n\t\t\t\n\t\t\t\t<div id=\"ngg-image-9\" class=\"ngg-gallery-thumbnail-box \n\t\t\t\t\t\t\t\t\t\t\t\" \n\t\t\t>\n\t\t\t\t\t\t<div class=\"ngg-gallery-thumbnail\">\n\t\t\t<a href=\"https:\/\/archiwum.swietodrzewa.pl\/wp-content\/gallery\/piknik-z-klimatem\/pikn4.jpg\"\n\t\t\t\ttitle=\"\"\n\t\t\t\tdata-src=\"https:\/\/archiwum.swietodrzewa.pl\/wp-content\/gallery\/piknik-z-klimatem\/pikn4.jpg\"\n\t\t\t\tdata-thumbnail=\"https:\/\/archiwum.swietodrzewa.pl\/wp-content\/gallery\/piknik-z-klimatem\/thumbs\/thumbs_pikn4.jpg\"\n\t\t\t\tdata-image-id=\"708\"\n\t\t\t\tdata-title=\"Rozmowy o klimacie, drzewach i Klubie Gaja :)\"\n\t\t\t\tdata-description=\"\"\n\t\t\t\tdata-image-slug=\"pikn4\"\n\t\t\t\tclass=\"shutterset_fddae1fcd59b9bc616b4914552f989af\">\n\t\t\t\t<img\n\t\t\t\t\ttitle=\"Rozmowy o klimacie, drzewach i Klubie Gaja :)\"\n\t\t\t\t\talt=\"Rozmowy o klimacie, drzewach i Klubie Gaja :)\"\n\t\t\t\t\tsrc=\"https:\/\/archiwum.swietodrzewa.pl\/wp-content\/gallery\/piknik-z-klimatem\/thumbs\/thumbs_pikn4.jpg\"\n\t\t\t\t\twidth=\"100\"\n\t\t\t\t\theight=\"75\"\n\t\t\t\t\tstyle=\"max-width:100%;\"\n\t\t\t\t\/>\n\t\t\t<\/a>\n\t\t<\/div>\n\t\t\t\t\t\t\t<\/div> \n\t\t\t\n\t\t\t\t<div id=\"ngg-image-10\" class=\"ngg-gallery-thumbnail-box \n\t\t\t\t\t\t\t\t\t\t\t\" \n\t\t\t>\n\t\t\t\t\t\t<div class=\"ngg-gallery-thumbnail\">\n\t\t\t<a href=\"https:\/\/archiwum.swietodrzewa.pl\/wp-content\/gallery\/piknik-z-klimatem\/15.jpg\"\n\t\t\t\ttitle=\"\"\n\t\t\t\tdata-src=\"https:\/\/archiwum.swietodrzewa.pl\/wp-content\/gallery\/piknik-z-klimatem\/15.jpg\"\n\t\t\t\tdata-thumbnail=\"https:\/\/archiwum.swietodrzewa.pl\/wp-content\/gallery\/piknik-z-klimatem\/thumbs\/thumbs_15.jpg\"\n\t\t\t\tdata-image-id=\"719\"\n\t\t\t\tdata-title=\"Eko zabawy: &quot;Zielone Miasto&quot; i &quot;LEGO edukacja&quot;\"\n\t\t\t\tdata-description=\"\"\n\t\t\t\tdata-image-slug=\"15-1\"\n\t\t\t\tclass=\"shutterset_fddae1fcd59b9bc616b4914552f989af\">\n\t\t\t\t<img\n\t\t\t\t\ttitle=\"Eko zabawy: &quot;Zielone Miasto&quot; i &quot;LEGO edukacja&quot;\"\n\t\t\t\t\talt=\"Eko zabawy: &quot;Zielone Miasto&quot; i &quot;LEGO edukacja&quot;\"\n\t\t\t\t\tsrc=\"https:\/\/archiwum.swietodrzewa.pl\/wp-content\/gallery\/piknik-z-klimatem\/thumbs\/thumbs_15.jpg\"\n\t\t\t\t\twidth=\"100\"\n\t\t\t\t\theight=\"75\"\n\t\t\t\t\tstyle=\"max-width:100%;\"\n\t\t\t\t\/>\n\t\t\t<\/a>\n\t\t<\/div>\n\t\t\t\t\t\t\t<\/div> \n\t\t\t\n\t\t\t\t<div id=\"ngg-image-11\" class=\"ngg-gallery-thumbnail-box \n\t\t\t\t\t\t\t\t\t\t\t\" \n\t\t\t>\n\t\t\t\t\t\t<div class=\"ngg-gallery-thumbnail\">\n\t\t\t<a href=\"https:\/\/archiwum.swietodrzewa.pl\/wp-content\/gallery\/piknik-z-klimatem\/pikn10.jpg\"\n\t\t\t\ttitle=\"\"\n\t\t\t\tdata-src=\"https:\/\/archiwum.swietodrzewa.pl\/wp-content\/gallery\/piknik-z-klimatem\/pikn10.jpg\"\n\t\t\t\tdata-thumbnail=\"https:\/\/archiwum.swietodrzewa.pl\/wp-content\/gallery\/piknik-z-klimatem\/thumbs\/thumbs_pikn10.jpg\"\n\t\t\t\tdata-image-id=\"710\"\n\t\t\t\tdata-title=\"Budujemy &quot;Zielone miasto&quot;.\"\n\t\t\t\tdata-description=\"\"\n\t\t\t\tdata-image-slug=\"pikn10\"\n\t\t\t\tclass=\"shutterset_fddae1fcd59b9bc616b4914552f989af\">\n\t\t\t\t<img\n\t\t\t\t\ttitle=\"Budujemy &quot;Zielone miasto&quot;.\"\n\t\t\t\t\talt=\"Budujemy &quot;Zielone miasto&quot;.\"\n\t\t\t\t\tsrc=\"https:\/\/archiwum.swietodrzewa.pl\/wp-content\/gallery\/piknik-z-klimatem\/thumbs\/thumbs_pikn10.jpg\"\n\t\t\t\t\twidth=\"100\"\n\t\t\t\t\theight=\"75\"\n\t\t\t\t\tstyle=\"max-width:100%;\"\n\t\t\t\t\/>\n\t\t\t<\/a>\n\t\t<\/div>\n\t\t\t\t\t\t\t<\/div> \n\t\t\t\n\t\t\t\t<div id=\"ngg-image-12\" class=\"ngg-gallery-thumbnail-box \n\t\t\t\t\t\t\t\t\t\t\t\" \n\t\t\t>\n\t\t\t\t\t\t<div class=\"ngg-gallery-thumbnail\">\n\t\t\t<a href=\"https:\/\/archiwum.swietodrzewa.pl\/wp-content\/gallery\/piknik-z-klimatem\/08.jpg\"\n\t\t\t\ttitle=\"\"\n\t\t\t\tdata-src=\"https:\/\/archiwum.swietodrzewa.pl\/wp-content\/gallery\/piknik-z-klimatem\/08.jpg\"\n\t\t\t\tdata-thumbnail=\"https:\/\/archiwum.swietodrzewa.pl\/wp-content\/gallery\/piknik-z-klimatem\/thumbs\/thumbs_08.jpg\"\n\t\t\t\tdata-image-id=\"711\"\n\t\t\t\tdata-title=\"Budujemy &quot;Zielone miasto&quot;.\"\n\t\t\t\tdata-description=\"\"\n\t\t\t\tdata-image-slug=\"08-1\"\n\t\t\t\tclass=\"shutterset_fddae1fcd59b9bc616b4914552f989af\">\n\t\t\t\t<img\n\t\t\t\t\ttitle=\"Budujemy &quot;Zielone miasto&quot;.\"\n\t\t\t\t\talt=\"Budujemy &quot;Zielone miasto&quot;.\"\n\t\t\t\t\tsrc=\"https:\/\/archiwum.swietodrzewa.pl\/wp-content\/gallery\/piknik-z-klimatem\/thumbs\/thumbs_08.jpg\"\n\t\t\t\t\twidth=\"100\"\n\t\t\t\t\theight=\"75\"\n\t\t\t\t\tstyle=\"max-width:100%;\"\n\t\t\t\t\/>\n\t\t\t<\/a>\n\t\t<\/div>\n\t\t\t\t\t\t\t<\/div> \n\t\t\t\n\t\t\t\t<div id=\"ngg-image-13\" class=\"ngg-gallery-thumbnail-box \n\t\t\t\t\t\t\t\t\t\t\t\" \n\t\t\t>\n\t\t\t\t\t\t<div class=\"ngg-gallery-thumbnail\">\n\t\t\t<a href=\"https:\/\/archiwum.swietodrzewa.pl\/wp-content\/gallery\/piknik-z-klimatem\/04.jpg\"\n\t\t\t\ttitle=\"\"\n\t\t\t\tdata-src=\"https:\/\/archiwum.swietodrzewa.pl\/wp-content\/gallery\/piknik-z-klimatem\/04.jpg\"\n\t\t\t\tdata-thumbnail=\"https:\/\/archiwum.swietodrzewa.pl\/wp-content\/gallery\/piknik-z-klimatem\/thumbs\/thumbs_04.jpg\"\n\t\t\t\tdata-image-id=\"715\"\n\t\t\t\tdata-title=\"Budujemy &quot;Zielone miasto&quot;.\"\n\t\t\t\tdata-description=\"\"\n\t\t\t\tdata-image-slug=\"04-1\"\n\t\t\t\tclass=\"shutterset_fddae1fcd59b9bc616b4914552f989af\">\n\t\t\t\t<img\n\t\t\t\t\ttitle=\"Budujemy &quot;Zielone miasto&quot;.\"\n\t\t\t\t\talt=\"Budujemy &quot;Zielone miasto&quot;.\"\n\t\t\t\t\tsrc=\"https:\/\/archiwum.swietodrzewa.pl\/wp-content\/gallery\/piknik-z-klimatem\/thumbs\/thumbs_04.jpg\"\n\t\t\t\t\twidth=\"100\"\n\t\t\t\t\theight=\"75\"\n\t\t\t\t\tstyle=\"max-width:100%;\"\n\t\t\t\t\/>\n\t\t\t<\/a>\n\t\t<\/div>\n\t\t\t\t\t\t\t<\/div> \n\t\t\t\n\t\t\t\t<div id=\"ngg-image-14\" class=\"ngg-gallery-thumbnail-box \n\t\t\t\t\t\t\t\t\t\t\t\" \n\t\t\t>\n\t\t\t\t\t\t<div class=\"ngg-gallery-thumbnail\">\n\t\t\t<a href=\"https:\/\/archiwum.swietodrzewa.pl\/wp-content\/gallery\/piknik-z-klimatem\/09.jpg\"\n\t\t\t\ttitle=\"\"\n\t\t\t\tdata-src=\"https:\/\/archiwum.swietodrzewa.pl\/wp-content\/gallery\/piknik-z-klimatem\/09.jpg\"\n\t\t\t\tdata-thumbnail=\"https:\/\/archiwum.swietodrzewa.pl\/wp-content\/gallery\/piknik-z-klimatem\/thumbs\/thumbs_09.jpg\"\n\t\t\t\tdata-image-id=\"717\"\n\t\t\t\tdata-title=\"Budujemy &quot;Zielone miasto&quot;.\"\n\t\t\t\tdata-description=\"\"\n\t\t\t\tdata-image-slug=\"09-1\"\n\t\t\t\tclass=\"shutterset_fddae1fcd59b9bc616b4914552f989af\">\n\t\t\t\t<img\n\t\t\t\t\ttitle=\"Budujemy &quot;Zielone miasto&quot;.\"\n\t\t\t\t\talt=\"Budujemy &quot;Zielone miasto&quot;.\"\n\t\t\t\t\tsrc=\"https:\/\/archiwum.swietodrzewa.pl\/wp-content\/gallery\/piknik-z-klimatem\/thumbs\/thumbs_09.jpg\"\n\t\t\t\t\twidth=\"100\"\n\t\t\t\t\theight=\"75\"\n\t\t\t\t\tstyle=\"max-width:100%;\"\n\t\t\t\t\/>\n\t\t\t<\/a>\n\t\t<\/div>\n\t\t\t\t\t\t\t<\/div> \n\t\t\t\n\t\t\t\t<div id=\"ngg-image-15\" class=\"ngg-gallery-thumbnail-box \n\t\t\t\t\t\t\t\t\t\t\t\" \n\t\t\t>\n\t\t\t\t\t\t<div class=\"ngg-gallery-thumbnail\">\n\t\t\t<a href=\"https:\/\/archiwum.swietodrzewa.pl\/wp-content\/gallery\/piknik-z-klimatem\/12.jpg\"\n\t\t\t\ttitle=\"\"\n\t\t\t\tdata-src=\"https:\/\/archiwum.swietodrzewa.pl\/wp-content\/gallery\/piknik-z-klimatem\/12.jpg\"\n\t\t\t\tdata-thumbnail=\"https:\/\/archiwum.swietodrzewa.pl\/wp-content\/gallery\/piknik-z-klimatem\/thumbs\/thumbs_12.jpg\"\n\t\t\t\tdata-image-id=\"712\"\n\t\t\t\tdata-title=\"Lego edukacja czyli wiatraki i samochody na energi\u0119 ze s\u0142o\u0144ca i wiatru.\"\n\t\t\t\tdata-description=\"\"\n\t\t\t\tdata-image-slug=\"12-2\"\n\t\t\t\tclass=\"shutterset_fddae1fcd59b9bc616b4914552f989af\">\n\t\t\t\t<img\n\t\t\t\t\ttitle=\"Lego edukacja czyli wiatraki i samochody na energi\u0119 ze s\u0142o\u0144ca i wiatru.\"\n\t\t\t\t\talt=\"Lego edukacja czyli wiatraki i samochody na energi\u0119 ze s\u0142o\u0144ca i wiatru.\"\n\t\t\t\t\tsrc=\"https:\/\/archiwum.swietodrzewa.pl\/wp-content\/gallery\/piknik-z-klimatem\/thumbs\/thumbs_12.jpg\"\n\t\t\t\t\twidth=\"100\"\n\t\t\t\t\theight=\"75\"\n\t\t\t\t\tstyle=\"max-width:100%;\"\n\t\t\t\t\/>\n\t\t\t<\/a>\n\t\t<\/div>\n\t\t\t\t\t\t\t<\/div> \n\t\t\t\n\t\t\t\t<div id=\"ngg-image-16\" class=\"ngg-gallery-thumbnail-box \n\t\t\t\t\t\t\t\t\t\t\t\" \n\t\t\t>\n\t\t\t\t\t\t<div class=\"ngg-gallery-thumbnail\">\n\t\t\t<a href=\"https:\/\/archiwum.swietodrzewa.pl\/wp-content\/gallery\/piknik-z-klimatem\/01.jpg\"\n\t\t\t\ttitle=\"\"\n\t\t\t\tdata-src=\"https:\/\/archiwum.swietodrzewa.pl\/wp-content\/gallery\/piknik-z-klimatem\/01.jpg\"\n\t\t\t\tdata-thumbnail=\"https:\/\/archiwum.swietodrzewa.pl\/wp-content\/gallery\/piknik-z-klimatem\/thumbs\/thumbs_01.jpg\"\n\t\t\t\tdata-image-id=\"689\"\n\t\t\t\tdata-title=\"Samoch\u00f3d z panelem s\u0142onecznym - LEGO edukacja :)\"\n\t\t\t\tdata-description=\"\"\n\t\t\t\tdata-image-slug=\"01\"\n\t\t\t\tclass=\"shutterset_fddae1fcd59b9bc616b4914552f989af\">\n\t\t\t\t<img\n\t\t\t\t\ttitle=\"Samoch\u00f3d z panelem s\u0142onecznym - LEGO edukacja :)\"\n\t\t\t\t\talt=\"Samoch\u00f3d z panelem s\u0142onecznym - LEGO edukacja :)\"\n\t\t\t\t\tsrc=\"https:\/\/archiwum.swietodrzewa.pl\/wp-content\/gallery\/piknik-z-klimatem\/thumbs\/thumbs_01.jpg\"\n\t\t\t\t\twidth=\"100\"\n\t\t\t\t\theight=\"75\"\n\t\t\t\t\tstyle=\"max-width:100%;\"\n\t\t\t\t\/>\n\t\t\t<\/a>\n\t\t<\/div>\n\t\t\t\t\t\t\t<\/div> \n\t\t\t\n\t\t\t\t<div id=\"ngg-image-17\" class=\"ngg-gallery-thumbnail-box \n\t\t\t\t\t\t\t\t\t\t\t\" \n\t\t\t>\n\t\t\t\t\t\t<div class=\"ngg-gallery-thumbnail\">\n\t\t\t<a href=\"https:\/\/archiwum.swietodrzewa.pl\/wp-content\/gallery\/piknik-z-klimatem\/pikn6.jpg\"\n\t\t\t\ttitle=\"\"\n\t\t\t\tdata-src=\"https:\/\/archiwum.swietodrzewa.pl\/wp-content\/gallery\/piknik-z-klimatem\/pikn6.jpg\"\n\t\t\t\tdata-thumbnail=\"https:\/\/archiwum.swietodrzewa.pl\/wp-content\/gallery\/piknik-z-klimatem\/thumbs\/thumbs_pikn6.jpg\"\n\t\t\t\tdata-image-id=\"713\"\n\t\t\t\tdata-title=\"Budujemy wiatrak.\"\n\t\t\t\tdata-description=\"\"\n\t\t\t\tdata-image-slug=\"pikn6\"\n\t\t\t\tclass=\"shutterset_fddae1fcd59b9bc616b4914552f989af\">\n\t\t\t\t<img\n\t\t\t\t\ttitle=\"Budujemy wiatrak.\"\n\t\t\t\t\talt=\"Budujemy wiatrak.\"\n\t\t\t\t\tsrc=\"https:\/\/archiwum.swietodrzewa.pl\/wp-content\/gallery\/piknik-z-klimatem\/thumbs\/thumbs_pikn6.jpg\"\n\t\t\t\t\twidth=\"100\"\n\t\t\t\t\theight=\"75\"\n\t\t\t\t\tstyle=\"max-width:100%;\"\n\t\t\t\t\/>\n\t\t\t<\/a>\n\t\t<\/div>\n\t\t\t\t\t\t\t<\/div> \n\t\t\t\n\t\t\t\t<div id=\"ngg-image-18\" class=\"ngg-gallery-thumbnail-box \n\t\t\t\t\t\t\t\t\t\t\t\" \n\t\t\t>\n\t\t\t\t\t\t<div class=\"ngg-gallery-thumbnail\">\n\t\t\t<a href=\"https:\/\/archiwum.swietodrzewa.pl\/wp-content\/gallery\/piknik-z-klimatem\/21.jpg\"\n\t\t\t\ttitle=\"\"\n\t\t\t\tdata-src=\"https:\/\/archiwum.swietodrzewa.pl\/wp-content\/gallery\/piknik-z-klimatem\/21.jpg\"\n\t\t\t\tdata-thumbnail=\"https:\/\/archiwum.swietodrzewa.pl\/wp-content\/gallery\/piknik-z-klimatem\/thumbs\/thumbs_21.jpg\"\n\t\t\t\tdata-image-id=\"718\"\n\t\t\t\tdata-title=\"LEGO edukacja :)\"\n\t\t\t\tdata-description=\"\"\n\t\t\t\tdata-image-slug=\"21-1\"\n\t\t\t\tclass=\"shutterset_fddae1fcd59b9bc616b4914552f989af\">\n\t\t\t\t<img\n\t\t\t\t\ttitle=\"LEGO edukacja :)\"\n\t\t\t\t\talt=\"LEGO edukacja :)\"\n\t\t\t\t\tsrc=\"https:\/\/archiwum.swietodrzewa.pl\/wp-content\/gallery\/piknik-z-klimatem\/thumbs\/thumbs_21.jpg\"\n\t\t\t\t\twidth=\"100\"\n\t\t\t\t\theight=\"75\"\n\t\t\t\t\tstyle=\"max-width:100%;\"\n\t\t\t\t\/>\n\t\t\t<\/a>\n\t\t<\/div>\n\t\t\t\t\t\t\t<\/div> \n\t\t\t\n\t\t\t\t<div id=\"ngg-image-19\" class=\"ngg-gallery-thumbnail-box \n\t\t\t\t\t\t\t\t\t\t\t\" \n\t\t\t>\n\t\t\t\t\t\t<div class=\"ngg-gallery-thumbnail\">\n\t\t\t<a href=\"https:\/\/archiwum.swietodrzewa.pl\/wp-content\/gallery\/piknik-z-klimatem\/pikn8.jpg\"\n\t\t\t\ttitle=\"\"\n\t\t\t\tdata-src=\"https:\/\/archiwum.swietodrzewa.pl\/wp-content\/gallery\/piknik-z-klimatem\/pikn8.jpg\"\n\t\t\t\tdata-thumbnail=\"https:\/\/archiwum.swietodrzewa.pl\/wp-content\/gallery\/piknik-z-klimatem\/thumbs\/thumbs_pikn8.jpg\"\n\t\t\t\tdata-image-id=\"714\"\n\t\t\t\tdata-title=\"Zamiast benzyny - energia s\u0142oneczna :)\"\n\t\t\t\tdata-description=\"\"\n\t\t\t\tdata-image-slug=\"pikn8\"\n\t\t\t\tclass=\"shutterset_fddae1fcd59b9bc616b4914552f989af\">\n\t\t\t\t<img\n\t\t\t\t\ttitle=\"Zamiast benzyny - energia s\u0142oneczna :)\"\n\t\t\t\t\talt=\"Zamiast benzyny - energia s\u0142oneczna :)\"\n\t\t\t\t\tsrc=\"https:\/\/archiwum.swietodrzewa.pl\/wp-content\/gallery\/piknik-z-klimatem\/thumbs\/thumbs_pikn8.jpg\"\n\t\t\t\t\twidth=\"100\"\n\t\t\t\t\theight=\"75\"\n\t\t\t\t\tstyle=\"max-width:100%;\"\n\t\t\t\t\/>\n\t\t\t<\/a>\n\t\t<\/div>\n\t\t\t\t\t\t\t<\/div> \n\t\t\t\n\t\n\t<br style=\"clear: both\" \/>\n\n\t\n\t\t<!-- Pagination -->\n\t\t<div class='ngg-clear'><\/div>\t<\/div>\n\n<p>Fot. Klub Gaja \/ Joanna \u017babicka<\/p>\n<p>&nbsp;<\/p>\n<p>&nbsp;<\/p>\n<p>&nbsp;<\/p>\n<p>&nbsp;<\/p>\n","protected":false},"excerpt":{"rendered":"<p>Jak co roku w ostatni\u0105 niedziel\u0119 wakacji w Warszawie odby\u0142 si\u0119 Piknik z Klimatem. W wydarzeniu tradycyjnie uczestniczy\u0142 Klub Gaja, prowadz\u0105c interesuj\u0105ce zaj\u0119cia edukacyjne zar\u00f3wno dla starszych jak i m\u0142odszych jego uczestnik\u00f3w oraz promuj\u0105c program \u015awi\u0119to Drzewa.<\/p>\n","protected":false},"author":1,"featured_media":4493,"comment_status":"closed","ping_status":"closed","sticky":false,"template":"","format":"standard","meta":{"ngg_post_thumbnail":0},"categories":[14,17,25,13],"tags":[],"_links":{"self":[{"href":"https:\/\/archiwum.swietodrzewa.pl\/index.php?rest_route=\/wp\/v2\/posts\/4492"}],"collection":[{"href":"https:\/\/archiwum.swietodrzewa.pl\/index.php?rest_route=\/wp\/v2\/posts"}],"about":[{"href":"https:\/\/archiwum.swietodrzewa.pl\/index.php?rest_route=\/wp\/v2\/types\/post"}],"author":[{"embeddable":true,"href":"https:\/\/archiwum.swietodrzewa.pl\/index.php?rest_route=\/wp\/v2\/users\/1"}],"replies":[{"embeddable":true,"href":"https:\/\/archiwum.swietodrzewa.pl\/index.php?rest_route=%2Fwp%2Fv2%2Fcomments&post=4492"}],"version-history":[{"count":17,"href":"https:\/\/archiwum.swietodrzewa.pl\/index.php?rest_route=\/wp\/v2\/posts\/4492\/revisions"}],"predecessor-version":[{"id":4915,"href":"https:\/\/archiwum.swietodrzewa.pl\/index.php?rest_route=\/wp\/v2\/posts\/4492\/revisions\/4915"}],"wp:featuredmedia":[{"embeddable":true,"href":"https:\/\/archiwum.swietodrzewa.pl\/index.php?rest_route=\/wp\/v2\/media\/4493"}],"wp:attachment":[{"href":"https:\/\/archiwum.swietodrzewa.pl\/index.php?rest_route=%2Fwp%2Fv2%2Fmedia&parent=4492"}],"wp:term":[{"taxonomy":"category","embeddable":true,"href":"https:\/\/archiwum.swietodrzewa.pl\/index.php?rest_route=%2Fwp%2Fv2%2Fcategories&post=4492"},{"taxonomy":"post_tag","embeddable":true,"href":"https:\/\/archiwum.swietodrzewa.pl\/index.php?rest_route=%2Fwp%2Fv2%2Ftags&post=4492"}],"curies":[{"name":"wp","href":"https:\/\/api.w.org\/{rel}","templated":true}]}}