{"id":478,"date":"2011-06-25T09:57:32","date_gmt":"2011-06-25T07:57:32","guid":{"rendered":"http:\/\/swietodrzewa.pl\/?p=478"},"modified":"2013-08-08T10:41:18","modified_gmt":"2013-08-08T08:41:18","slug":"wystawa-swieto-drzewa-w-przyszowicach","status":"publish","type":"post","link":"https:\/\/archiwum.swietodrzewa.pl\/?p=478","title":{"rendered":"Wystawa \u015awi\u0119to Drzewa w Przyszowicach"},"content":{"rendered":"<p align=\"justify\"><span>7 czerwca 2011 wystawa \u015awi\u0119to Drzewa zago\u015bci\u0142a w pi\u0119knym pa\u0142acu w Przyszowicach. Otwarcie swym przybyciem u\u015bwietni\u0142y m. in. takie osoby jak cz\u0142onkowie Towarzystwa Mi\u0142o\u015bnik\u00f3w Przyszowic, na czele z Panem Prezesem Andrzejem Biskupem, w\u00f3jt gminy Giera\u0142towice Joachim Bargiel, radny rady powiatu gliwickiego Tomasz Kowol. <\/span><\/p>\n<p align=\"justify\"><span>Wystawie towarzyszy konkurs Drzewo Roku, w kt\u00f3rym udzia\u0142 bierze dorodna lipa Witula, zg\u0142oszona przez Towarzystwo Mi\u0142o\u015bnik\u00f3w Przyszowic, wy\u0142oniona z po\u015br\u00f3d 85 innych zg\u0142oszonych drzew. Nadmieniamy, \u017ce w przyszowickim parku znajduje si\u0119 wiele innych pi\u0119knych drzew na czele z niezwykle du\u017cym grabem.<\/span><\/p>\n","protected":false},"excerpt":{"rendered":"<p>7 czerwca 2011 wystawa \u015awi\u0119to Drzewa zago\u015bci\u0142a w pi\u0119knym pa\u0142acu w Przyszowicach. Otwarcie swym przybyciem u\u015bwietni\u0142y m. in. takie osoby jak cz\u0142onkowie Towarzystwa Mi\u0142o\u015bnik\u00f3w Przyszowic, na czele z Panem Prezesem Andrzejem Biskupem, w\u00f3jt gminy Giera\u0142towice Joachim Bargiel, radny rady powiatu gliwickiego Tomasz Kowol. Wystawie towarzyszy konkurs Drzewo Roku, w kt\u00f3rym udzia\u0142 bierze dorodna lipa Witula, [&hellip;]<\/p>\n","protected":false},"author":1,"featured_media":479,"comment_status":"closed","ping_status":"closed","sticky":false,"template":"","format":"standard","meta":{"ngg_post_thumbnail":0},"categories":[17],"tags":[],"_links":{"self":[{"href":"https:\/\/archiwum.swietodrzewa.pl\/index.php?rest_route=\/wp\/v2\/posts\/478"}],"collection":[{"href":"https:\/\/archiwum.swietodrzewa.pl\/index.php?rest_route=\/wp\/v2\/posts"}],"about":[{"href":"https:\/\/archiwum.swietodrzewa.pl\/index.php?rest_route=\/wp\/v2\/types\/post"}],"author":[{"embeddable":true,"href":"https:\/\/archiwum.swietodrzewa.pl\/index.php?rest_route=\/wp\/v2\/users\/1"}],"replies":[{"embeddable":true,"href":"https:\/\/archiwum.swietodrzewa.pl\/index.php?rest_route=%2Fwp%2Fv2%2Fcomments&post=478"}],"version-history":[{"count":5,"href":"https:\/\/archiwum.swietodrzewa.pl\/index.php?rest_route=\/wp\/v2\/posts\/478\/revisions"}],"predecessor-version":[{"id":2510,"href":"https:\/\/archiwum.swietodrzewa.pl\/index.php?rest_route=\/wp\/v2\/posts\/478\/revisions\/2510"}],"wp:featuredmedia":[{"embeddable":true,"href":"https:\/\/archiwum.swietodrzewa.pl\/index.php?rest_route=\/wp\/v2\/media\/479"}],"wp:attachment":[{"href":"https:\/\/archiwum.swietodrzewa.pl\/index.php?rest_route=%2Fwp%2Fv2%2Fmedia&parent=478"}],"wp:term":[{"taxonomy":"category","embeddable":true,"href":"https:\/\/archiwum.swietodrzewa.pl\/index.php?rest_route=%2Fwp%2Fv2%2Fcategories&post=478"},{"taxonomy":"post_tag","embeddable":true,"href":"https:\/\/archiwum.swietodrzewa.pl\/index.php?rest_route=%2Fwp%2Fv2%2Ftags&post=478"}],"curies":[{"name":"wp","href":"https:\/\/api.w.org\/{rel}","templated":true}]}}