{"id":483,"date":"2011-06-01T10:03:41","date_gmt":"2011-06-01T08:03:41","guid":{"rendered":"http:\/\/swietodrzewa.pl\/?p=483"},"modified":"2013-08-08T10:40:22","modified_gmt":"2013-08-08T08:40:22","slug":"wystawa-swieto-drzewa-w-pszczynie","status":"publish","type":"post","link":"https:\/\/archiwum.swietodrzewa.pl\/?p=483","title":{"rendered":"Wystawa \u015awi\u0119to Drzewa w Pszczynie"},"content":{"rendered":"<p align=\"justify\"><span>Od 16 maja 2011r. wystaw\u0119 \u015awi\u0119to Drzewa mo\u017cna zobaczy\u0107 w Urz\u0119dzie Miasta w Pszczynie. <\/span><\/p>\n<p align=\"justify\"><span>Wernisa\u017c sw\u0105 osob\u0105 u\u015bwietni\u0142 burmistrz miasta Dariusz Skrobol, a o samej wystawie i programie \u015awi\u0119to Drzewa opowiedzia\u0142 prezes Klubu Gaja Jacek Bo\u017cek. <\/span><\/p>\n<p align=\"justify\"><span>Ju\u017c na samo otwarcie t\u0142umnie przyby\u0142a m\u0142odzie\u017c z pszczy\u0144skiego liceum nr 1 im. Boles\u0142awa Chrobrego. Cieszymy si\u0119, ze wystawa wzbudza coraz wi\u0119ksze zainteresowanie, a m\u0142odzie\u017cy \u017cyczymy wytrwa\u0142o\u015bci w pog\u0142\u0119bianiu wiedzy zwi\u0105zanej z ochron\u0105 naszej planety.<\/span><\/p>\n","protected":false},"excerpt":{"rendered":"<p>Od 16 maja 2011r. wystaw\u0119 \u015awi\u0119to Drzewa mo\u017cna zobaczy\u0107 w Urz\u0119dzie Miasta w Pszczynie. Wernisa\u017c sw\u0105 osob\u0105 u\u015bwietni\u0142 burmistrz miasta Dariusz Skrobol, a o samej wystawie i programie \u015awi\u0119to Drzewa opowiedzia\u0142 prezes Klubu Gaja Jacek Bo\u017cek. Ju\u017c na samo otwarcie t\u0142umnie przyby\u0142a m\u0142odzie\u017c z pszczy\u0144skiego liceum nr 1 im. Boles\u0142awa Chrobrego. Cieszymy si\u0119, ze wystawa [&hellip;]<\/p>\n","protected":false},"author":1,"featured_media":1101,"comment_status":"closed","ping_status":"closed","sticky":false,"template":"","format":"standard","meta":{"ngg_post_thumbnail":0},"categories":[17],"tags":[],"_links":{"self":[{"href":"https:\/\/archiwum.swietodrzewa.pl\/index.php?rest_route=\/wp\/v2\/posts\/483"}],"collection":[{"href":"https:\/\/archiwum.swietodrzewa.pl\/index.php?rest_route=\/wp\/v2\/posts"}],"about":[{"href":"https:\/\/archiwum.swietodrzewa.pl\/index.php?rest_route=\/wp\/v2\/types\/post"}],"author":[{"embeddable":true,"href":"https:\/\/archiwum.swietodrzewa.pl\/index.php?rest_route=\/wp\/v2\/users\/1"}],"replies":[{"embeddable":true,"href":"https:\/\/archiwum.swietodrzewa.pl\/index.php?rest_route=%2Fwp%2Fv2%2Fcomments&post=483"}],"version-history":[{"count":7,"href":"https:\/\/archiwum.swietodrzewa.pl\/index.php?rest_route=\/wp\/v2\/posts\/483\/revisions"}],"predecessor-version":[{"id":2509,"href":"https:\/\/archiwum.swietodrzewa.pl\/index.php?rest_route=\/wp\/v2\/posts\/483\/revisions\/2509"}],"wp:featuredmedia":[{"embeddable":true,"href":"https:\/\/archiwum.swietodrzewa.pl\/index.php?rest_route=\/wp\/v2\/media\/1101"}],"wp:attachment":[{"href":"https:\/\/archiwum.swietodrzewa.pl\/index.php?rest_route=%2Fwp%2Fv2%2Fmedia&parent=483"}],"wp:term":[{"taxonomy":"category","embeddable":true,"href":"https:\/\/archiwum.swietodrzewa.pl\/index.php?rest_route=%2Fwp%2Fv2%2Fcategories&post=483"},{"taxonomy":"post_tag","embeddable":true,"href":"https:\/\/archiwum.swietodrzewa.pl\/index.php?rest_route=%2Fwp%2Fv2%2Ftags&post=483"}],"curies":[{"name":"wp","href":"https:\/\/api.w.org\/{rel}","templated":true}]}}