{"id":4961,"date":"2014-10-25T12:08:25","date_gmt":"2014-10-25T10:08:25","guid":{"rendered":"http:\/\/swietodrzewa.pl\/?p=4961"},"modified":"2014-10-25T12:35:09","modified_gmt":"2014-10-25T10:35:09","slug":"drzewa-polskie-i-martwa-kloda","status":"publish","type":"post","link":"https:\/\/archiwum.swietodrzewa.pl\/?p=4961","title":{"rendered":"Drzewa polskie i martwa k\u0142oda"},"content":{"rendered":"<p><strong>Powstanie \u015bcie\u017cki dydaktycznej Aleja Drzew Polskich w centrum Katowic to wielki sukces wsp\u00f3lnej pracy wielu ludzi i instytucji. Pomys\u0142\u00a0 Klubu Gaja<br \/>\ni Uniwersytetu \u015al\u0105skiego z przed kilku lat zmaterializowa\u0142 si\u0119 i zakorzeni\u0142 przed budynkiem<\/strong> <strong>Centrum Informacji Naukowej i Biblioteki Akademickiej.<\/strong><strong> W ramach tej inicjatywy pierwsze drzewo &#8211; klon polny, zosta\u0142o posadzone podczas 10. \u015awi\u0119ta Drzewa Klubu Gaja w 2012 roku.<\/strong>\u00a0T<strong>eraz na \u015bcie\u017cce mo\u017cemy zapozna\u0107 si\u0119 z trzynastoma rodzimymi gatunkami drzew, jak lipa, jesion, grab i .. k\u0142od\u0105 martwego drzewa.<\/strong><!--more--><\/p>\n<p>W pi\u0105tek, 24 pa\u017adziernika, uroczyste otwarcie \u015bcie\u017cki dydaktycznej Aleja Drzew Polskich rozpocz\u0119\u0142o si\u0119 konferencj\u0105 prasow\u0105 z udzia\u0142em dr. hab. Miros\u0142awa Nakoniecznego, dr. hab. Adama Rosta\u0144skiego, dr. hab. Piotra Skuba\u0142y, Gabrieli Lenartowicz &#8211; prezesa Wojew\u00f3dzkiego Funduszu Ochrony \u015arodowiska i Gospodarki Wodnej w Katowicach, Grzegorza Skurczaka &#8211; przedstawiciela Nadle\u015bnictwa Katowice, Ma\u0142gorzaty Przysiewkowskiej &#8211;\u00a0 nauczycielki z Zespo\u0142u Szk\u00f3\u0142 Budowlanych im. K.K Baczy\u0144skiego w Chorzowie oraz Jacka Bo\u017cka z Klubu Gaja Uczestnicy konferencji podkre\u015blali nie tylko estetyczne ale przede wszystkim edukacyjne znaczenie tej inicjatywy.<\/p>\n<p>Partnerzy przedsi\u0119wzi\u0119cia symbolicznie ods\u0142onili tablice edukacyjne, a bior\u0105ca udzia\u0142 w wydarzeniu m\u0142odzie\u017c ze \u015bl\u0105skich i zag\u0142\u0119biowskich szk\u00f3\u0142 udekorowa\u0142a drzewa \u00a0kolorowymi li\u015b\u0107mi<br \/>\nz recyklingu, z przes\u0142aniem nawo\u0142uj\u0105cym do ochrony klimatu &#8211; Ka\u017cdy li\u015b\u0107 poch\u0142ania CO<sub>2<\/sub> i QR kodem do poradnika ekologicznego stylu \u017cycia. Li\u015bcie pojawi\u0142y si\u0119 tak\u017ce tu\u017c przy martwej k\u0142odzie, kt\u00f3ra ma za zadanie u\u015bwiadamia\u0107 nam, \u017ce martwe drzewo jest dwukrotnie \u201ebardziej \u017cywe\u201d. Pozostawione w lesie k\u0142ody s\u0105 miejscem bytowania tysi\u0119cy wzajemnie od siebie zale\u017cnych gatunk\u00f3w owad\u00f3w, sk\u0105poszczet\u00f3w, wij\u00f3w, paj\u0119czak\u00f3w czy \u015blimak\u00f3w. Stanowi\u0105 miejsce schronienia dla wielu zwierz\u0105t le\u015bnych, jak jenoty, kuny, jaszczurki. Dla ptak\u00f3w oraz innych kr\u0119gowc\u00f3w stanowi\u0105 obfit\u0105 baz\u0119 pokarmow\u0105. W kolejnych latach planowane jest przed\u0142u\u017cenie \u015bcie\u017cki dydaktycznej w kampusie Uniwersytetu Ekonomicznego. Wydarzeniu towarzyszy\u0142o stoisko edukacyjne Klubu Gaja, a tak\u017ce debata \u201eW dobrym klimacie\u201d, podczas kt\u00f3rej rozmawiano o wyzwaniach spo\u0142ecznych, gospodarczych i politycznych, kt\u00f3re stoj\u0105 przed Polsk\u0105 i dotycz\u0105 zmian klimatu i ich wp\u0142ywu na nasz \u017cycie.<\/p>\n<p><a href=\"http:\/\/swietodrzewa.pl\/wp-content\/uploads\/2014\/10\/Inauguracja-CINIBA-014.jpg\" target=\"_blank\"><img loading=\"lazy\" class=\"alignleft wp-image-4963 size-medium\" src=\"http:\/\/swietodrzewa.pl\/wp-content\/uploads\/2014\/10\/Inauguracja-CINIBA-014-300x199.jpg\" alt=\"Inauguracja \u015awi\u0119to Drzewa -CINIBA  2014\" width=\"300\" height=\"199\" srcset=\"https:\/\/archiwum.swietodrzewa.pl\/wp-content\/uploads\/2014\/10\/Inauguracja-CINIBA-014-300x199.jpg 300w, https:\/\/archiwum.swietodrzewa.pl\/wp-content\/uploads\/2014\/10\/Inauguracja-CINIBA-014.jpg 1024w\" sizes=\"(max-width: 300px) 100vw, 300px\" \/><\/a>\u00a0<a href=\"http:\/\/swietodrzewa.pl\/wp-content\/uploads\/2014\/10\/Inauguracja-CINIBA-069.jpg\" target=\"_blank\"><img loading=\"lazy\" class=\"alignnone wp-image-4967\" src=\"http:\/\/swietodrzewa.pl\/wp-content\/uploads\/2014\/10\/Inauguracja-CINIBA-069-199x300.jpg\" alt=\"Inauguracja \u015awi\u0119to Drzewa -CINIBA 2014\" width=\"132\" height=\"199\" srcset=\"https:\/\/archiwum.swietodrzewa.pl\/wp-content\/uploads\/2014\/10\/Inauguracja-CINIBA-069-199x300.jpg 199w, https:\/\/archiwum.swietodrzewa.pl\/wp-content\/uploads\/2014\/10\/Inauguracja-CINIBA-069.jpg 680w\" sizes=\"(max-width: 132px) 100vw, 132px\" \/><\/a>\u00a0<a href=\"http:\/\/swietodrzewa.pl\/wp-content\/uploads\/2014\/10\/Inauguracja-CINIBA-076.jpg\" target=\"_blank\"><img loading=\"lazy\" class=\"alignnone wp-image-4969\" src=\"http:\/\/swietodrzewa.pl\/wp-content\/uploads\/2014\/10\/Inauguracja-CINIBA-076-199x300.jpg\" alt=\"Inauguracja \u015awi\u0119to Drzewa  -CINIBA 2014\" width=\"132\" height=\"199\" srcset=\"https:\/\/archiwum.swietodrzewa.pl\/wp-content\/uploads\/2014\/10\/Inauguracja-CINIBA-076-199x300.jpg 199w, https:\/\/archiwum.swietodrzewa.pl\/wp-content\/uploads\/2014\/10\/Inauguracja-CINIBA-076.jpg 680w\" sizes=\"(max-width: 132px) 100vw, 132px\" \/><\/a><a href=\"http:\/\/swietodrzewa.pl\/wp-content\/uploads\/2014\/10\/Inauguracja-CINIBA-051.jpg\" target=\"_blank\"><img loading=\"lazy\" class=\"alignleft wp-image-4964 size-medium\" src=\"http:\/\/swietodrzewa.pl\/wp-content\/uploads\/2014\/10\/Inauguracja-CINIBA-051-300x199.jpg\" alt=\"Inauguracja \u015awi\u0119to Drzewa -CINIBA 2014\" width=\"300\" height=\"199\" srcset=\"https:\/\/archiwum.swietodrzewa.pl\/wp-content\/uploads\/2014\/10\/Inauguracja-CINIBA-051-300x199.jpg 300w, https:\/\/archiwum.swietodrzewa.pl\/wp-content\/uploads\/2014\/10\/Inauguracja-CINIBA-051.jpg 1024w\" sizes=\"(max-width: 300px) 100vw, 300px\" \/><\/a><a href=\"http:\/\/swietodrzewa.pl\/wp-content\/uploads\/2014\/10\/Inauguracja-CINIBA-101.jpg\" target=\"_blank\"><img loading=\"lazy\" class=\"alignnone wp-image-4973\" src=\"http:\/\/swietodrzewa.pl\/wp-content\/uploads\/2014\/10\/Inauguracja-CINIBA-101-300x262.jpg\" alt=\"Inauguracja \u015awi\u0119to Drzewa -CINIBA 2014\" width=\"227\" height=\"199\" srcset=\"https:\/\/archiwum.swietodrzewa.pl\/wp-content\/uploads\/2014\/10\/Inauguracja-CINIBA-101-300x262.jpg 300w, https:\/\/archiwum.swietodrzewa.pl\/wp-content\/uploads\/2014\/10\/Inauguracja-CINIBA-101.jpg 777w\" sizes=\"(max-width: 227px) 100vw, 227px\" \/><\/a><a href=\"http:\/\/swietodrzewa.pl\/wp-content\/uploads\/2014\/10\/Inauguracja-CINIBA-081.jpg\" target=\"_blank\"><img loading=\"lazy\" class=\"alignnone wp-image-4965 size-medium\" src=\"http:\/\/swietodrzewa.pl\/wp-content\/uploads\/2014\/10\/Inauguracja-CINIBA-107-300x199.jpg\" alt=\"Inauguracja \u015awi\u0119to Drzewa 2014 -CINIBA \" width=\"300\" height=\"199\" srcset=\"https:\/\/archiwum.swietodrzewa.pl\/wp-content\/uploads\/2014\/10\/Inauguracja-CINIBA-107-300x199.jpg 300w, https:\/\/archiwum.swietodrzewa.pl\/wp-content\/uploads\/2014\/10\/Inauguracja-CINIBA-107.jpg 1024w\" sizes=\"(max-width: 300px) 100vw, 300px\" \/>\u00a0<img loading=\"lazy\" class=\"alignnone wp-image-4970\" src=\"http:\/\/swietodrzewa.pl\/wp-content\/uploads\/2014\/10\/Inauguracja-CINIBA-081-199x300.jpg\" alt=\"Inauguracja \u015awi\u0119to Drzewa -CINIBA 2014\" width=\"132\" height=\"199\" srcset=\"https:\/\/archiwum.swietodrzewa.pl\/wp-content\/uploads\/2014\/10\/Inauguracja-CINIBA-081-199x300.jpg 199w, https:\/\/archiwum.swietodrzewa.pl\/wp-content\/uploads\/2014\/10\/Inauguracja-CINIBA-081.jpg 680w\" sizes=\"(max-width: 132px) 100vw, 132px\" \/><\/a>\u00a0<a href=\"http:\/\/swietodrzewa.pl\/wp-content\/uploads\/2014\/10\/Inauguracja-CINIBA-1162.jpg\" target=\"_blank\"><img loading=\"lazy\" class=\"alignnone wp-image-4980\" src=\"http:\/\/swietodrzewa.pl\/wp-content\/uploads\/2014\/10\/Inauguracja-CINIBA-1162-199x300.jpg\" alt=\"Inauguracja \u015awi\u0119to Drzewa 2014-CINIBA\" width=\"132\" height=\"199\" srcset=\"https:\/\/archiwum.swietodrzewa.pl\/wp-content\/uploads\/2014\/10\/Inauguracja-CINIBA-1162-199x300.jpg 199w, https:\/\/archiwum.swietodrzewa.pl\/wp-content\/uploads\/2014\/10\/Inauguracja-CINIBA-1162.jpg 680w\" sizes=\"(max-width: 132px) 100vw, 132px\" \/><\/a><\/p>\n<p>Fot. Klub Gaja<\/p>\n<p>&nbsp;<\/p>\n","protected":false},"excerpt":{"rendered":"<p>Powstanie \u015bcie\u017cki dydaktycznej Aleja Drzew Polskich w centrum Katowic to wielki sukces wsp\u00f3lnej pracy wielu ludzi i instytucji. Pomys\u0142\u00a0 Klubu Gaja i Uniwersytetu \u015al\u0105skiego z przed kilku lat zmaterializowa\u0142 si\u0119 i zakorzeni\u0142 przed budynkiem Centrum Informacji Naukowej i Biblioteki Akademickiej. W ramach tej inicjatywy pierwsze drzewo &#8211; klon polny, zosta\u0142o posadzone podczas 10. \u015awi\u0119ta Drzewa [&hellip;]<\/p>\n","protected":false},"author":1,"featured_media":4962,"comment_status":"closed","ping_status":"closed","sticky":false,"template":"","format":"standard","meta":{"ngg_post_thumbnail":0},"categories":[17,13],"tags":[3,5,11,117],"_links":{"self":[{"href":"https:\/\/archiwum.swietodrzewa.pl\/index.php?rest_route=\/wp\/v2\/posts\/4961"}],"collection":[{"href":"https:\/\/archiwum.swietodrzewa.pl\/index.php?rest_route=\/wp\/v2\/posts"}],"about":[{"href":"https:\/\/archiwum.swietodrzewa.pl\/index.php?rest_route=\/wp\/v2\/types\/post"}],"author":[{"embeddable":true,"href":"https:\/\/archiwum.swietodrzewa.pl\/index.php?rest_route=\/wp\/v2\/users\/1"}],"replies":[{"embeddable":true,"href":"https:\/\/archiwum.swietodrzewa.pl\/index.php?rest_route=%2Fwp%2Fv2%2Fcomments&post=4961"}],"version-history":[{"count":17,"href":"https:\/\/archiwum.swietodrzewa.pl\/index.php?rest_route=\/wp\/v2\/posts\/4961\/revisions"}],"predecessor-version":[{"id":4989,"href":"https:\/\/archiwum.swietodrzewa.pl\/index.php?rest_route=\/wp\/v2\/posts\/4961\/revisions\/4989"}],"wp:featuredmedia":[{"embeddable":true,"href":"https:\/\/archiwum.swietodrzewa.pl\/index.php?rest_route=\/wp\/v2\/media\/4962"}],"wp:attachment":[{"href":"https:\/\/archiwum.swietodrzewa.pl\/index.php?rest_route=%2Fwp%2Fv2%2Fmedia&parent=4961"}],"wp:term":[{"taxonomy":"category","embeddable":true,"href":"https:\/\/archiwum.swietodrzewa.pl\/index.php?rest_route=%2Fwp%2Fv2%2Fcategories&post=4961"},{"taxonomy":"post_tag","embeddable":true,"href":"https:\/\/archiwum.swietodrzewa.pl\/index.php?rest_route=%2Fwp%2Fv2%2Ftags&post=4961"}],"curies":[{"name":"wp","href":"https:\/\/api.w.org\/{rel}","templated":true}]}}