{"id":5310,"date":"2015-01-12T15:37:47","date_gmt":"2015-01-12T14:37:47","guid":{"rendered":"http:\/\/swietodrzewa.pl\/?p=5310"},"modified":"2015-01-12T15:42:31","modified_gmt":"2015-01-12T14:42:31","slug":"dab-slowianin-w-bbc","status":"publish","type":"post","link":"https:\/\/archiwum.swietodrzewa.pl\/?p=5310","title":{"rendered":"D\u0105b S\u0142owianin w BBC"},"content":{"rendered":"<p><strong>Drzewa bior\u0105ce udzia\u0142 w konkursie Europejskie Drzewo Roku staj\u0105 si\u0119 coraz bardziej s\u0142awne. Angielska stacja BBC opublikowa\u0142a na swojej stronie internetowej materia\u0142 dotycz\u0105cy kandydat\u00f3w do tytu\u0142u Europejskiego Drzewa Roku. W materiale nie zabrak\u0142o kilku s\u0142\u00f3w na temat polskiego reprezentanta \u2013 d\u0119bu S\u0142owianin z D\u0119biny (woj. dolno\u015bl\u0105skie), kt\u00f3ry zdoby\u0142 tytu\u0142 Drzewa Roku 2014 w konkursie Klubu Gaja. <\/strong><!--more--><\/p>\n<p><a href=\"http:\/\/www.bbc.com\/news\/uk-england-nottinghamshire-30344911\">Materia\u0142 stacji BBC<\/a> prezentuje sylwetki drzew z czternastu kraj\u00f3w, kt\u00f3re uczestnicz\u0105 w europejskim plebiscycie. G\u0142osowanie rozpocznie si\u0119 ju\u017c 1. lutego 2015 roku. Drzewo z najwi\u0119ksz\u0105 liczb\u0105 g\u0142os\u00f3w zdob\u0119dzie tytu\u0142 Europejskiego Drzewa Roku 2015.<\/p>\n<p>W tym roku reprezentantem Polski b\u0119dzie D\u0105b S\u0142owianin z D\u0119biny (woj. dolno\u015bl\u0105skie), kt\u00f3ry b\u0119dzie konkurowa\u0142 z drzewami z 13. kraj\u00f3w europejskich. D\u0105b S\u0142owianin zwyci\u0119\u017cy\u0142 w krajowym konkursie Klubu Gaja Drzewo Roku 2014 zdobywaj\u0105c 5034 g\u0142osy i tym samym zapewni\u0142 sobie udzia\u0142<br \/>\nw europejskim plebiscycie.<\/p>\n<p><em>Polskie drzewa znajdowa\u0142y si\u0119 na podium niejednokrotnie. Mam nadziej\u0119 \u017ce i w tym roku nasz reprezentant zdob\u0119dzie wyr\u00f3\u017cnienie. Sam udzia\u0142 w konkursie to ogromny zaszczyt, a mi\u0142o\u015bnicy \u201eS\u0142owianina\u201d pokazali ogromne zaanga\u017cowanie w krajowym etapie plebiscytu<\/em> \u2013 m\u00f3wi <strong>Jolanta Migda\u0142<\/strong>, koordynatorka konkursu Drzewo Roku w Polsce.<\/p>\n<p>W konkursie Europejskie Drzewo Roku w roku 2014 polski reprezentant \u2013 d\u0105b Wybickiego<br \/>\nz B\u0119domina (woj. pomorskie) \u2013 uplasowa\u0142 si\u0119 na III miejscu, w roku 2013 polski platan z K\u00f3z (woj. \u015bl\u0105skie) zdoby\u0142 II miejsce.<\/p>\n<p>Z polskim d\u0119bem S\u0142owianinem konkurowa\u0107 b\u0119d\u0105: belgijski kasztanowiec zwany Drzewem Gwo\u017adzikowym, bu\u0142garski platan, czeska sosna z Opatowic, Angielski Wielki d\u0105b, d\u0105b z Estonii rosn\u0105cy na boisku pi\u0142karskim, kasztanowiec z Francji, w\u0119gierski Wielki platan, irlandzki cedr, w\u0142oskie drzewo oliwne, szkocka sosna, s\u0142owacka morwa, og\u0142owiona topola z Hiszpanii oraz walijska samotna sosna.<\/p>\n<p><a href=\"http:\/\/swietodrzewa.pl\/wp-content\/uploads\/2014\/11\/dab_slowianin.jpg\" target=\"_blank\"><img loading=\"lazy\" class=\"alignnone wp-image-5042 size-full\" src=\"http:\/\/swietodrzewa.pl\/wp-content\/uploads\/2014\/11\/dab_slowianin.jpg\" alt=\"D\u0105b S\u0142owianin\" width=\"1000\" height=\"750\" srcset=\"https:\/\/archiwum.swietodrzewa.pl\/wp-content\/uploads\/2014\/11\/dab_slowianin.jpg 1000w, https:\/\/archiwum.swietodrzewa.pl\/wp-content\/uploads\/2014\/11\/dab_slowianin-300x225.jpg 300w\" sizes=\"(max-width: 1000px) 100vw, 1000px\" \/><\/a><\/p>\n<p><strong>Fot. Klub Gaja \/ Tomek Piku\u0142a<\/strong><\/p>\n<p>&nbsp;<\/p>\n<p>&nbsp;<\/p>\n","protected":false},"excerpt":{"rendered":"<p>Drzewa bior\u0105ce udzia\u0142 w konkursie Europejskie Drzewo Roku staj\u0105 si\u0119 coraz bardziej s\u0142awne. Angielska stacja BBC opublikowa\u0142a na swojej stronie internetowej materia\u0142 dotycz\u0105cy kandydat\u00f3w do tytu\u0142u Europejskiego Drzewa Roku. W materiale nie zabrak\u0142o kilku s\u0142\u00f3w na temat polskiego reprezentanta \u2013 d\u0119bu S\u0142owianin z D\u0119biny (woj. dolno\u015bl\u0105skie), kt\u00f3ry zdoby\u0142 tytu\u0142 Drzewa Roku 2014 w konkursie Klubu [&hellip;]<\/p>\n","protected":false},"author":1,"featured_media":5311,"comment_status":"closed","ping_status":"closed","sticky":false,"template":"","format":"standard","meta":{"ngg_post_thumbnail":0},"categories":[14,24],"tags":[3,18,49,50,5,51,47],"_links":{"self":[{"href":"https:\/\/archiwum.swietodrzewa.pl\/index.php?rest_route=\/wp\/v2\/posts\/5310"}],"collection":[{"href":"https:\/\/archiwum.swietodrzewa.pl\/index.php?rest_route=\/wp\/v2\/posts"}],"about":[{"href":"https:\/\/archiwum.swietodrzewa.pl\/index.php?rest_route=\/wp\/v2\/types\/post"}],"author":[{"embeddable":true,"href":"https:\/\/archiwum.swietodrzewa.pl\/index.php?rest_route=\/wp\/v2\/users\/1"}],"replies":[{"embeddable":true,"href":"https:\/\/archiwum.swietodrzewa.pl\/index.php?rest_route=%2Fwp%2Fv2%2Fcomments&post=5310"}],"version-history":[{"count":6,"href":"https:\/\/archiwum.swietodrzewa.pl\/index.php?rest_route=\/wp\/v2\/posts\/5310\/revisions"}],"predecessor-version":[{"id":5317,"href":"https:\/\/archiwum.swietodrzewa.pl\/index.php?rest_route=\/wp\/v2\/posts\/5310\/revisions\/5317"}],"wp:featuredmedia":[{"embeddable":true,"href":"https:\/\/archiwum.swietodrzewa.pl\/index.php?rest_route=\/wp\/v2\/media\/5311"}],"wp:attachment":[{"href":"https:\/\/archiwum.swietodrzewa.pl\/index.php?rest_route=%2Fwp%2Fv2%2Fmedia&parent=5310"}],"wp:term":[{"taxonomy":"category","embeddable":true,"href":"https:\/\/archiwum.swietodrzewa.pl\/index.php?rest_route=%2Fwp%2Fv2%2Fcategories&post=5310"},{"taxonomy":"post_tag","embeddable":true,"href":"https:\/\/archiwum.swietodrzewa.pl\/index.php?rest_route=%2Fwp%2Fv2%2Ftags&post=5310"}],"curies":[{"name":"wp","href":"https:\/\/api.w.org\/{rel}","templated":true}]}}