{"id":5318,"date":"2015-01-15T21:46:08","date_gmt":"2015-01-15T20:46:08","guid":{"rendered":"http:\/\/swietodrzewa.pl\/?p=5318"},"modified":"2015-01-19T13:50:23","modified_gmt":"2015-01-19T12:50:23","slug":"warto-sie-cieszyc-z-wolnosci","status":"publish","type":"post","link":"https:\/\/archiwum.swietodrzewa.pl\/?p=5318","title":{"rendered":"WARTO SI\u0118 CIESZY\u0106 Z WOLNO\u015aCI"},"content":{"rendered":"<p><span style=\"font-weight: bold; color: #000000;\">W ubieg\u0142y wtorek (13.01.2014) Jacek Bo\u017cek, szef Klubu Gaja wzi\u0105\u0142 udzia\u0142 w uroczysto\u015bci podsumowuj\u0105cej obchody 25-lecia odzyskania Wolno\u015bci. \u201eRok Wolno\u015bci uda\u0142 si\u0119. I by\u0142 \u017ar\u00f3d\u0142em satysfakcji dla nas wszystkich\u201d \u2013 podkre\u015bla\u0142 Prezydent RP Bronis\u0142aw Komorowski. Klub Gaja zach\u0119ca\u0142 do \u015bwi\u0119towania 25-lecia odzyskania swob\u00f3d obywatelskich poprzez dzia\u0142ania dla przyrody w ramach programu \u015awi\u0119to Drzewa.<\/span><!--more--><\/p>\n<p style=\"color: #000000;\"><em style=\"font-weight: inherit;\"><br \/>\n<a href=\"http:\/\/swietodrzewa.pl\/wp-content\/uploads\/2015\/01\/list-prezydenta-rp.jpg\"><img loading=\"lazy\" class=\"alignright wp-image-5319\" src=\"http:\/\/swietodrzewa.pl\/wp-content\/uploads\/2015\/01\/list-prezydenta-rp-214x300.jpg\" alt=\"List Prezydenta RP Bronis\u0142awa Komorowskiego\" width=\"240\" height=\"336\" srcset=\"https:\/\/archiwum.swietodrzewa.pl\/wp-content\/uploads\/2015\/01\/list-prezydenta-rp-214x300.jpg 214w, https:\/\/archiwum.swietodrzewa.pl\/wp-content\/uploads\/2015\/01\/list-prezydenta-rp-730x1024.jpg 730w, https:\/\/archiwum.swietodrzewa.pl\/wp-content\/uploads\/2015\/01\/list-prezydenta-rp.jpg 1561w\" sizes=\"(max-width: 240px) 100vw, 240px\" \/><\/a>Wsp\u00f3lnym wysi\u0142kiem powinni\u015bmy zadba\u0107, aby nawyk cieszenia si\u0119 wolno\u015bci\u0105 sta\u0142 si\u0119 elementem trwa\u0142ym, \u017ceby\u015bmy ka\u017cdego roku 4 czerwca zechcieli si\u0119 cieszy\u0107 wolno\u015bci\u0105, my\u015ble\u0107 o wolno\u015bci naszej i innych, \u017ceby\u015bmy 4 czerwca potrafili zawsze w sobie umacnia\u0107 przekonanie, \u017ce w dalszym ci\u0105gu jeste\u015bmy za wolno\u015b\u0107 odpowiedzialni<\/em>\u00a0 \u2013 podkre\u015bli\u0142\u00a0<strong style=\"font-style: inherit;\">Bronis\u0142aw Komorowski<\/strong>\u00a0podczas wtorkowej uroczysto\u015bci.<\/p>\n<p style=\"color: #000000;\">Klub Gaja celebrowa\u0142 25-lecie odzyskania Wolno\u015bci podczas inauguracji programu \u015awi\u0119to Drzewa. W Warszawie, Katowicach oraz Bielsku-Bia\u0142ej odby\u0142y si\u0119 wydarzenia po\u0142\u0105czone z sadzeniem drzew, kt\u00f3rym nadano imiona Drzew Wolno\u015bci. W Warszawie stan\u0119\u0142a tak\u017ce instalacja artystyczna Klubu Gaja i Waldemara Rudyka\u00a0<a style=\"font-weight: inherit; font-style: inherit; color: #902e01;\" href=\"http:\/\/swietodrzewa.pl\/?page_id=4932\" target=\"_blank\"><strong style=\"font-style: inherit;\">Drzewo Wolno\u015bci<\/strong><\/a>, na kt\u00f3rej ka\u017cdy m\u00f3g\u0142 zawiesi\u0107 bia\u0142y lub czerwony li\u015b\u0107 z w\u0142asnymi refleksjami. Ponadto Klub Gaja zach\u0119ca\u0142 aby w tegorocznej edycji programu edukacji ekologicznej \u015awi\u0119to Drzewa, zasadzonym przez uczestnik\u00f3w drzewom nadawa\u0107 imiona Drzew Wolno\u015bci. Lokalne obchody wydarzenie \u015awi\u0119to Drzewa-Drzewo Wolno\u015bci zadeklarowa\u0142o i popar\u0142o sprawozdaniami ponad 180 szk\u00f3\u0142, instytucji, organizacji oraz os\u00f3b prywatnych.<\/p>\n<p style=\"color: #000000;\"><em style=\"font-weight: inherit;\">To ogromy zaszczyt uczestniczy\u0107 w tak donios\u0142ym wydarzeniu, szczeg\u00f3lnie \u017ce w ten spos\u00f3b zosta\u0142y docenione dzia\u0142ania Klubu Gaja. Wydarzenie artystyczne Drzewo Wolno\u015bci w Warszawie, kt\u00f3re zainicjowali\u015bmy, spotka\u0142o si\u0119 z bardzo pozytywnym odbiorem. Wypisywaniu refleksji na bia\u0142o-czerwonych li\u015bciach towarzyszy\u0142y ogromne emocje, nie tylko w\u015br\u00f3d Polak\u00f3w i Polek ale tak\u017ce w\u015br\u00f3d obcokrajowc\u00f3w. Wolno\u015b\u0107 jest dla ka\u017cdego warto\u015bci\u0105 nadrz\u0119dn\u0105<\/em>\u00a0\u2013 m\u00f3wi\u00a0<strong style=\"font-style: inherit;\">Jacek Bo\u017cek<\/strong>\u00a0za\u0142o\u017cyciel i lider Klubu Gaja.<\/p>\n<p style=\"color: #000000;\">W Polsce w ramach obchod\u00f3w odby\u0142o si\u0119 oko\u0142o 400, a na ca\u0142ym \u015bwiecie oko\u0142o 200, r\u00f3\u017cnorodnych wydarze\u0144, okoliczno\u015bciowych imprez, konferencji, wystaw i innych inicjatyw. W zorganizowane z inicjatywy Prezydenta RP obchody 25-lecia Wolno\u015bci promuj\u0105ce sukces polskiej transformacji w\u0142\u0105czy\u0142y si\u0119 spo\u0142eczno\u015bci lokalne, organizacje pozarz\u0105dowe, samorz\u0105dy, instytucje publiczne, a tak\u017ce \u015brodowiska polonijne, ambasady, konsulaty i Instytuty Polskie na ca\u0142ym \u015bwiecie.<\/p>\n","protected":false},"excerpt":{"rendered":"<p>W ubieg\u0142y wtorek (13.01.2014) Jacek Bo\u017cek, szef Klubu Gaja wzi\u0105\u0142 udzia\u0142 w uroczysto\u015bci podsumowuj\u0105cej obchody 25-lecia odzyskania Wolno\u015bci. \u201eRok Wolno\u015bci uda\u0142 si\u0119. I by\u0142 \u017ar\u00f3d\u0142em satysfakcji dla nas wszystkich\u201d \u2013 podkre\u015bla\u0142 Prezydent RP Bronis\u0142aw Komorowski. Klub Gaja zach\u0119ca\u0142 do \u015bwi\u0119towania 25-lecia odzyskania swob\u00f3d obywatelskich poprzez dzia\u0142ania dla przyrody w ramach programu \u015awi\u0119to Drzewa.<\/p>\n","protected":false},"author":1,"featured_media":5322,"comment_status":"closed","ping_status":"closed","sticky":false,"template":"","format":"standard","meta":{"ngg_post_thumbnail":0},"categories":[14,17,13],"tags":[5,47,11,117],"_links":{"self":[{"href":"https:\/\/archiwum.swietodrzewa.pl\/index.php?rest_route=\/wp\/v2\/posts\/5318"}],"collection":[{"href":"https:\/\/archiwum.swietodrzewa.pl\/index.php?rest_route=\/wp\/v2\/posts"}],"about":[{"href":"https:\/\/archiwum.swietodrzewa.pl\/index.php?rest_route=\/wp\/v2\/types\/post"}],"author":[{"embeddable":true,"href":"https:\/\/archiwum.swietodrzewa.pl\/index.php?rest_route=\/wp\/v2\/users\/1"}],"replies":[{"embeddable":true,"href":"https:\/\/archiwum.swietodrzewa.pl\/index.php?rest_route=%2Fwp%2Fv2%2Fcomments&post=5318"}],"version-history":[{"count":2,"href":"https:\/\/archiwum.swietodrzewa.pl\/index.php?rest_route=\/wp\/v2\/posts\/5318\/revisions"}],"predecessor-version":[{"id":5321,"href":"https:\/\/archiwum.swietodrzewa.pl\/index.php?rest_route=\/wp\/v2\/posts\/5318\/revisions\/5321"}],"wp:featuredmedia":[{"embeddable":true,"href":"https:\/\/archiwum.swietodrzewa.pl\/index.php?rest_route=\/wp\/v2\/media\/5322"}],"wp:attachment":[{"href":"https:\/\/archiwum.swietodrzewa.pl\/index.php?rest_route=%2Fwp%2Fv2%2Fmedia&parent=5318"}],"wp:term":[{"taxonomy":"category","embeddable":true,"href":"https:\/\/archiwum.swietodrzewa.pl\/index.php?rest_route=%2Fwp%2Fv2%2Fcategories&post=5318"},{"taxonomy":"post_tag","embeddable":true,"href":"https:\/\/archiwum.swietodrzewa.pl\/index.php?rest_route=%2Fwp%2Fv2%2Ftags&post=5318"}],"curies":[{"name":"wp","href":"https:\/\/api.w.org\/{rel}","templated":true}]}}