{"id":5358,"date":"2015-02-02T15:53:52","date_gmt":"2015-02-02T14:53:52","guid":{"rendered":"http:\/\/swietodrzewa.pl\/?p=5358"},"modified":"2015-02-02T15:57:34","modified_gmt":"2015-02-02T14:57:34","slug":"zaglosuj-na-polski-dab","status":"publish","type":"post","link":"https:\/\/archiwum.swietodrzewa.pl\/?p=5358","title":{"rendered":"Zag\u0142osuj na polski d\u0105b!"},"content":{"rendered":"<p><strong>Od niedzieli mo\u017cna ju\u017c oddawa\u0107 g\u0142osy na d\u0105b S\u0142owianin<br \/>\nw mi\u0119dzynarodowym konkursie Europejskie Drzewo Roku.<\/strong> <strong>Polskim kandydatem do tego zaszczytnego tytu\u0142u jest d\u0105b S\u0142owianin z D\u0119biny (woj. dolno\u015bl\u0105skie), kt\u00f3ry zwyci\u0119\u017cy\u0142 w krajowym konkursie Klubu Gaja Drzewo Roku 2014. Serdecznie zach\u0119camy do wsparcia polskiego kandydata!<\/strong><!--more--><\/p>\n<p><strong>G\u0142osy na polski d\u0105b mo\u017cna oddawa\u0107 na stronie <a href=\"http:\/\/www.treeoftheyear.org\/Letosni-rocnik\/Dub-Slovan.aspx\" target=\"_blank\">http:\/\/www.treeoftheyear.org\/<\/a> lub poprzez stron\u0119 <a href=\"http:\/\/www.swietodrzewa.pl\/\" target=\"_blank\">www.swietodrzewa.pl<\/a>. <\/strong>Mimo, i\u017c g\u0142osowanie rozpocz\u0119\u0142o si\u0119 wczoraj na stronie odnotowano ju\u017c ponad 10 tysi\u0119cy g\u0142os\u00f3w. Na razie na pierwszym miejscu plasuje si\u0119 D\u0105b z Estonii, kt\u00f3ry ro\u015bnie na boisku pi\u0142karskim, z prawie 4. tysi\u0105cami g\u0142os\u00f3w, nast\u0119pnie Wielki platan z W\u0119gier z prawie 1700 g\u0142os\u00f3w, topola z Hiszpanii z ponad 1000 g\u0142os\u00f3w. Na czwartym miejscu \u2013 d\u0105b S\u0142owianin z prawie tysi\u0105cem g\u0142os\u00f3w. Zapraszamy wszystkich do g\u0142osowania. Wsp\u00f3lnie sprawmy aby polski kandydat wygra\u0142 europejski plebiscyt!<a href=\"http:\/\/swietodrzewa.pl\/wp-content\/uploads\/2015\/02\/DS.jpg\"><img loading=\"lazy\" class=\"alignright size-medium wp-image-5360\" src=\"http:\/\/swietodrzewa.pl\/wp-content\/uploads\/2015\/02\/DS-300x194.jpg\" alt=\"Uroczyste rozpocz\u0119cie g\u0142osowania na Europejskie Drzewo Roku  pod polskim kandydatem\" width=\"300\" height=\"194\" srcset=\"https:\/\/archiwum.swietodrzewa.pl\/wp-content\/uploads\/2015\/02\/DS-300x194.jpg 300w, https:\/\/archiwum.swietodrzewa.pl\/wp-content\/uploads\/2015\/02\/DS.jpg 1024w\" sizes=\"(max-width: 300px) 100vw, 300px\" \/><\/a><\/p>\n<p>Sam S\u0142owianin, w zwi\u0105zku z udzia\u0142em<br \/>\nw presti\u017cowym konkursie, staje si\u0119 celebryt\u0105. Wczoraj d\u0105b odwiedzi\u0142a reporterka telewizji TVP Wroc\u0142aw, aby nagra\u0107 materia\u0142 dotycz\u0105cy drzewa i konkursu. W wydarzeniu tym uczestniczyli: rowerzy\u015bci z grupy Rowerem przez Jelcz, mieszka\u0144cy miejscowo\u015bci, reprezentacja Ko\u0142a Gospody\u0144 Wiejskich, stra\u017cacy ochotnicy z OSP D\u0119bina, Strzeleckie Bractwo Kurkowe Grodu Jelcz-Laskowice, reprezentowane przez Dru\u017cyn\u0119 Braci ze sztandarem organizacyjnym oraz armat\u0105,<br \/>\nz kt\u00f3rej zosta\u0142 oddany strza\u0142 honorowy.<\/p>\n<p>W przysz\u0142ym tygodniu S\u0142owianina odwiedzi Tree Hunter i reporter pracuj\u0105cy miedzy innymi dla stacji BBC &#8211; Rob McBride oraz przedstawiciele Klubu Gaja.<\/p>\n<p><a href=\"http:\/\/jelcz-laskowice.grzanka.pl\/treeoftheyear\/\" target=\"_blank\">Zobacz zdj\u0119cia z uroczysto\u015bci &gt;&gt;&gt;<\/a><\/p>\n<p><strong>Fot. Wojciech Grzanka<\/strong><\/p>\n","protected":false},"excerpt":{"rendered":"<p>Od niedzieli mo\u017cna ju\u017c oddawa\u0107 g\u0142osy na d\u0105b S\u0142owianin w mi\u0119dzynarodowym konkursie Europejskie Drzewo Roku. Polskim kandydatem do tego zaszczytnego tytu\u0142u jest d\u0105b S\u0142owianin z D\u0119biny (woj. dolno\u015bl\u0105skie), kt\u00f3ry zwyci\u0119\u017cy\u0142 w krajowym konkursie Klubu Gaja Drzewo Roku 2014. Serdecznie zach\u0119camy do wsparcia polskiego kandydata!<\/p>\n","protected":false},"author":1,"featured_media":5359,"comment_status":"closed","ping_status":"closed","sticky":false,"template":"","format":"standard","meta":{"ngg_post_thumbnail":0},"categories":[24,20,16,13],"tags":[3,18,49,50,5,39,51,47],"_links":{"self":[{"href":"https:\/\/archiwum.swietodrzewa.pl\/index.php?rest_route=\/wp\/v2\/posts\/5358"}],"collection":[{"href":"https:\/\/archiwum.swietodrzewa.pl\/index.php?rest_route=\/wp\/v2\/posts"}],"about":[{"href":"https:\/\/archiwum.swietodrzewa.pl\/index.php?rest_route=\/wp\/v2\/types\/post"}],"author":[{"embeddable":true,"href":"https:\/\/archiwum.swietodrzewa.pl\/index.php?rest_route=\/wp\/v2\/users\/1"}],"replies":[{"embeddable":true,"href":"https:\/\/archiwum.swietodrzewa.pl\/index.php?rest_route=%2Fwp%2Fv2%2Fcomments&post=5358"}],"version-history":[{"count":5,"href":"https:\/\/archiwum.swietodrzewa.pl\/index.php?rest_route=\/wp\/v2\/posts\/5358\/revisions"}],"predecessor-version":[{"id":5365,"href":"https:\/\/archiwum.swietodrzewa.pl\/index.php?rest_route=\/wp\/v2\/posts\/5358\/revisions\/5365"}],"wp:featuredmedia":[{"embeddable":true,"href":"https:\/\/archiwum.swietodrzewa.pl\/index.php?rest_route=\/wp\/v2\/media\/5359"}],"wp:attachment":[{"href":"https:\/\/archiwum.swietodrzewa.pl\/index.php?rest_route=%2Fwp%2Fv2%2Fmedia&parent=5358"}],"wp:term":[{"taxonomy":"category","embeddable":true,"href":"https:\/\/archiwum.swietodrzewa.pl\/index.php?rest_route=%2Fwp%2Fv2%2Fcategories&post=5358"},{"taxonomy":"post_tag","embeddable":true,"href":"https:\/\/archiwum.swietodrzewa.pl\/index.php?rest_route=%2Fwp%2Fv2%2Ftags&post=5358"}],"curies":[{"name":"wp","href":"https:\/\/api.w.org\/{rel}","templated":true}]}}