{"id":5424,"date":"2015-02-04T21:22:36","date_gmt":"2015-02-04T20:22:36","guid":{"rendered":"http:\/\/swietodrzewa.pl\/?p=5424"},"modified":"2015-02-06T16:00:03","modified_gmt":"2015-02-06T15:00:03","slug":"tree-hunter-na-tropie-slowianina","status":"publish","type":"post","link":"https:\/\/archiwum.swietodrzewa.pl\/?p=5424","title":{"rendered":"Tree Hunter na tropie S\u0142owianina\u2026"},"content":{"rendered":"<p><strong>Klub Gaja zaprasza na spotkanie z Tree Hunterem, pasjonatem drzew<br \/>\ni reporterem wsp\u00f3\u0142pracuj\u0105cym mi\u0119dzy innymi ze stacj\u0105 BBC \u2013 Robem McBride, kt\u00f3re odb\u0119dzie si\u0119 9. lutego, o godz. 9.00 pod d\u0119bem S\u0142owianin we wsi D\u0119bina (gm. Jelcz-Laskowice, woj. dolno\u015bl\u0105skie). S\u0142owianin walczy o tytu\u0142 Europejskiego Drzewo Roku 2015. <\/strong><!--more--><\/p>\n<p>Rob McBride to znany Tree Hunter z Wielkiej Brytanii. Od 10 lat tropi niezwyk\u0142e drzewa z Europy i spotyka si\u0119 z nimi \u201etwarz\u0105 w pie\u0144\u201d. Poznaj\u0105c ich historie, walory przyrodnicze oraz spo\u0142eczne, popularyzuje postawy szacunku wobec tych niemych \u015bwiadk\u00f3w historii.<a href=\"http:\/\/swietodrzewa.pl\/wp-content\/uploads\/2014\/11\/dab_slowianin.jpg\" target=\"_blank\"><img loading=\"lazy\" class=\"alignright wp-image-5042 size-medium\" src=\"http:\/\/swietodrzewa.pl\/wp-content\/uploads\/2014\/11\/dab_slowianin-300x225.jpg\" alt=\"D\u0105b S\u0142owianin\" width=\"300\" height=\"225\" srcset=\"https:\/\/archiwum.swietodrzewa.pl\/wp-content\/uploads\/2014\/11\/dab_slowianin-300x225.jpg 300w, https:\/\/archiwum.swietodrzewa.pl\/wp-content\/uploads\/2014\/11\/dab_slowianin.jpg 1000w\" sizes=\"(max-width: 300px) 100vw, 300px\" \/><\/a><\/p>\n<p>Przez ca\u0142y luty, kiedy to odbywa si\u0119 g\u0142osowanie na Europejskie Drzewo Roku 2015, Rob McBride odwiedza 14 drzew ubiegaj\u0105cych si\u0119 o ten zaszczytny tytu\u0142. 450 \u2013 letni d\u0105b S\u0142owianin z D\u0119biny, zwyci\u0119\u017cy\u0142<br \/>\nw konkursie Drzewo Roku 2014 Klubu Gaja, zapewniaj\u0105c sobie tym samym, udzia\u0142<br \/>\nw konkursie Europejskie Drzewo Roku 2015.<\/p>\n<p><strong>G\u0142osy na polski d\u0105b S\u0142owianin mo\u017cna oddawa\u0107 do ko\u0144ca lutego na stronie <a href=\"http:\/\/www.treeoftheyear.org\/Letosni-rocnik\/Dub-Slovan.aspx\" target=\"_blank\">http:\/\/www.treeoftheyear.org\/<\/a> lub poprzez stron\u0119 <a href=\"http:\/\/www.swietodrzewa.pl\/\" target=\"_blank\">www.swietodrzewa.pl<\/a>.<\/strong><\/p>\n<p><em>Zach\u0119cam wszystkich gor\u0105co do g\u0142osowania na &#8222;S\u0142owianina&#8221;. Niech wskazanie na stary \u015bl\u0105ski d\u0105b b\u0119dzie znakiem naszych uczuciowych zwi\u0105zk\u00f3w z ziemi\u0105, z kt\u00f3rej wyr\u00f3s\u0142, i z krajobrazem, kt\u00f3ry jest tak pi\u0119knie przez niego od wiek\u00f3w wzbogacany<\/em> \u2013 apeluje <strong>profesor Jan Miodek<\/strong>, polski j\u0119zykoznawca i popularyzator wiedzy o j\u0119zyku polskim oraz ambasador konkursu Drzewo Roku Klubu Gaja.<\/p>\n<p><strong><a href=\"http:\/\/swietodrzewa.pl\/?page_id=5385\" target=\"_blank\">Wi\u0119cej informacji na temat S\u0142owianina &gt;&gt;&gt;<\/a><\/strong><\/p>\n<p><strong>Fot. Klub Gaja\/Tomek Piku\u0142a<\/strong><\/p>\n","protected":false},"excerpt":{"rendered":"<p>Klub Gaja zaprasza na spotkanie z Tree Hunterem, pasjonatem drzew i reporterem wsp\u00f3\u0142pracuj\u0105cym mi\u0119dzy innymi ze stacj\u0105 BBC \u2013 Robem McBride, kt\u00f3re odb\u0119dzie si\u0119 9. lutego, o godz. 9.00 pod d\u0119bem S\u0142owianin we wsi D\u0119bina (gm. Jelcz-Laskowice, woj. dolno\u015bl\u0105skie). S\u0142owianin walczy o tytu\u0142 Europejskiego Drzewo Roku 2015.<\/p>\n","protected":false},"author":1,"featured_media":5425,"comment_status":"closed","ping_status":"closed","sticky":false,"template":"","format":"standard","meta":{"ngg_post_thumbnail":0},"categories":[24,16,17,13],"tags":[3,18,49,50,5,39,51,47,117],"_links":{"self":[{"href":"https:\/\/archiwum.swietodrzewa.pl\/index.php?rest_route=\/wp\/v2\/posts\/5424"}],"collection":[{"href":"https:\/\/archiwum.swietodrzewa.pl\/index.php?rest_route=\/wp\/v2\/posts"}],"about":[{"href":"https:\/\/archiwum.swietodrzewa.pl\/index.php?rest_route=\/wp\/v2\/types\/post"}],"author":[{"embeddable":true,"href":"https:\/\/archiwum.swietodrzewa.pl\/index.php?rest_route=\/wp\/v2\/users\/1"}],"replies":[{"embeddable":true,"href":"https:\/\/archiwum.swietodrzewa.pl\/index.php?rest_route=%2Fwp%2Fv2%2Fcomments&post=5424"}],"version-history":[{"count":7,"href":"https:\/\/archiwum.swietodrzewa.pl\/index.php?rest_route=\/wp\/v2\/posts\/5424\/revisions"}],"predecessor-version":[{"id":5452,"href":"https:\/\/archiwum.swietodrzewa.pl\/index.php?rest_route=\/wp\/v2\/posts\/5424\/revisions\/5452"}],"wp:featuredmedia":[{"embeddable":true,"href":"https:\/\/archiwum.swietodrzewa.pl\/index.php?rest_route=\/wp\/v2\/media\/5425"}],"wp:attachment":[{"href":"https:\/\/archiwum.swietodrzewa.pl\/index.php?rest_route=%2Fwp%2Fv2%2Fmedia&parent=5424"}],"wp:term":[{"taxonomy":"category","embeddable":true,"href":"https:\/\/archiwum.swietodrzewa.pl\/index.php?rest_route=%2Fwp%2Fv2%2Fcategories&post=5424"},{"taxonomy":"post_tag","embeddable":true,"href":"https:\/\/archiwum.swietodrzewa.pl\/index.php?rest_route=%2Fwp%2Fv2%2Ftags&post=5424"}],"curies":[{"name":"wp","href":"https:\/\/api.w.org\/{rel}","templated":true}]}}