{"id":5922,"date":"2015-04-22T14:34:49","date_gmt":"2015-04-22T12:34:49","guid":{"rendered":"http:\/\/swietodrzewa.pl\/?p=5922"},"modified":"2015-04-23T16:00:49","modified_gmt":"2015-04-23T14:00:49","slug":"z-energia-zmienmy-zrodla-dzien-ziemi-2015","status":"publish","type":"post","link":"https:\/\/archiwum.swietodrzewa.pl\/?p=5922","title":{"rendered":"Z energi\u0105 zmie\u0144my \u017ar\u00f3d\u0142a \u2013 Dzie\u0144 Ziemi 2015"},"content":{"rendered":"<p><strong>Tegoroczne obchody Dnia Ziemi \u2013 najwi\u0119kszego ekologicznego \u015bwi\u0119ta &#8211; po\u015bwi\u0119cone b\u0119d\u0105 promocji odnawialnych \u017ar\u00f3de\u0142 energii i efektywno\u015bci energetycznej. Dzie\u0144 Ziemi 2015 obchodzony b\u0119dzie pod has\u0142em \u201eZ energi\u0105 zmie\u0144my \u017ar\u00f3d\u0142a\u201d. Klub Gaja zaprasza wszystkich zainteresowanych ekologi\u0105, odnawialnymi \u017ar\u00f3d\u0142ami energii oraz przeciwdzia\u0142aniem zmianom klimatu na obchody \u015awiatowego Dnia Ziemi 26 kwietnia<\/strong> <strong>w godz. 10.00 \u2013 18.00 na Pole Mokotowskie w Warszawie.<\/strong><!--more--><\/p>\n<p><img loading=\"lazy\" class=\"alignright wp-image-5923 size-medium\" title=\"Dzie\u0144 Ziemi 2015\" src=\"http:\/\/swietodrzewa.pl\/wp-content\/uploads\/2015\/04\/plakat_2015-210x300.jpg\" alt=\"Dzie\u0144 Ziemi 2015\" width=\"210\" height=\"300\" srcset=\"https:\/\/archiwum.swietodrzewa.pl\/wp-content\/uploads\/2015\/04\/plakat_2015-210x300.jpg 210w, https:\/\/archiwum.swietodrzewa.pl\/wp-content\/uploads\/2015\/04\/plakat_2015.jpg 630w\" sizes=\"(max-width: 210px) 100vw, 210px\" \/>Klub Gaja b\u0119dzie mo\u017cna znale\u017a\u0107 w sektorze \u201eWsp\u00f3\u0142pracy spo\u0142ecznej\u201d, gdzie w ramach programu \u015awi\u0119to Drzewa, prowadzone b\u0119d\u0105 warsztaty ekologiczno \u2013 edukacyjne. Podczas zaj\u0119\u0107 \u201eS\u0142o\u0144ce na TAK\u201d, dzieci b\u0119d\u0105 samodzielnie sk\u0142ada\u0107 z klock\u00f3w LEGO zabawk\u0119, nap\u0119dzana energi\u0105 s\u0142oneczn\u0105 lub wiatrow\u0105. M\u0142odsi uczestnicy b\u0119d\u0105 mogli r\u00f3wnie\u017c zaprojektowa\u0107 i u\u0142o\u017cy\u0107 z klock\u00f3w LEGO makiet\u0119 Zielonego Miasta \u2013 ekologicznego i przyjaznego: domy z zielonymi dachami i \u015bcianami, parki oraz transport publiczny.<\/p>\n<p>Kolejn\u0105 atrakcj\u0105 przygotowan\u0105 przez Klub Gaja b\u0119dzie happening \u201eDizajn z klimatem\u201d. Uczestnicy b\u0119d\u0105 mogli w\u0142asnor\u0119cznie wykona\u0107 na torbie bawe\u0142nianej lub przyniesionej przez siebie koszulce lub dizajnerski nadruk metoda stensil. Akcja ta uczy wt\u00f3rnego wykorzystania rzeczy i dawania im \u201edrugiego \u017cycia\u201d \u2013 stara, nudna koszulka nabiera wyrazu po samodzielnym nadrukowaniu ciekawego logo.<\/p>\n<p>Podczas Dnia Ziemi na uczestnik\u00f3w czekaj\u0105 tak\u017ce inne atrakcje np. stoisko Las\u00f3w Pa\u0144stwowych, na kt\u00f3rym b\u0119dzie mo\u017cna, pozna\u0107 zasady zachowania si\u0119 w lesie, nauczy\u0107 si\u0119 jak racjonalnie korzysta\u0107 z lasu; ekologiczne warsztaty edukacyjne i artystyczne o klimacie Kraina Ma\u0142ych Przyjaci\u00f3\u0142 Klimatu punkt zbi\u00f3rki elektroodpad\u00f3w i baterii czy ekspozycja i sprzeda\u017c produkt\u00f3w tradycyjnych i ekologicznych. Podczas Dnia Ziemi na Polu Mokotowskim zostanie tak\u017ceog\u0142oszony Cz\u0142owiek Roku Polskiej Ekologii 2014.<\/p>\n<p>\u015awiatowy Dzie\u0144 Ziemi obchodzony jest w Polsce od 1990 roku. Przybli\u017ca on problemy zwi\u0105zane ze wsp\u00f3\u0142czesn\u0105 ekologi\u0105. To tak\u017ce okazja do podj\u0119cia dyskusji na temat zagro\u017ce\u0144 dotycz\u0105cych naszej planety i ochrony \u015brodowiska naturalnego, co mo\u017ce prowadzi\u0107 do drobnych ale rzeczywistych zmian postaw spo\u0142ecznych.<\/p>\n<p><strong>Serdecznie zapraszamy!<\/strong><\/p>\n<p><img loading=\"lazy\" class=\"alignnone wp-image-5925\" title=\"Dzie\u0144 Ziemi 2014\" src=\"http:\/\/swietodrzewa.pl\/wp-content\/uploads\/2015\/04\/DZ1-300x199.jpg\" alt=\"Dzie\u0144 Ziemi\" width=\"190\" height=\"126\" srcset=\"https:\/\/archiwum.swietodrzewa.pl\/wp-content\/uploads\/2015\/04\/DZ1-300x199.jpg 300w, https:\/\/archiwum.swietodrzewa.pl\/wp-content\/uploads\/2015\/04\/DZ1.jpg 1024w\" sizes=\"(max-width: 190px) 100vw, 190px\" \/> <img loading=\"lazy\" class=\"alignnone wp-image-5926\" title=\"Dzie\u0144 Ziemi 2014\" src=\"http:\/\/swietodrzewa.pl\/wp-content\/uploads\/2015\/04\/DZ2-300x199.jpg\" alt=\"DZ2\" width=\"190\" height=\"126\" srcset=\"https:\/\/archiwum.swietodrzewa.pl\/wp-content\/uploads\/2015\/04\/DZ2-300x199.jpg 300w, https:\/\/archiwum.swietodrzewa.pl\/wp-content\/uploads\/2015\/04\/DZ2.jpg 1024w\" sizes=\"(max-width: 190px) 100vw, 190px\" \/> <img loading=\"lazy\" class=\"alignnone wp-image-5927\" title=\"Dzie\u0144 Ziemi 2014\" src=\"http:\/\/swietodrzewa.pl\/wp-content\/uploads\/2015\/04\/DZ3-300x199.jpg\" alt=\"DZ3\" width=\"190\" height=\"126\" srcset=\"https:\/\/archiwum.swietodrzewa.pl\/wp-content\/uploads\/2015\/04\/DZ3-300x199.jpg 300w, https:\/\/archiwum.swietodrzewa.pl\/wp-content\/uploads\/2015\/04\/DZ3.jpg 1024w\" sizes=\"(max-width: 190px) 100vw, 190px\" \/><\/p>\n<p><strong>Fot. Klub Gaja<\/strong><\/p>\n","protected":false},"excerpt":{"rendered":"<p>Tegoroczne obchody Dnia Ziemi \u2013 najwi\u0119kszego ekologicznego \u015bwi\u0119ta &#8211; po\u015bwi\u0119cone b\u0119d\u0105 promocji odnawialnych \u017ar\u00f3de\u0142 energii i efektywno\u015bci energetycznej. Dzie\u0144 Ziemi 2015 obchodzony b\u0119dzie pod has\u0142em \u201eZ energi\u0105 zmie\u0144my \u017ar\u00f3d\u0142a\u201d. Klub Gaja zaprasza wszystkich zainteresowanych ekologi\u0105, odnawialnymi \u017ar\u00f3d\u0142ami energii oraz przeciwdzia\u0142aniem zmianom klimatu na obchody \u015awiatowego Dnia Ziemi 26 kwietnia w godz. 10.00 \u2013 18.00 na [&hellip;]<\/p>\n","protected":false},"author":1,"featured_media":5923,"comment_status":"closed","ping_status":"closed","sticky":false,"template":"","format":"standard","meta":{"ngg_post_thumbnail":0},"categories":[16,13],"tags":[57,58,101,3,9,5,46,4,117,98],"_links":{"self":[{"href":"https:\/\/archiwum.swietodrzewa.pl\/index.php?rest_route=\/wp\/v2\/posts\/5922"}],"collection":[{"href":"https:\/\/archiwum.swietodrzewa.pl\/index.php?rest_route=\/wp\/v2\/posts"}],"about":[{"href":"https:\/\/archiwum.swietodrzewa.pl\/index.php?rest_route=\/wp\/v2\/types\/post"}],"author":[{"embeddable":true,"href":"https:\/\/archiwum.swietodrzewa.pl\/index.php?rest_route=\/wp\/v2\/users\/1"}],"replies":[{"embeddable":true,"href":"https:\/\/archiwum.swietodrzewa.pl\/index.php?rest_route=%2Fwp%2Fv2%2Fcomments&post=5922"}],"version-history":[{"count":5,"href":"https:\/\/archiwum.swietodrzewa.pl\/index.php?rest_route=\/wp\/v2\/posts\/5922\/revisions"}],"predecessor-version":[{"id":5931,"href":"https:\/\/archiwum.swietodrzewa.pl\/index.php?rest_route=\/wp\/v2\/posts\/5922\/revisions\/5931"}],"wp:featuredmedia":[{"embeddable":true,"href":"https:\/\/archiwum.swietodrzewa.pl\/index.php?rest_route=\/wp\/v2\/media\/5923"}],"wp:attachment":[{"href":"https:\/\/archiwum.swietodrzewa.pl\/index.php?rest_route=%2Fwp%2Fv2%2Fmedia&parent=5922"}],"wp:term":[{"taxonomy":"category","embeddable":true,"href":"https:\/\/archiwum.swietodrzewa.pl\/index.php?rest_route=%2Fwp%2Fv2%2Fcategories&post=5922"},{"taxonomy":"post_tag","embeddable":true,"href":"https:\/\/archiwum.swietodrzewa.pl\/index.php?rest_route=%2Fwp%2Fv2%2Ftags&post=5922"}],"curies":[{"name":"wp","href":"https:\/\/api.w.org\/{rel}","templated":true}]}}