{"id":5954,"date":"2015-04-27T14:07:54","date_gmt":"2015-04-27T12:07:54","guid":{"rendered":"http:\/\/swietodrzewa.pl\/?p=5954"},"modified":"2015-04-28T10:45:34","modified_gmt":"2015-04-28T08:45:34","slug":"klocki-lego-i-dizajnerskie-torby-czyli-klub-gaja-na-dniu-ziemi","status":"publish","type":"post","link":"https:\/\/archiwum.swietodrzewa.pl\/?p=5954","title":{"rendered":"Klocki LEGO i dizajnerskie torby \u2013 czyli Klub Gaja na Dniu Ziemi"},"content":{"rendered":"<p><strong>W dniu 26.04 odby\u0142 si\u0119 coroczny festyn ekologiczny z okazji \u015awiatowego Dnia Ziemi, na Polu Mokotowskim w Warszawie. W sektorze wsp\u00f3\u0142pracy spo\u0142ecznej uczestnicy festynu mogli bli\u017cej zapozna\u0107 si\u0119 z dzia\u0142aniami Klub Gaja oraz programem edukacji ekologicznej \u015awi\u0119to Drzewa. Tegoroczne wydarzenie obchodzone by\u0142o pod has\u0142em \u201eZ energi\u0105 zmie\u0144my \u017ar\u00f3d\u0142a\u201d. <\/strong><!--more--><\/p>\n<p>Klub Gaja przygotowa\u0142 warsztaty \u201eS\u0142o\u0144ce na TAK\u201d, podczas kt\u00f3rych dzieci sk\u0142ada\u0142y z klock\u00f3w LEGO zabawk\u0119, nap\u0119dzana energi\u0105 s\u0142oneczn\u0105 lub wiatrow\u0105. Ponadto najm\u0142odsi uczestnicy budowali z klock\u00f3w LEGO Zielone Miasto \u2013 makiet\u0119 miasta ekologicznego i przyjaznego \u015brodowisku z zielonymi dachami, transportem publicznym, ogrodami, ziele\u0144cami i wiatrakami.<\/p>\n<p>Ogromn\u0105 popularno\u015bci\u0105 cieszy\u0142 si\u0119 happening \u201eDizajn z klimatem\u201d przed kt\u00f3rym tworzy\u0142a si\u0119 d\u0142uga kolejka. Uczestnicy happeningu w\u0142asnor\u0119cznie wykonywali na torbie bawe\u0142nianej dizajnerski nadruk metod\u0105 stensil. Samodzielnie wykonany nadruk, na torbie czy koszulce, stanowi pami\u0105tk\u0119 z wydarzenia oraz przypomina uczestnikom o tematyce odnawialnych \u017ar\u00f3de\u0142 energii i ochrony klimatu. Akcja ta uczy\u0142a tak\u017ce wt\u00f3rnego wykorzystania rzeczy i dawania im \u201edrugiego \u017cycia\u201d \u2013 stara, nudna koszulka czy torba nabiera\u0142a wyrazu po samodzielnym nadrukowaniu ciekawego logo.<\/p>\n<p><em>Mimo zmiennej pogody wszystkie propozycje Klubu Gaja cieszy\u0142y si\u0119 ogromnym zainteresowaniem. Dzieci by\u0142y zachwycone tym, \u017ce mog\u0105 samodzielnie wyprodukowa\u0107 pr\u0105d czy wybudowa\u0107 ekologiczny dom z klock\u00f3w LEGO. Obchodzony, od 25 lat w Polsce, \u015awiatowy Dzie\u0144 Ziemi jest tak\u017ce doskona\u0142\u0105 okazj\u0105 do podj\u0119cia rozmowy na temat ochrony \u015brodowiska. Do tego typu dyskusji, na stoisku Klubu Gaja, ch\u0119tnie przy\u0142\u0105czali si\u0119 uczestnicy festynu na Polu Mokotowskim<\/em> &#8211;\u00a0 podsumowuje <strong>Jolanta Migda\u0142<\/strong>, koordynatorka programu \u015awi\u0119to Drzewa Klubu Gaja.<\/p>\n<p><strong>Zobacz zdj\u0119cia z wydarzenia na facebook <a href=\"https:\/\/www.facebook.com\/media\/set\/?set=a.995375630473557.1073741896.202289926448802&amp;type=1\" target=\"_blank\">&gt;&gt;&gt;<\/a><\/strong><\/p>\n<p><strong>Galeria:<\/strong><\/p>\n<!-- default-view.php -->\n<div\n\tclass=\"ngg-galleryoverview default-view \n\t ngg-ajax-pagination-none\t\"\n\tid=\"ngg-gallery-f7335e2f9c2e475f8323394360e49829-1\">\n\n\t\t<!-- Thumbnails -->\n\t\t\t\t<div id=\"ngg-image-0\" class=\"ngg-gallery-thumbnail-box \n\t\t\t\t\t\t\t\t\t\t\t\" \n\t\t\t>\n\t\t\t\t\t\t<div class=\"ngg-gallery-thumbnail\">\n\t\t\t<a href=\"https:\/\/archiwum.swietodrzewa.pl\/wp-content\/gallery\/dzien-ziemi-2015\/Dzien-Ziemi-2015-046.jpg\"\n\t\t\t\ttitle=\"\"\n\t\t\t\tdata-src=\"https:\/\/archiwum.swietodrzewa.pl\/wp-content\/gallery\/dzien-ziemi-2015\/Dzien-Ziemi-2015-046.jpg\"\n\t\t\t\tdata-thumbnail=\"https:\/\/archiwum.swietodrzewa.pl\/wp-content\/gallery\/dzien-ziemi-2015\/thumbs\/thumbs_Dzien-Ziemi-2015-046.jpg\"\n\t\t\t\tdata-image-id=\"891\"\n\t\t\t\tdata-title=\"Dzie\u0144 Ziemi 2015 - stoisko Klubu Gaja\"\n\t\t\t\tdata-description=\"\"\n\t\t\t\tdata-image-slug=\"dzien-ziemi-2015-046\"\n\t\t\t\tclass=\"shutterset_f7335e2f9c2e475f8323394360e49829\">\n\t\t\t\t<img\n\t\t\t\t\ttitle=\"Dzie\u0144 Ziemi 2015 - stoisko Klubu Gaja\"\n\t\t\t\t\talt=\"Dzie\u0144 Ziemi 2015 - stoisko Klubu Gaja\"\n\t\t\t\t\tsrc=\"https:\/\/archiwum.swietodrzewa.pl\/wp-content\/gallery\/dzien-ziemi-2015\/thumbs\/thumbs_Dzien-Ziemi-2015-046.jpg\"\n\t\t\t\t\twidth=\"100\"\n\t\t\t\t\theight=\"75\"\n\t\t\t\t\tstyle=\"max-width:100%;\"\n\t\t\t\t\/>\n\t\t\t<\/a>\n\t\t<\/div>\n\t\t\t\t\t\t\t<\/div> \n\t\t\t\n\t\t\t\t<div id=\"ngg-image-1\" class=\"ngg-gallery-thumbnail-box \n\t\t\t\t\t\t\t\t\t\t\t\" \n\t\t\t>\n\t\t\t\t\t\t<div class=\"ngg-gallery-thumbnail\">\n\t\t\t<a href=\"https:\/\/archiwum.swietodrzewa.pl\/wp-content\/gallery\/dzien-ziemi-2015\/Dzien-Ziemi-2015-003.jpg\"\n\t\t\t\ttitle=\"\"\n\t\t\t\tdata-src=\"https:\/\/archiwum.swietodrzewa.pl\/wp-content\/gallery\/dzien-ziemi-2015\/Dzien-Ziemi-2015-003.jpg\"\n\t\t\t\tdata-thumbnail=\"https:\/\/archiwum.swietodrzewa.pl\/wp-content\/gallery\/dzien-ziemi-2015\/thumbs\/thumbs_Dzien-Ziemi-2015-003.jpg\"\n\t\t\t\tdata-image-id=\"885\"\n\t\t\t\tdata-title=\"Dzie\u0144 Ziemi 2015 - stoisko Klubu Gaja\"\n\t\t\t\tdata-description=\"\"\n\t\t\t\tdata-image-slug=\"dzien-ziemi-2015-003\"\n\t\t\t\tclass=\"shutterset_f7335e2f9c2e475f8323394360e49829\">\n\t\t\t\t<img\n\t\t\t\t\ttitle=\"Dzie\u0144 Ziemi 2015 - stoisko Klubu Gaja\"\n\t\t\t\t\talt=\"Dzie\u0144 Ziemi 2015 - stoisko Klubu Gaja\"\n\t\t\t\t\tsrc=\"https:\/\/archiwum.swietodrzewa.pl\/wp-content\/gallery\/dzien-ziemi-2015\/thumbs\/thumbs_Dzien-Ziemi-2015-003.jpg\"\n\t\t\t\t\twidth=\"100\"\n\t\t\t\t\theight=\"75\"\n\t\t\t\t\tstyle=\"max-width:100%;\"\n\t\t\t\t\/>\n\t\t\t<\/a>\n\t\t<\/div>\n\t\t\t\t\t\t\t<\/div> \n\t\t\t\n\t\t\t\t<div id=\"ngg-image-2\" class=\"ngg-gallery-thumbnail-box \n\t\t\t\t\t\t\t\t\t\t\t\" \n\t\t\t>\n\t\t\t\t\t\t<div class=\"ngg-gallery-thumbnail\">\n\t\t\t<a href=\"https:\/\/archiwum.swietodrzewa.pl\/wp-content\/gallery\/dzien-ziemi-2015\/Dzien-Ziemi-2015-014.jpg\"\n\t\t\t\ttitle=\"\"\n\t\t\t\tdata-src=\"https:\/\/archiwum.swietodrzewa.pl\/wp-content\/gallery\/dzien-ziemi-2015\/Dzien-Ziemi-2015-014.jpg\"\n\t\t\t\tdata-thumbnail=\"https:\/\/archiwum.swietodrzewa.pl\/wp-content\/gallery\/dzien-ziemi-2015\/thumbs\/thumbs_Dzien-Ziemi-2015-014.jpg\"\n\t\t\t\tdata-image-id=\"886\"\n\t\t\t\tdata-title=\"Dzie\u0144 Ziemi 2015 - &quot;S\u0142o\u0144ce na TAK&quot;\"\n\t\t\t\tdata-description=\"\"\n\t\t\t\tdata-image-slug=\"dzien-ziemi-2015-014\"\n\t\t\t\tclass=\"shutterset_f7335e2f9c2e475f8323394360e49829\">\n\t\t\t\t<img\n\t\t\t\t\ttitle=\"Dzie\u0144 Ziemi 2015 - &quot;S\u0142o\u0144ce na TAK&quot;\"\n\t\t\t\t\talt=\"Dzie\u0144 Ziemi 2015 - &quot;S\u0142o\u0144ce na TAK&quot;\"\n\t\t\t\t\tsrc=\"https:\/\/archiwum.swietodrzewa.pl\/wp-content\/gallery\/dzien-ziemi-2015\/thumbs\/thumbs_Dzien-Ziemi-2015-014.jpg\"\n\t\t\t\t\twidth=\"100\"\n\t\t\t\t\theight=\"75\"\n\t\t\t\t\tstyle=\"max-width:100%;\"\n\t\t\t\t\/>\n\t\t\t<\/a>\n\t\t<\/div>\n\t\t\t\t\t\t\t<\/div> \n\t\t\t\n\t\t\t\t<div id=\"ngg-image-3\" class=\"ngg-gallery-thumbnail-box \n\t\t\t\t\t\t\t\t\t\t\t\" \n\t\t\t>\n\t\t\t\t\t\t<div class=\"ngg-gallery-thumbnail\">\n\t\t\t<a href=\"https:\/\/archiwum.swietodrzewa.pl\/wp-content\/gallery\/dzien-ziemi-2015\/Dzien-Ziemi-2015-020.jpg\"\n\t\t\t\ttitle=\"\"\n\t\t\t\tdata-src=\"https:\/\/archiwum.swietodrzewa.pl\/wp-content\/gallery\/dzien-ziemi-2015\/Dzien-Ziemi-2015-020.jpg\"\n\t\t\t\tdata-thumbnail=\"https:\/\/archiwum.swietodrzewa.pl\/wp-content\/gallery\/dzien-ziemi-2015\/thumbs\/thumbs_Dzien-Ziemi-2015-020.jpg\"\n\t\t\t\tdata-image-id=\"887\"\n\t\t\t\tdata-title=\"Dzie\u0144 Ziemi 2015 - Dizajn z Klimatem\"\n\t\t\t\tdata-description=\"\"\n\t\t\t\tdata-image-slug=\"dzien-ziemi-2015-020\"\n\t\t\t\tclass=\"shutterset_f7335e2f9c2e475f8323394360e49829\">\n\t\t\t\t<img\n\t\t\t\t\ttitle=\"Dzie\u0144 Ziemi 2015 - Dizajn z Klimatem\"\n\t\t\t\t\talt=\"Dzie\u0144 Ziemi 2015 - Dizajn z Klimatem\"\n\t\t\t\t\tsrc=\"https:\/\/archiwum.swietodrzewa.pl\/wp-content\/gallery\/dzien-ziemi-2015\/thumbs\/thumbs_Dzien-Ziemi-2015-020.jpg\"\n\t\t\t\t\twidth=\"100\"\n\t\t\t\t\theight=\"75\"\n\t\t\t\t\tstyle=\"max-width:100%;\"\n\t\t\t\t\/>\n\t\t\t<\/a>\n\t\t<\/div>\n\t\t\t\t\t\t\t<\/div> \n\t\t\t\n\t\t\t\t<div id=\"ngg-image-4\" class=\"ngg-gallery-thumbnail-box \n\t\t\t\t\t\t\t\t\t\t\t\" \n\t\t\t>\n\t\t\t\t\t\t<div class=\"ngg-gallery-thumbnail\">\n\t\t\t<a href=\"https:\/\/archiwum.swietodrzewa.pl\/wp-content\/gallery\/dzien-ziemi-2015\/Dzien-Ziemi-2015-021.jpg\"\n\t\t\t\ttitle=\"\"\n\t\t\t\tdata-src=\"https:\/\/archiwum.swietodrzewa.pl\/wp-content\/gallery\/dzien-ziemi-2015\/Dzien-Ziemi-2015-021.jpg\"\n\t\t\t\tdata-thumbnail=\"https:\/\/archiwum.swietodrzewa.pl\/wp-content\/gallery\/dzien-ziemi-2015\/thumbs\/thumbs_Dzien-Ziemi-2015-021.jpg\"\n\t\t\t\tdata-image-id=\"888\"\n\t\t\t\tdata-title=\"Dzie\u0144 Ziemi 2015 - Dizajn z Klimatem\"\n\t\t\t\tdata-description=\"\"\n\t\t\t\tdata-image-slug=\"dzien-ziemi-2015-021\"\n\t\t\t\tclass=\"shutterset_f7335e2f9c2e475f8323394360e49829\">\n\t\t\t\t<img\n\t\t\t\t\ttitle=\"Dzie\u0144 Ziemi 2015 - Dizajn z Klimatem\"\n\t\t\t\t\talt=\"Dzie\u0144 Ziemi 2015 - Dizajn z Klimatem\"\n\t\t\t\t\tsrc=\"https:\/\/archiwum.swietodrzewa.pl\/wp-content\/gallery\/dzien-ziemi-2015\/thumbs\/thumbs_Dzien-Ziemi-2015-021.jpg\"\n\t\t\t\t\twidth=\"100\"\n\t\t\t\t\theight=\"75\"\n\t\t\t\t\tstyle=\"max-width:100%;\"\n\t\t\t\t\/>\n\t\t\t<\/a>\n\t\t<\/div>\n\t\t\t\t\t\t\t<\/div> \n\t\t\t\n\t\t\t\t<div id=\"ngg-image-5\" class=\"ngg-gallery-thumbnail-box \n\t\t\t\t\t\t\t\t\t\t\t\" \n\t\t\t>\n\t\t\t\t\t\t<div class=\"ngg-gallery-thumbnail\">\n\t\t\t<a href=\"https:\/\/archiwum.swietodrzewa.pl\/wp-content\/gallery\/dzien-ziemi-2015\/Dzien-Ziemi-2015-024.jpg\"\n\t\t\t\ttitle=\"\"\n\t\t\t\tdata-src=\"https:\/\/archiwum.swietodrzewa.pl\/wp-content\/gallery\/dzien-ziemi-2015\/Dzien-Ziemi-2015-024.jpg\"\n\t\t\t\tdata-thumbnail=\"https:\/\/archiwum.swietodrzewa.pl\/wp-content\/gallery\/dzien-ziemi-2015\/thumbs\/thumbs_Dzien-Ziemi-2015-024.jpg\"\n\t\t\t\tdata-image-id=\"889\"\n\t\t\t\tdata-title=\"Dzie\u0144 Ziemi 2015 - LEGO Zielone Miasto\"\n\t\t\t\tdata-description=\"\"\n\t\t\t\tdata-image-slug=\"dzien-ziemi-2015-024\"\n\t\t\t\tclass=\"shutterset_f7335e2f9c2e475f8323394360e49829\">\n\t\t\t\t<img\n\t\t\t\t\ttitle=\"Dzie\u0144 Ziemi 2015 - LEGO Zielone Miasto\"\n\t\t\t\t\talt=\"Dzie\u0144 Ziemi 2015 - LEGO Zielone Miasto\"\n\t\t\t\t\tsrc=\"https:\/\/archiwum.swietodrzewa.pl\/wp-content\/gallery\/dzien-ziemi-2015\/thumbs\/thumbs_Dzien-Ziemi-2015-024.jpg\"\n\t\t\t\t\twidth=\"100\"\n\t\t\t\t\theight=\"75\"\n\t\t\t\t\tstyle=\"max-width:100%;\"\n\t\t\t\t\/>\n\t\t\t<\/a>\n\t\t<\/div>\n\t\t\t\t\t\t\t<\/div> \n\t\t\t\n\t\t\t\t<div id=\"ngg-image-6\" class=\"ngg-gallery-thumbnail-box \n\t\t\t\t\t\t\t\t\t\t\t\" \n\t\t\t>\n\t\t\t\t\t\t<div class=\"ngg-gallery-thumbnail\">\n\t\t\t<a href=\"https:\/\/archiwum.swietodrzewa.pl\/wp-content\/gallery\/dzien-ziemi-2015\/Dzien-Ziemi-2015-027.jpg\"\n\t\t\t\ttitle=\"\"\n\t\t\t\tdata-src=\"https:\/\/archiwum.swietodrzewa.pl\/wp-content\/gallery\/dzien-ziemi-2015\/Dzien-Ziemi-2015-027.jpg\"\n\t\t\t\tdata-thumbnail=\"https:\/\/archiwum.swietodrzewa.pl\/wp-content\/gallery\/dzien-ziemi-2015\/thumbs\/thumbs_Dzien-Ziemi-2015-027.jpg\"\n\t\t\t\tdata-image-id=\"890\"\n\t\t\t\tdata-title=\"Dzie\u0144 Ziemi 2015 - budowanie pojazdu na s\u0142o\u0144ce\"\n\t\t\t\tdata-description=\"\"\n\t\t\t\tdata-image-slug=\"dzien-ziemi-2015-027\"\n\t\t\t\tclass=\"shutterset_f7335e2f9c2e475f8323394360e49829\">\n\t\t\t\t<img\n\t\t\t\t\ttitle=\"Dzie\u0144 Ziemi 2015 - budowanie pojazdu na s\u0142o\u0144ce\"\n\t\t\t\t\talt=\"Dzie\u0144 Ziemi 2015 - budowanie pojazdu na s\u0142o\u0144ce\"\n\t\t\t\t\tsrc=\"https:\/\/archiwum.swietodrzewa.pl\/wp-content\/gallery\/dzien-ziemi-2015\/thumbs\/thumbs_Dzien-Ziemi-2015-027.jpg\"\n\t\t\t\t\twidth=\"100\"\n\t\t\t\t\theight=\"75\"\n\t\t\t\t\tstyle=\"max-width:100%;\"\n\t\t\t\t\/>\n\t\t\t<\/a>\n\t\t<\/div>\n\t\t\t\t\t\t\t<\/div> \n\t\t\t\n\t\t\t\t<div id=\"ngg-image-7\" class=\"ngg-gallery-thumbnail-box \n\t\t\t\t\t\t\t\t\t\t\t\" \n\t\t\t>\n\t\t\t\t\t\t<div class=\"ngg-gallery-thumbnail\">\n\t\t\t<a href=\"https:\/\/archiwum.swietodrzewa.pl\/wp-content\/gallery\/dzien-ziemi-2015\/Dzien-Ziemi-2015-040.jpg\"\n\t\t\t\ttitle=\"\"\n\t\t\t\tdata-src=\"https:\/\/archiwum.swietodrzewa.pl\/wp-content\/gallery\/dzien-ziemi-2015\/Dzien-Ziemi-2015-040.jpg\"\n\t\t\t\tdata-thumbnail=\"https:\/\/archiwum.swietodrzewa.pl\/wp-content\/gallery\/dzien-ziemi-2015\/thumbs\/thumbs_Dzien-Ziemi-2015-040.jpg\"\n\t\t\t\tdata-image-id=\"892\"\n\t\t\t\tdata-title=\"Dzie\u0144 Ziemi 2015 - energia z wiatru\"\n\t\t\t\tdata-description=\"\"\n\t\t\t\tdata-image-slug=\"dzien-ziemi-2015-040\"\n\t\t\t\tclass=\"shutterset_f7335e2f9c2e475f8323394360e49829\">\n\t\t\t\t<img\n\t\t\t\t\ttitle=\"Dzie\u0144 Ziemi 2015 - energia z wiatru\"\n\t\t\t\t\talt=\"Dzie\u0144 Ziemi 2015 - energia z wiatru\"\n\t\t\t\t\tsrc=\"https:\/\/archiwum.swietodrzewa.pl\/wp-content\/gallery\/dzien-ziemi-2015\/thumbs\/thumbs_Dzien-Ziemi-2015-040.jpg\"\n\t\t\t\t\twidth=\"100\"\n\t\t\t\t\theight=\"75\"\n\t\t\t\t\tstyle=\"max-width:100%;\"\n\t\t\t\t\/>\n\t\t\t<\/a>\n\t\t<\/div>\n\t\t\t\t\t\t\t<\/div> \n\t\t\t\n\t\t\t\t<div id=\"ngg-image-8\" class=\"ngg-gallery-thumbnail-box \n\t\t\t\t\t\t\t\t\t\t\t\" \n\t\t\t>\n\t\t\t\t\t\t<div class=\"ngg-gallery-thumbnail\">\n\t\t\t<a href=\"https:\/\/archiwum.swietodrzewa.pl\/wp-content\/gallery\/dzien-ziemi-2015\/Dzien-Ziemi-2015-049.jpg\"\n\t\t\t\ttitle=\"\"\n\t\t\t\tdata-src=\"https:\/\/archiwum.swietodrzewa.pl\/wp-content\/gallery\/dzien-ziemi-2015\/Dzien-Ziemi-2015-049.jpg\"\n\t\t\t\tdata-thumbnail=\"https:\/\/archiwum.swietodrzewa.pl\/wp-content\/gallery\/dzien-ziemi-2015\/thumbs\/thumbs_Dzien-Ziemi-2015-049.jpg\"\n\t\t\t\tdata-image-id=\"893\"\n\t\t\t\tdata-title=\"Dzie\u0144 Ziemi 2015 - stoisko Klubu Gaja\"\n\t\t\t\tdata-description=\"\"\n\t\t\t\tdata-image-slug=\"dzien-ziemi-2015-049\"\n\t\t\t\tclass=\"shutterset_f7335e2f9c2e475f8323394360e49829\">\n\t\t\t\t<img\n\t\t\t\t\ttitle=\"Dzie\u0144 Ziemi 2015 - stoisko Klubu Gaja\"\n\t\t\t\t\talt=\"Dzie\u0144 Ziemi 2015 - stoisko Klubu Gaja\"\n\t\t\t\t\tsrc=\"https:\/\/archiwum.swietodrzewa.pl\/wp-content\/gallery\/dzien-ziemi-2015\/thumbs\/thumbs_Dzien-Ziemi-2015-049.jpg\"\n\t\t\t\t\twidth=\"100\"\n\t\t\t\t\theight=\"75\"\n\t\t\t\t\tstyle=\"max-width:100%;\"\n\t\t\t\t\/>\n\t\t\t<\/a>\n\t\t<\/div>\n\t\t\t\t\t\t\t<\/div> \n\t\t\t\n\t\t\t\t<div id=\"ngg-image-9\" class=\"ngg-gallery-thumbnail-box \n\t\t\t\t\t\t\t\t\t\t\t\" \n\t\t\t>\n\t\t\t\t\t\t<div class=\"ngg-gallery-thumbnail\">\n\t\t\t<a href=\"https:\/\/archiwum.swietodrzewa.pl\/wp-content\/gallery\/dzien-ziemi-2015\/Dzien-Ziemi-2015-081.jpg\"\n\t\t\t\ttitle=\"\"\n\t\t\t\tdata-src=\"https:\/\/archiwum.swietodrzewa.pl\/wp-content\/gallery\/dzien-ziemi-2015\/Dzien-Ziemi-2015-081.jpg\"\n\t\t\t\tdata-thumbnail=\"https:\/\/archiwum.swietodrzewa.pl\/wp-content\/gallery\/dzien-ziemi-2015\/thumbs\/thumbs_Dzien-Ziemi-2015-081.jpg\"\n\t\t\t\tdata-image-id=\"894\"\n\t\t\t\tdata-title=\"Dzie\u0144 Ziemi 2015 - aplikacja Drzewa z Klimatem\"\n\t\t\t\tdata-description=\"\"\n\t\t\t\tdata-image-slug=\"dzien-ziemi-2015-081\"\n\t\t\t\tclass=\"shutterset_f7335e2f9c2e475f8323394360e49829\">\n\t\t\t\t<img\n\t\t\t\t\ttitle=\"Dzie\u0144 Ziemi 2015 - aplikacja Drzewa z Klimatem\"\n\t\t\t\t\talt=\"Dzie\u0144 Ziemi 2015 - aplikacja Drzewa z Klimatem\"\n\t\t\t\t\tsrc=\"https:\/\/archiwum.swietodrzewa.pl\/wp-content\/gallery\/dzien-ziemi-2015\/thumbs\/thumbs_Dzien-Ziemi-2015-081.jpg\"\n\t\t\t\t\twidth=\"100\"\n\t\t\t\t\theight=\"75\"\n\t\t\t\t\tstyle=\"max-width:100%;\"\n\t\t\t\t\/>\n\t\t\t<\/a>\n\t\t<\/div>\n\t\t\t\t\t\t\t<\/div> \n\t\t\t\n\t\n\t<br style=\"clear: both\" \/>\n\n\t\n\t\t<!-- Pagination -->\n\t\t<div class='ngg-clear'><\/div>\t<\/div>\n\n<p><strong>Fot. Klub Gaja.<\/strong><\/p>\n","protected":false},"excerpt":{"rendered":"<p>W dniu 26.04 odby\u0142 si\u0119 coroczny festyn ekologiczny z okazji \u015awiatowego Dnia Ziemi, na Polu Mokotowskim w Warszawie. W sektorze wsp\u00f3\u0142pracy spo\u0142ecznej uczestnicy festynu mogli bli\u017cej zapozna\u0107 si\u0119 z dzia\u0142aniami Klub Gaja oraz programem edukacji ekologicznej \u015awi\u0119to Drzewa. Tegoroczne wydarzenie obchodzone by\u0142o pod has\u0142em \u201eZ energi\u0105 zmie\u0144my \u017ar\u00f3d\u0142a\u201d.<\/p>\n","protected":false},"author":1,"featured_media":5956,"comment_status":"closed","ping_status":"closed","sticky":false,"template":"","format":"standard","meta":{"ngg_post_thumbnail":0},"categories":[14,16,17,13],"tags":[57,58,42,101,3,18,49,9,5,47,46,11,53,117],"_links":{"self":[{"href":"https:\/\/archiwum.swietodrzewa.pl\/index.php?rest_route=\/wp\/v2\/posts\/5954"}],"collection":[{"href":"https:\/\/archiwum.swietodrzewa.pl\/index.php?rest_route=\/wp\/v2\/posts"}],"about":[{"href":"https:\/\/archiwum.swietodrzewa.pl\/index.php?rest_route=\/wp\/v2\/types\/post"}],"author":[{"embeddable":true,"href":"https:\/\/archiwum.swietodrzewa.pl\/index.php?rest_route=\/wp\/v2\/users\/1"}],"replies":[{"embeddable":true,"href":"https:\/\/archiwum.swietodrzewa.pl\/index.php?rest_route=%2Fwp%2Fv2%2Fcomments&post=5954"}],"version-history":[{"count":3,"href":"https:\/\/archiwum.swietodrzewa.pl\/index.php?rest_route=\/wp\/v2\/posts\/5954\/revisions"}],"predecessor-version":[{"id":5959,"href":"https:\/\/archiwum.swietodrzewa.pl\/index.php?rest_route=\/wp\/v2\/posts\/5954\/revisions\/5959"}],"wp:featuredmedia":[{"embeddable":true,"href":"https:\/\/archiwum.swietodrzewa.pl\/index.php?rest_route=\/wp\/v2\/media\/5956"}],"wp:attachment":[{"href":"https:\/\/archiwum.swietodrzewa.pl\/index.php?rest_route=%2Fwp%2Fv2%2Fmedia&parent=5954"}],"wp:term":[{"taxonomy":"category","embeddable":true,"href":"https:\/\/archiwum.swietodrzewa.pl\/index.php?rest_route=%2Fwp%2Fv2%2Fcategories&post=5954"},{"taxonomy":"post_tag","embeddable":true,"href":"https:\/\/archiwum.swietodrzewa.pl\/index.php?rest_route=%2Fwp%2Fv2%2Ftags&post=5954"}],"curies":[{"name":"wp","href":"https:\/\/api.w.org\/{rel}","templated":true}]}}