{"id":7020,"date":"2016-02-22T06:15:37","date_gmt":"2016-02-22T05:15:37","guid":{"rendered":"http:\/\/swietodrzewa.pl\/?p=7020"},"modified":"2016-02-22T06:15:37","modified_gmt":"2016-02-22T05:15:37","slug":"swieto-drzewa-wsrod-pol","status":"publish","type":"post","link":"https:\/\/archiwum.swietodrzewa.pl\/?p=7020","title":{"rendered":"\u015awi\u0119to Drzewa w\u015br\u00f3d p\u00f3l"},"content":{"rendered":"<p><strong>Ju\u017c 23 lutego 2016 r.<\/strong> <strong>w Starostwie Powiatowym w Limanowej odb\u0119dzie si\u0119 konferencja inauguruj\u0105ca nowy projekt Klubu Gaja \u201e\u015awi\u0119to Drzewa \u2013 w\u015br\u00f3d p\u00f3l\u201d o roli zadrzewie\u0144 \u015br\u00f3dpolnych w ochronie r\u00f3\u017cnorodno\u015bci biologicznej i przeciwdzia\u0142aniu zmianom klimatu.<\/strong> <strong>W ten spos\u00f3b Klub Gaja chce zach\u0119ci\u0107 mieszka\u0144c\u00f3w teren\u00f3w wiejskich do podejmowania lokalnych dzia\u0142a\u0144 na rzecz ich sadzenia i ochrony. Wyst\u0119puj\u0105ce na obszarach rolniczych r\u00f3\u017cnego typu zadrzewienia stanowi\u0105 o niepowtarzalnym pi\u0119knie krajobrazu i podnosz\u0105 walory wypoczynkowe miejscowo\u015bci.\u00a0 S\u0105 tak\u017ce ostoj\u0105 dzikiej przyrody i wielkim sojusznikiem rolnik\u00f3w. <\/strong><!--more--><\/p>\n<p>Podczas konferencji przybli\u017cymy uczestnikom znaczenie zadrzewie\u0144 \u015br\u00f3dpolnych, korzy\u015bci p\u0142yn\u0105ce ze zr\u00f3wnowa\u017conego rolnictwa, a tak\u017ce rol\u0119 edukacji w kszta\u0142towaniu proekologicznych postaw i zachowa\u0144 na rzecz lokalnego dziedzictwa przyrodniczego i kulturowego. Konferencja skierowana jest do przedstawicieli lokalnych samorz\u0105d\u00f3w, organizacji pozarz\u0105dowych, plac\u00f3wek o\u015bwiatowych, organizacji rolniczych i producenckich, bran\u017cy turystycznej. Projekt realizowany b\u0119dzie w wojew\u00f3dztwach: ma\u0142opolskim, podkarpackim, \u015bl\u0105skim i opolskim<strong>.<\/strong><\/p>\n<p><img loading=\"lazy\" class=\"alignright wp-image-7021 size-medium\" src=\"http:\/\/swietodrzewa.pl\/wp-content\/uploads\/2016\/02\/fot_Klub_Gaja-300x200.jpg\" alt=\"fot_Klub_Gaja\" width=\"300\" height=\"200\" srcset=\"https:\/\/archiwum.swietodrzewa.pl\/wp-content\/uploads\/2016\/02\/fot_Klub_Gaja-300x200.jpg 300w, https:\/\/archiwum.swietodrzewa.pl\/wp-content\/uploads\/2016\/02\/fot_Klub_Gaja-1024x685.jpg 1024w, https:\/\/archiwum.swietodrzewa.pl\/wp-content\/uploads\/2016\/02\/fot_Klub_Gaja.jpg 1936w\" sizes=\"(max-width: 300px) 100vw, 300px\" \/>Aby aktywizowa\u0107 spo\u0142eczno\u015bci do organizowania lokalnych inicjatyw Klub Gaja prowadzi\u0107 b\u0119dzie r\u00f3\u017cnorodne dzia\u0142ania edukacyjne i informacyjne m.in. warsztaty, debaty, wystawy oraz kampani\u0119 medialn\u0105. Wsp\u00f3\u0142pracowa\u0107 b\u0119dzie tak\u017ce ze szko\u0142ami rolniczymi z regionu. Dzi\u0119ki uczniom zostanie uzupe\u0142niona aplikacja \u201eDrzewa z klimatem\u201d, powstan\u0105 Questy \u2013 szlaki turystyczne z zagadkami. Podczas popularnych imprez plenerowych m.in. \u015awi\u0119cie Tarniny w Kosorowicach, \u015awi\u0119cie Owocobrania w Szczyrzycu czy Festiwalu Derenia w Bolestraszycach prowadzi\u0107 b\u0119dzie zaj\u0119cia edukacyjne dla dzieci i doros\u0142ych.<\/p>\n<p>\u201e\u015awi\u0119to Drzewa \u2013 w\u015br\u00f3d p\u00f3l\u201d to tak\u017ce konkursy. \u201eDzikie poznajemy i\u2026 jemy\u201d to konkurs na ciekawe przepisy kulinarne z owoc\u00f3w drzew i krzew\u00f3w \u015br\u00f3dpolnych. Jego ambasadorem jest \u0141ukasz \u0141uczaj, etnobotanik, autor ksi\u0105\u017cek o dzikich ro\u015blinach jadalnych. Konkurs \u201e\u015awi\u0119to Drzewa \u2013w\u015br\u00f3d p\u00f3l\u201d zach\u0119ca z kolei do podejmowania dzia\u0142a\u0144 na rzecz ochrony i sadzenia drzew i krzew\u00f3w na terenach wiejskich. Ambasadorem konkursu jest aktor Bart\u0142omiej Topa, kt\u00f3ry od wielu lat sadzi drzewa z uczestnikami \u015awi\u0119ta Drzewa.<\/p>\n<p>Projekt jest kontynuacj\u0105 realizowanego przez Klub Gaja od 13 lat programu aktywnej edukacji ekologicznej \u015awi\u0119to Drzewa, anga\u017cuj\u0105cego r\u00f3\u017cne grupy wiekowe, spo\u0142eczne, zawodowe do dzia\u0142a\u0144 na rzecz sadzenia i ochrony drzew. Dzi\u0119ki programowi ponad 600 tysi\u0119cy os\u00f3b posadzi\u0142o ju\u017c blisko 770 tysi\u0119cy drzew.<\/p>\n<p>Projekt \u201e\u015awi\u0119to Drzewa \u2013 w\u015br\u00f3d p\u00f3l\u201d zosta\u0142 dofinansowany ze \u015brodk\u00f3w Narodowego Funduszu Ochrony \u015arodowiska i Gospodarki Wodnej.<\/p>\n<p>Patronaty: Minister Rolnictwa i Rozwoju Wsi, Marsza\u0142ek Wojew\u00f3dztwa Ma\u0142opolskiego, Wojewoda Ma\u0142opolski, Marsza\u0142ek Wojew\u00f3dztwa Opolskiego, Wojewoda Opolski, Marsza\u0142ek Wojew\u00f3dztwa\u00a0 Podkarpackiego, Wojewoda Podkarpacki, Wojewoda \u015al\u0105ski.<\/p>\n<p>Partnerzy: Lasy Pa\u0144stwowe: Regionalne Dyrekcje Las\u00f3w Pa\u0144stwowych w Katowicach, Regionalna Dyrekcja Las\u00f3w Pa\u0144stwowych w Krakowie, Regionalna Dyrekcja Las\u00f3w Pa\u0144stwowych w \u00a0Kro\u015bnie,Starostwo Powiatowe w Limanowej, Starostwo Powiatowe w Cieszynie, Gmina Tarn\u00f3w Opolski, Gmina Jod\u0142ownik, Gmina Kro\u015bcienko Wy\u017cne.<\/p>\n<p><strong>Wi\u0119cej informacji na stronie projektu:<\/strong><strong> <a href=\"http:\/\/wsrodpol.swietodrzewa.pl\/\" target=\"_blank\"><strong>wsrodpol.swietodrzewa.pl<\/strong><\/a><\/strong><\/p>\n<p><strong><a href=\"http:\/\/www.klubgaja.pl\/cms\/uploads\/pdf\/program-konferencji.pdf\" target=\"_blank\">Program konferencji w Limanowej &gt;&gt;&gt;<\/a><\/strong><\/p>\n","protected":false},"excerpt":{"rendered":"<p>Ju\u017c 23 lutego 2016 r. w Starostwie Powiatowym w Limanowej odb\u0119dzie si\u0119 konferencja inauguruj\u0105ca nowy projekt Klubu Gaja \u201e\u015awi\u0119to Drzewa \u2013 w\u015br\u00f3d p\u00f3l\u201d o roli zadrzewie\u0144 \u015br\u00f3dpolnych w ochronie r\u00f3\u017cnorodno\u015bci biologicznej i przeciwdzia\u0142aniu zmianom klimatu. W ten spos\u00f3b Klub Gaja chce zach\u0119ci\u0107 mieszka\u0144c\u00f3w teren\u00f3w wiejskich do podejmowania lokalnych dzia\u0142a\u0144 na rzecz ich sadzenia i ochrony. [&hellip;]<\/p>\n","protected":false},"author":1,"featured_media":7021,"comment_status":"closed","ping_status":"closed","sticky":false,"template":"","format":"standard","meta":{"ngg_post_thumbnail":0},"categories":[14,16,17],"tags":[3,18,5,47,11,117],"_links":{"self":[{"href":"https:\/\/archiwum.swietodrzewa.pl\/index.php?rest_route=\/wp\/v2\/posts\/7020"}],"collection":[{"href":"https:\/\/archiwum.swietodrzewa.pl\/index.php?rest_route=\/wp\/v2\/posts"}],"about":[{"href":"https:\/\/archiwum.swietodrzewa.pl\/index.php?rest_route=\/wp\/v2\/types\/post"}],"author":[{"embeddable":true,"href":"https:\/\/archiwum.swietodrzewa.pl\/index.php?rest_route=\/wp\/v2\/users\/1"}],"replies":[{"embeddable":true,"href":"https:\/\/archiwum.swietodrzewa.pl\/index.php?rest_route=%2Fwp%2Fv2%2Fcomments&post=7020"}],"version-history":[{"count":1,"href":"https:\/\/archiwum.swietodrzewa.pl\/index.php?rest_route=\/wp\/v2\/posts\/7020\/revisions"}],"predecessor-version":[{"id":7022,"href":"https:\/\/archiwum.swietodrzewa.pl\/index.php?rest_route=\/wp\/v2\/posts\/7020\/revisions\/7022"}],"wp:featuredmedia":[{"embeddable":true,"href":"https:\/\/archiwum.swietodrzewa.pl\/index.php?rest_route=\/wp\/v2\/media\/7021"}],"wp:attachment":[{"href":"https:\/\/archiwum.swietodrzewa.pl\/index.php?rest_route=%2Fwp%2Fv2%2Fmedia&parent=7020"}],"wp:term":[{"taxonomy":"category","embeddable":true,"href":"https:\/\/archiwum.swietodrzewa.pl\/index.php?rest_route=%2Fwp%2Fv2%2Fcategories&post=7020"},{"taxonomy":"post_tag","embeddable":true,"href":"https:\/\/archiwum.swietodrzewa.pl\/index.php?rest_route=%2Fwp%2Fv2%2Ftags&post=7020"}],"curies":[{"name":"wp","href":"https:\/\/api.w.org\/{rel}","templated":true}]}}