{"id":7028,"date":"2016-02-26T15:34:14","date_gmt":"2016-02-26T14:34:14","guid":{"rendered":"http:\/\/swietodrzewa.pl\/?p=7028"},"modified":"2016-02-26T15:34:55","modified_gmt":"2016-02-26T14:34:55","slug":"poniedzialek-ostatni-dzien-glosowania","status":"publish","type":"post","link":"https:\/\/archiwum.swietodrzewa.pl\/?p=7028","title":{"rendered":"Poniedzia\u0142ek &#8211; ostatni dzie\u0144 g\u0142osowania"},"content":{"rendered":"<p><strong>Poniedzia\u0142ek 29. lutego to ostatni dzie\u0144 g\u0142osowania w Konkursie Europejskie Drzewo Roku 2016! W ostatnim dniu jawnego g\u0142osowania polski kandydat D\u0105b Bolko z Hniszowa by\u0142 na 4. miejscu. Przed nim na 3. miejscu plasowa\u0142a si\u0119 Sosna \u2013 D\u0105b z Hiszpanii, a tu\u017c za Bolkiem Grusza ze S\u0142owacji. Klub Gaja zach\u0119ca do g\u0142osowania. Walka o podium trwa! <\/strong><!--more--><\/p>\n<p>Przypomnijmy sylwetk\u0119 kandydata: D\u0105b Bolko z Hniszowa (gmina Ruda-Huta) wygra\u0142 polsk\u0105 edycj\u0119 konkursu Drzewo Roku 2015 prowadzonego przez Klub Gaja. Wed\u0142ug legendy to wspania\u0142e drzewo pami\u0119ta jeszcze czasy Boles\u0142awa Chrobrego. Obw\u00f3d pnia ma 8,6 metra i wysoko\u015b\u0107 ponad 28 metr\u00f3w, czyli tyle ile d\u0142ugo\u015b\u0107 boiska do koszyk\u00f3wki. Najwa\u017cniejszym atrybutem jest jednak fakt, \u017ce drzewo jednoczy mieszkaj\u0105cych tam ludzi, a teraz wszystkich Polak\u00f3w.<\/p>\n<p><img loading=\"lazy\" class=\"alignright wp-image-7029 size-medium\" title=\"D\u0105b Bolko podczas Bolkowania\" src=\"http:\/\/swietodrzewa.pl\/wp-content\/uploads\/2016\/02\/Dab-Bolko-2-300x199.jpg\" alt=\"D\u0105b Bolko podczas Bolkowania\" width=\"300\" height=\"199\" srcset=\"https:\/\/archiwum.swietodrzewa.pl\/wp-content\/uploads\/2016\/02\/Dab-Bolko-2-300x199.jpg 300w, https:\/\/archiwum.swietodrzewa.pl\/wp-content\/uploads\/2016\/02\/Dab-Bolko-2-1024x680.jpg 1024w, https:\/\/archiwum.swietodrzewa.pl\/wp-content\/uploads\/2016\/02\/Dab-Bolko-2.jpg 1290w\" sizes=\"(max-width: 300px) 100vw, 300px\" \/>D\u0105b Bolko ma swoj\u0105 stron\u0119 internetow\u0105 <strong><a href=\"http:\/\/www.dabbolko.pl\/\" target=\"_blank\">www.dabbolko.pl<\/a><\/strong> , fanpage na Facebooku (<strong><a href=\"https:\/\/www.facebook.com\/dabbolko\/?ref=ts&amp;fref=ts\" target=\"_blank\">zobacz tutaj<\/a>)<\/strong> i ka\u017cdego roku w sierpniu obchodzone s\u0105 imieniny drzewa czyli wielki festyn \u201e<strong><a href=\"http:\/\/www.ruda-huta.pl\/905-xi-bolkowanie-w-hniszowie\" target=\"_blank\">Bolkowanie<\/a><\/strong>\u201d. Gmina Ruda-Huta i jej mieszka\u0144cy staraj\u0105 si\u0119 by informacje o Bolku i s\u0142awa pot\u0119\u017cnego d\u0119bu rozchodzi\u0142y si\u0119 mo\u017cliwie jak najszerzej. Drukuj\u0105 ulotki, foldery reklamuj\u0105ce \u015bcie\u017ck\u0119 historyczno-przyrodnicz\u0105 w Hniszowie, a wydany niedawno przewodnik po gminie ma tytu\u0142 \u201eSpacer z Bolkiem\u201d.<\/p>\n<p><em>D\u0105b Bolko to przepi\u0119kne, majestatyczne drzewo, o kt\u00f3re dbaj\u0105 i kt\u00f3re kochaj\u0105 wszyscy mieszka\u0144cy gminy Ruda \u2013 Huta. W cieniu drzewa odbywaj\u0105 si\u0119 miejscowe wydarzenia, a nawet zwyk\u0142y spacer w pobli\u017cu Bolka mo\u017ce przerodzi\u0107 si\u0119 w ciekaw\u0105, przyrodnicz\u0105 przygod\u0119. Zach\u0119camy wi\u0119c do g\u0142osowania oraz odwiedzenia tego wspania\u0142ego drzewa w Hniszowie<\/em> \u2013 m\u00f3wi <strong>Jolanta Migda\u0142<\/strong>, koordynatorka programu \u015awi\u0119to Drzewa Klubu Gaja.<\/p>\n<p>Konkurs Europejskie Drzewo Roku zwraca uwag\u0119 na\u00a0ciekawe drzewa w Europie, jako wa\u017cne elementy dziedzictwa przyrodniczego i kulturowego, kt\u00f3re powinni\u015bmy ceni\u0107 i chroni\u0107. W poprzednich edycjach konkursu polskie drzewa dwukrotnie stawa\u0142y na podium. W 2013 roku platan z K\u00f3z zdoby\u0142 2. miejsce, a w 2014 roku na 3. miejscu uplasowa\u0142 si\u0119 D\u0105b Wybickiego z B\u0119domina.<\/p>\n<p>G\u0142osy na polskie drzewo mo\u017cna odda\u0107 na stronie\u00a0<strong><a href=\"http:\/\/www.treeoftheyear.org\/Letosni-rocnik\/Dub-Bolko.aspx\" target=\"_blank\">www. treeoftheyear.org<\/a><\/strong>\u00a0lub poprzez stron\u0119\u00a0<strong><a href=\"http:\/\/www.swietodrzewa.pl\/\" target=\"_blank\">www.swietodrzewa.pl<\/a><\/strong><\/p>\n<p><strong><a href=\"http:\/\/swietodrzewa.pl\/?page_id=6288\" target=\"_blank\">Wi\u0119cej o d\u0119bie Bolko &gt;&gt;&gt;<\/a><\/strong><\/p>\n<p>Mog\u0105 Pa\u0144stwo pom\u00f3c Klubowi Gaja chroni\u0107 drzewa przekazuj\u0105c\u00a0<strong><a href=\"http:\/\/swietodrzewa.pl\/?page_id=3595\" target=\"_blank\">1% podatku<\/a><\/strong>. Na stronie Klubu Gaja znajdziecie Pa\u0144stwo\u00a0<strong><a href=\"http:\/\/www.e-pity.pl\/program-pity-2015-online0000120069--https:\/www.e-pity.pl\/oppimg\/75dd13c4820b11a1cd1be72a3a0006a3--http:\/www.klubgaja.pl\" target=\"_blank\">Bezp\u0142atny Program PIT<\/a>\u00a0<\/strong>lub w deklaracji podatkowej PIT wystarczy wpisa\u0107\u00a0<strong>KRS: 0000120069<\/strong>.<\/p>\n","protected":false},"excerpt":{"rendered":"<p>Poniedzia\u0142ek 29. lutego to ostatni dzie\u0144 g\u0142osowania w Konkursie Europejskie Drzewo Roku 2016! W ostatnim dniu jawnego g\u0142osowania polski kandydat D\u0105b Bolko z Hniszowa by\u0142 na 4. miejscu. Przed nim na 3. miejscu plasowa\u0142a si\u0119 Sosna \u2013 D\u0105b z Hiszpanii, a tu\u017c za Bolkiem Grusza ze S\u0142owacji. Klub Gaja zach\u0119ca do g\u0142osowania. Walka o podium [&hellip;]<\/p>\n","protected":false},"author":1,"featured_media":6313,"comment_status":"closed","ping_status":"closed","sticky":false,"template":"","format":"standard","meta":{"ngg_post_thumbnail":0},"categories":[14,24,20,17],"tags":[3,18,49,50,5,51,47,117],"_links":{"self":[{"href":"https:\/\/archiwum.swietodrzewa.pl\/index.php?rest_route=\/wp\/v2\/posts\/7028"}],"collection":[{"href":"https:\/\/archiwum.swietodrzewa.pl\/index.php?rest_route=\/wp\/v2\/posts"}],"about":[{"href":"https:\/\/archiwum.swietodrzewa.pl\/index.php?rest_route=\/wp\/v2\/types\/post"}],"author":[{"embeddable":true,"href":"https:\/\/archiwum.swietodrzewa.pl\/index.php?rest_route=\/wp\/v2\/users\/1"}],"replies":[{"embeddable":true,"href":"https:\/\/archiwum.swietodrzewa.pl\/index.php?rest_route=%2Fwp%2Fv2%2Fcomments&post=7028"}],"version-history":[{"count":1,"href":"https:\/\/archiwum.swietodrzewa.pl\/index.php?rest_route=\/wp\/v2\/posts\/7028\/revisions"}],"predecessor-version":[{"id":7030,"href":"https:\/\/archiwum.swietodrzewa.pl\/index.php?rest_route=\/wp\/v2\/posts\/7028\/revisions\/7030"}],"wp:featuredmedia":[{"embeddable":true,"href":"https:\/\/archiwum.swietodrzewa.pl\/index.php?rest_route=\/wp\/v2\/media\/6313"}],"wp:attachment":[{"href":"https:\/\/archiwum.swietodrzewa.pl\/index.php?rest_route=%2Fwp%2Fv2%2Fmedia&parent=7028"}],"wp:term":[{"taxonomy":"category","embeddable":true,"href":"https:\/\/archiwum.swietodrzewa.pl\/index.php?rest_route=%2Fwp%2Fv2%2Fcategories&post=7028"},{"taxonomy":"post_tag","embeddable":true,"href":"https:\/\/archiwum.swietodrzewa.pl\/index.php?rest_route=%2Fwp%2Fv2%2Ftags&post=7028"}],"curies":[{"name":"wp","href":"https:\/\/api.w.org\/{rel}","templated":true}]}}