{"id":7032,"date":"2016-02-25T13:44:15","date_gmt":"2016-02-25T12:44:15","guid":{"rendered":"http:\/\/swietodrzewa.pl\/?p=7032"},"modified":"2016-03-01T14:00:39","modified_gmt":"2016-03-01T13:00:39","slug":"konferencja-w-limanowej","status":"publish","type":"post","link":"https:\/\/archiwum.swietodrzewa.pl\/?p=7032","title":{"rendered":"Konferencja w Limanowej"},"content":{"rendered":"<p><strong>W dniu\u00a023 lutego 2016 r.\u00a0w siedzibie Starostwa Powiatowego w Limanowej odby\u0142a si\u0119 konferencja inauguruj\u0105ca nowy projekt Klubu Gaja pt. \u201e\u015awi\u0119to Drzewa \u2013 w\u015br\u00f3d p\u00f3l\u201d. Wydarzenie organizowane zosta\u0142o przez Klub Gaja i Starostwo Powiatowe w Limanowej.<\/strong><!--more--><\/p>\n<p>Celem konferencji \u201e\u015awi\u0119to Drzewa \u2013 w\u015br\u00f3d p\u00f3l\u201d by\u0142o upowszechnienie wiedzy na temat ochrony r\u00f3\u017cnorodno\u015bci biologicznej na terenach rolniczych, w szczeg\u00f3lno\u015bci w kontek\u015bcie zmian klimatu. Podczas prezentacji zosta\u0142y przedstawione przede wszystkim takie zagadnienia jak znaczenie zadrzewie\u0144 i zakrzewie\u0144 \u015br\u00f3dpolnych, korzy\u015bci p\u0142yn\u0105ce ze zr\u00f3wnowa\u017conego rolnictwa, rola edukacji w kszta\u0142towaniu proekologicznych postaw i zachowa\u0144 na rzecz lokalnego dziedzictwa przyrodniczego i kulturowego.<\/p>\n<p>Konferencj\u0119 otworzy\u0142 Starosta Limanowski\u00a0<strong>Jan Pucha\u0142a<\/strong>, kt\u00f3ry podkre\u015bli\u0142, \u017ce Rada Powiatu tej kadencji bardzo aktywnie bierze udzia\u0142 w r\u00f3\u017cnorodnych dzia\u0142aniach zwi\u0105zanych z ekologi\u0105 \u015brodowiska i rolnictwem.\u00a0<em>Chcemy zach\u0119ci\u0107 mieszka\u0144c\u00f3w teren\u00f3w wiejskich do podejmowania lokalnych dzia\u0142a\u0144 na rzecz sadzenia i ochrony drzew. Wyst\u0119puj\u0105ce na obszarach rolniczych r\u00f3\u017cnego typu zadrzewienia stanowi\u0105 o niepowtarzalnym pi\u0119knie krajobrazu i podnosz\u0105 walory wypoczynkowe miejscowo\u015bci. S\u0105 tak\u017ce ostoj\u0105 dzikiej przyrody i wielkim sojusznikiem rolnik\u00f3w\u00a0\u00a0Za 2013 rok Powiat Limanowski, otrzyma\u0142 w Warszawie najwy\u017csze wyr\u00f3\u017cnienie za d\u0142ugoletni udzia\u0142 i zaanga\u017cowanie w programie \u015awi\u0119to Drzewa. W latach 2005-2015 posadzili\u015bmy ponad 5,5 tysi\u0105ca drzew przy pomocy 15 tys. wolontariuszy<\/em> \u2013powiedzia\u0142 Starosta.<\/p>\n<p><strong>Jacek Bo\u017cek<\/strong>\u00a0z Klubu Gaja przedstawi\u0142 g\u0142\u00f3wne za\u0142o\u017cenia projektu \u201e\u015awi\u0119to Drzewa \u2013 w\u015br\u00f3d p\u00f3l\u201d oraz opowiedzia\u0142 o dzia\u0142aniach edukacyjnych i informacyjnych jakie prowadzi\u0107 b\u0119dziemy w ramach tego przedsi\u0119wzi\u0119cia w latach 2016-2017, takich jak wyk\u0142ady i warsztaty dla dzieci i m\u0142odzie\u017cy z gmin wiejskich, debaty dla spo\u0142eczno\u015bci lokalnych, prezentacje wystawy edukacyjnej po\u015bwi\u0119conej zadrzewieniom \u015br\u00f3dpolnym. M\u00f3wi\u0142 tak\u017ce o wsp\u00f3\u0142pracy ze szko\u0142ami rolniczymi z regionu w ramach kt\u00f3rej powstan\u0105 m.in. modelowe zadrzewienia \u015br\u00f3dpolne, kt\u00f3re pos\u0142u\u017c\u0105 edukacji i Questy \u2013 szlaki turystyczne z zagadkami.<\/p>\n<p>W dalszej cz\u0119\u015bci konferencji uczestnicy mogli wys\u0142ucha\u0107 ciekawych prezentacji zwi\u0105zanych z tematem projektu. Dr hab. prof. U\u015a\u00a0<strong>Zbigniew Wilczek<\/strong>\u00a0z Katedry Ekologii i Ochrony \u015arodowiska Uniwersytetu \u015al\u0105skiego w Katowicach opowiedzia\u0142 o znaczeniu zadrzewie\u0144 \u015br\u00f3dpolnych w krajobrazie i ochronie r\u00f3\u017cnorodno\u015bci biologicznej.\u00a0<strong>Maria Si\u0105ka\u0142a<\/strong>, doradca rolno\u015brodowiskowy ze \u015al\u0105skiego O\u015brodka Doradztwa Rolniczego w Cz\u0119stochowie, przybli\u017cy\u0142a uczestnikom znaczenie zr\u00f3wnowa\u017conego gospodarowania w rolnictwie dla zachowania r\u00f3\u017cnorodno\u015bci biologicznej na terenach wiejskich, a tak\u017ce przedstawi\u0142a g\u0142\u00f3wne za\u0142o\u017cenia Programu Rozwoju Obszar\u00f3w Wiejskich 2014-2020 \u2013 dzia\u0142anie rolno\u015brodowiskowo-klimatyczne. O ptasich porach roku oraz znaczeniu zadrzewie\u0144 \u015br\u00f3dpolnych w zachowaniu populacji zagro\u017conych gatunk\u00f3w ptak\u00f3w opowiedzia\u0142\u00a0<strong>Marcin Karetta\u00a0<\/strong>ze Zwi\u0105zku Polskich Fotograf\u00f3w Przyrody. Na zako\u0144czenie konferencji mogli\u015bmy <strong>Ewa Smuk Stratenwerth<\/strong>\u00a0ze Stowarzyszenia Ekologiczno-Kulturalnego ZIARNO i Ekologicznego Uniwersytetu Ludowego opowiedzia\u0142a zgromadzonym o zasadach rolnictwa ekologicznego i gospodarce cyrkularnej na przyk\u0142adzie gospodarstwa ekologicznego w Grzybowie.<\/p>\n<p>W konferencji wzi\u0119li udzia\u0142 ponadto:\u00a0<strong>Agata Zi\u0119ba<\/strong>\u00a0\u2013 cz\u0142onek Zarz\u0105du Powiatu Limanowskiego,\u00a0<strong>Anna Fabia<\/strong>\u00a0\u2013 dyrektor Wydzia\u0142u Ochrony \u015arodowiska, Rolnictwa i Le\u015bnictwa,\u00a0<strong>Pawe\u0142 Twar\u00f3g<\/strong>\u00a0z Limanowskiego Nadle\u015bnictwa,\u00a0<strong>Jerzy Jab\u0142o\u0144ski<\/strong>\u00a0z powiatowego biura Agencji Restrukturyzacji i Modernizacji Rolnictwa w Warszawie,\u00a0<strong>Leszek Le\u015bnik\u00a0<\/strong>z Zespo\u0142u Doradztwa Rolniczego w Limanowej oraz nauczyciele i przedstawiciele o\u015bciennych gmin. Spotkanie poprowadzi\u0142\u00a0<strong>Piotr Ociepka<\/strong>, inspektor Wydzia\u0142u Ochrony \u015arodowiska, Rolnictwa i Le\u015bnictwa.<\/p>\n<p>Projekt \u201e\u015awi\u0119to Drzewa \u2013 w\u015br\u00f3d p\u00f3l\u201d zosta\u0142 dofinansowany ze \u015brodk\u00f3w Narodowego Funduszu Ochrony \u015arodowiska i Gospodarki Wodnej.<\/p>\n<p>Patronaty: Minister Rolnictwa i Rozwoju Wsi, Marsza\u0142ek Wojew\u00f3dztwa Ma\u0142opolskiego, Wojewoda Ma\u0142opolski, Marsza\u0142ek Wojew\u00f3dztwa Opolskiego, Wojewoda Opolski, Marsza\u0142ek Wojew\u00f3dztwa\u00a0 Podkarpackiego, Wojewoda Podkarpacki, Wojewoda \u015al\u0105ski.<\/p>\n<p>Partnerzy: Lasy Pa\u0144stwowe: Regionalne Dyrekcje Las\u00f3w Pa\u0144stwowych w Katowicach, Regionalna Dyrekcja Las\u00f3w Pa\u0144stwowych w Krakowie, Regionalna Dyrekcja Las\u00f3w Pa\u0144stwowych w \u00a0Kro\u015bnie, Starostwo Powiatowe w Limanowej, Starostwo Powiatowe w Cieszynie, Gmina Tarn\u00f3w Opolski, Gmina Jod\u0142ownik, Gmina Kro\u015bcienko Wy\u017cne.<\/p>\n<p><strong><a href=\"http:\/\/wsrodpol.swietodrzewa.pl\/biblioteka\/\" target=\"_blank\">Zobacz prezentacje z konferencji<\/a><\/strong><\/p>\n<!-- default-view.php -->\n<div\n\tclass=\"ngg-galleryoverview default-view \n\t ngg-ajax-pagination-none\t\"\n\tid=\"ngg-gallery-6526be440158a5df9ec1c661fc2abfc4-1\">\n\n\t\t<!-- Thumbnails -->\n\t\t\t\t<div id=\"ngg-image-0\" class=\"ngg-gallery-thumbnail-box \n\t\t\t\t\t\t\t\t\t\t\t\" \n\t\t\t>\n\t\t\t\t\t\t<div class=\"ngg-gallery-thumbnail\">\n\t\t\t<a href=\"https:\/\/archiwum.swietodrzewa.pl\/wp-content\/gallery\/konferencja-w-limanowej\/konferencja-048.jpg\"\n\t\t\t\ttitle=\"\"\n\t\t\t\tdata-src=\"https:\/\/archiwum.swietodrzewa.pl\/wp-content\/gallery\/konferencja-w-limanowej\/konferencja-048.jpg\"\n\t\t\t\tdata-thumbnail=\"https:\/\/archiwum.swietodrzewa.pl\/wp-content\/gallery\/konferencja-w-limanowej\/thumbs\/thumbs_konferencja-048.jpg\"\n\t\t\t\tdata-image-id=\"1068\"\n\t\t\t\tdata-title=\"Konferencja &quot;\u015awi\u0119to Drzewa w\u015br\u00f3d p\u00f3l&quot; Limanowa 23.02.2016r.\"\n\t\t\t\tdata-description=\"\"\n\t\t\t\tdata-image-slug=\"konferencja-048\"\n\t\t\t\tclass=\"shutterset_6526be440158a5df9ec1c661fc2abfc4\">\n\t\t\t\t<img\n\t\t\t\t\ttitle=\"Konferencja &quot;\u015awi\u0119to Drzewa w\u015br\u00f3d p\u00f3l&quot; Limanowa 23.02.2016r.\"\n\t\t\t\t\talt=\"Konferencja &quot;\u015awi\u0119to Drzewa w\u015br\u00f3d p\u00f3l&quot; Limanowa 23.02.2016r.\"\n\t\t\t\t\tsrc=\"https:\/\/archiwum.swietodrzewa.pl\/wp-content\/gallery\/konferencja-w-limanowej\/thumbs\/thumbs_konferencja-048.jpg\"\n\t\t\t\t\twidth=\"100\"\n\t\t\t\t\theight=\"75\"\n\t\t\t\t\tstyle=\"max-width:100%;\"\n\t\t\t\t\/>\n\t\t\t<\/a>\n\t\t<\/div>\n\t\t\t\t\t\t\t<\/div> \n\t\t\t\n\t\t\t\t<div id=\"ngg-image-1\" class=\"ngg-gallery-thumbnail-box \n\t\t\t\t\t\t\t\t\t\t\t\" \n\t\t\t>\n\t\t\t\t\t\t<div class=\"ngg-gallery-thumbnail\">\n\t\t\t<a href=\"https:\/\/archiwum.swietodrzewa.pl\/wp-content\/gallery\/konferencja-w-limanowej\/konferencja-046.jpg\"\n\t\t\t\ttitle=\"\"\n\t\t\t\tdata-src=\"https:\/\/archiwum.swietodrzewa.pl\/wp-content\/gallery\/konferencja-w-limanowej\/konferencja-046.jpg\"\n\t\t\t\tdata-thumbnail=\"https:\/\/archiwum.swietodrzewa.pl\/wp-content\/gallery\/konferencja-w-limanowej\/thumbs\/thumbs_konferencja-046.jpg\"\n\t\t\t\tdata-image-id=\"1065\"\n\t\t\t\tdata-title=\"Konferencj\u0119 otworzy\u0142 Starosta Limanowski Jan Pucha\u0142a.\"\n\t\t\t\tdata-description=\"\"\n\t\t\t\tdata-image-slug=\"konferencja-046\"\n\t\t\t\tclass=\"shutterset_6526be440158a5df9ec1c661fc2abfc4\">\n\t\t\t\t<img\n\t\t\t\t\ttitle=\"Konferencj\u0119 otworzy\u0142 Starosta Limanowski Jan Pucha\u0142a.\"\n\t\t\t\t\talt=\"Konferencj\u0119 otworzy\u0142 Starosta Limanowski Jan Pucha\u0142a.\"\n\t\t\t\t\tsrc=\"https:\/\/archiwum.swietodrzewa.pl\/wp-content\/gallery\/konferencja-w-limanowej\/thumbs\/thumbs_konferencja-046.jpg\"\n\t\t\t\t\twidth=\"100\"\n\t\t\t\t\theight=\"75\"\n\t\t\t\t\tstyle=\"max-width:100%;\"\n\t\t\t\t\/>\n\t\t\t<\/a>\n\t\t<\/div>\n\t\t\t\t\t\t\t<\/div> \n\t\t\t\n\t\t\t\t<div id=\"ngg-image-2\" class=\"ngg-gallery-thumbnail-box \n\t\t\t\t\t\t\t\t\t\t\t\" \n\t\t\t>\n\t\t\t\t\t\t<div class=\"ngg-gallery-thumbnail\">\n\t\t\t<a href=\"https:\/\/archiwum.swietodrzewa.pl\/wp-content\/gallery\/konferencja-w-limanowej\/konferencja-049.jpg\"\n\t\t\t\ttitle=\"\"\n\t\t\t\tdata-src=\"https:\/\/archiwum.swietodrzewa.pl\/wp-content\/gallery\/konferencja-w-limanowej\/konferencja-049.jpg\"\n\t\t\t\tdata-thumbnail=\"https:\/\/archiwum.swietodrzewa.pl\/wp-content\/gallery\/konferencja-w-limanowej\/thumbs\/thumbs_konferencja-049.jpg\"\n\t\t\t\tdata-image-id=\"1069\"\n\t\t\t\tdata-title=\"Jacek Bo\u017cek z Klubu Gaja przedstawi\u0142 g\u0142\u00f3wne za\u0142o\u017cenia projektu \u201e\u015awi\u0119to Drzewa \u2013 w\u015br\u00f3d p\u00f3l\u201d\"\n\t\t\t\tdata-description=\"\"\n\t\t\t\tdata-image-slug=\"konferencja-049\"\n\t\t\t\tclass=\"shutterset_6526be440158a5df9ec1c661fc2abfc4\">\n\t\t\t\t<img\n\t\t\t\t\ttitle=\"Jacek Bo\u017cek z Klubu Gaja przedstawi\u0142 g\u0142\u00f3wne za\u0142o\u017cenia projektu \u201e\u015awi\u0119to Drzewa \u2013 w\u015br\u00f3d p\u00f3l\u201d\"\n\t\t\t\t\talt=\"Jacek Bo\u017cek z Klubu Gaja przedstawi\u0142 g\u0142\u00f3wne za\u0142o\u017cenia projektu \u201e\u015awi\u0119to Drzewa \u2013 w\u015br\u00f3d p\u00f3l\u201d\"\n\t\t\t\t\tsrc=\"https:\/\/archiwum.swietodrzewa.pl\/wp-content\/gallery\/konferencja-w-limanowej\/thumbs\/thumbs_konferencja-049.jpg\"\n\t\t\t\t\twidth=\"100\"\n\t\t\t\t\theight=\"75\"\n\t\t\t\t\tstyle=\"max-width:100%;\"\n\t\t\t\t\/>\n\t\t\t<\/a>\n\t\t<\/div>\n\t\t\t\t\t\t\t<\/div> \n\t\t\t\n\t\t\t\t<div id=\"ngg-image-3\" class=\"ngg-gallery-thumbnail-box \n\t\t\t\t\t\t\t\t\t\t\t\" \n\t\t\t>\n\t\t\t\t\t\t<div class=\"ngg-gallery-thumbnail\">\n\t\t\t<a href=\"https:\/\/archiwum.swietodrzewa.pl\/wp-content\/gallery\/konferencja-w-limanowej\/konferencja-052.jpg\"\n\t\t\t\ttitle=\"\"\n\t\t\t\tdata-src=\"https:\/\/archiwum.swietodrzewa.pl\/wp-content\/gallery\/konferencja-w-limanowej\/konferencja-052.jpg\"\n\t\t\t\tdata-thumbnail=\"https:\/\/archiwum.swietodrzewa.pl\/wp-content\/gallery\/konferencja-w-limanowej\/thumbs\/thumbs_konferencja-052.jpg\"\n\t\t\t\tdata-image-id=\"1070\"\n\t\t\t\tdata-title=\"Pawe\u0142 Twar\u00f3g z Limanowskiego Nadle\u015bnictwa\"\n\t\t\t\tdata-description=\"\"\n\t\t\t\tdata-image-slug=\"konferencja-052\"\n\t\t\t\tclass=\"shutterset_6526be440158a5df9ec1c661fc2abfc4\">\n\t\t\t\t<img\n\t\t\t\t\ttitle=\"Pawe\u0142 Twar\u00f3g z Limanowskiego Nadle\u015bnictwa\"\n\t\t\t\t\talt=\"Pawe\u0142 Twar\u00f3g z Limanowskiego Nadle\u015bnictwa\"\n\t\t\t\t\tsrc=\"https:\/\/archiwum.swietodrzewa.pl\/wp-content\/gallery\/konferencja-w-limanowej\/thumbs\/thumbs_konferencja-052.jpg\"\n\t\t\t\t\twidth=\"100\"\n\t\t\t\t\theight=\"75\"\n\t\t\t\t\tstyle=\"max-width:100%;\"\n\t\t\t\t\/>\n\t\t\t<\/a>\n\t\t<\/div>\n\t\t\t\t\t\t\t<\/div> \n\t\t\t\n\t\t\t\t<div id=\"ngg-image-4\" class=\"ngg-gallery-thumbnail-box \n\t\t\t\t\t\t\t\t\t\t\t\" \n\t\t\t>\n\t\t\t\t\t\t<div class=\"ngg-gallery-thumbnail\">\n\t\t\t<a href=\"https:\/\/archiwum.swietodrzewa.pl\/wp-content\/gallery\/konferencja-w-limanowej\/konferencja-054.jpg\"\n\t\t\t\ttitle=\"\"\n\t\t\t\tdata-src=\"https:\/\/archiwum.swietodrzewa.pl\/wp-content\/gallery\/konferencja-w-limanowej\/konferencja-054.jpg\"\n\t\t\t\tdata-thumbnail=\"https:\/\/archiwum.swietodrzewa.pl\/wp-content\/gallery\/konferencja-w-limanowej\/thumbs\/thumbs_konferencja-054.jpg\"\n\t\t\t\tdata-image-id=\"1072\"\n\t\t\t\tdata-title=\"Dr hab. prof. U\u015a Zbigniew Wilczek z Katedry Ekologii i Ochrony \u015arodowiska Uniwersytetu \u015al\u0105skiego\"\n\t\t\t\tdata-description=\"\"\n\t\t\t\tdata-image-slug=\"konferencja-054\"\n\t\t\t\tclass=\"shutterset_6526be440158a5df9ec1c661fc2abfc4\">\n\t\t\t\t<img\n\t\t\t\t\ttitle=\"Dr hab. prof. U\u015a Zbigniew Wilczek z Katedry Ekologii i Ochrony \u015arodowiska Uniwersytetu \u015al\u0105skiego\"\n\t\t\t\t\talt=\"Dr hab. prof. U\u015a Zbigniew Wilczek z Katedry Ekologii i Ochrony \u015arodowiska Uniwersytetu \u015al\u0105skiego\"\n\t\t\t\t\tsrc=\"https:\/\/archiwum.swietodrzewa.pl\/wp-content\/gallery\/konferencja-w-limanowej\/thumbs\/thumbs_konferencja-054.jpg\"\n\t\t\t\t\twidth=\"100\"\n\t\t\t\t\theight=\"75\"\n\t\t\t\t\tstyle=\"max-width:100%;\"\n\t\t\t\t\/>\n\t\t\t<\/a>\n\t\t<\/div>\n\t\t\t\t\t\t\t<\/div> \n\t\t\t\n\t\t\t\t<div id=\"ngg-image-5\" class=\"ngg-gallery-thumbnail-box \n\t\t\t\t\t\t\t\t\t\t\t\" \n\t\t\t>\n\t\t\t\t\t\t<div class=\"ngg-gallery-thumbnail\">\n\t\t\t<a href=\"https:\/\/archiwum.swietodrzewa.pl\/wp-content\/gallery\/konferencja-w-limanowej\/konferencja-073.jpg\"\n\t\t\t\ttitle=\"\"\n\t\t\t\tdata-src=\"https:\/\/archiwum.swietodrzewa.pl\/wp-content\/gallery\/konferencja-w-limanowej\/konferencja-073.jpg\"\n\t\t\t\tdata-thumbnail=\"https:\/\/archiwum.swietodrzewa.pl\/wp-content\/gallery\/konferencja-w-limanowej\/thumbs\/thumbs_konferencja-073.jpg\"\n\t\t\t\tdata-image-id=\"1074\"\n\t\t\t\tdata-title=\"Marcin Karetta ze Zwi\u0105zku Polskich Fotograf\u00f3w Przyrody\"\n\t\t\t\tdata-description=\"\"\n\t\t\t\tdata-image-slug=\"konferencja-073\"\n\t\t\t\tclass=\"shutterset_6526be440158a5df9ec1c661fc2abfc4\">\n\t\t\t\t<img\n\t\t\t\t\ttitle=\"Marcin Karetta ze Zwi\u0105zku Polskich Fotograf\u00f3w Przyrody\"\n\t\t\t\t\talt=\"Marcin Karetta ze Zwi\u0105zku Polskich Fotograf\u00f3w Przyrody\"\n\t\t\t\t\tsrc=\"https:\/\/archiwum.swietodrzewa.pl\/wp-content\/gallery\/konferencja-w-limanowej\/thumbs\/thumbs_konferencja-073.jpg\"\n\t\t\t\t\twidth=\"100\"\n\t\t\t\t\theight=\"75\"\n\t\t\t\t\tstyle=\"max-width:100%;\"\n\t\t\t\t\/>\n\t\t\t<\/a>\n\t\t<\/div>\n\t\t\t\t\t\t\t<\/div> \n\t\t\t\n\t\t\t\t<div id=\"ngg-image-6\" class=\"ngg-gallery-thumbnail-box \n\t\t\t\t\t\t\t\t\t\t\t\" \n\t\t\t>\n\t\t\t\t\t\t<div class=\"ngg-gallery-thumbnail\">\n\t\t\t<a href=\"https:\/\/archiwum.swietodrzewa.pl\/wp-content\/gallery\/konferencja-w-limanowej\/konferencja-062.jpg\"\n\t\t\t\ttitle=\"\"\n\t\t\t\tdata-src=\"https:\/\/archiwum.swietodrzewa.pl\/wp-content\/gallery\/konferencja-w-limanowej\/konferencja-062.jpg\"\n\t\t\t\tdata-thumbnail=\"https:\/\/archiwum.swietodrzewa.pl\/wp-content\/gallery\/konferencja-w-limanowej\/thumbs\/thumbs_konferencja-062.jpg\"\n\t\t\t\tdata-image-id=\"1071\"\n\t\t\t\tdata-title=\"Maria Si\u0105ka\u0142a, doradca rolno\u015brodowiskowy ze \u015al\u0105skiego O\u015brodka Doradztwa Rolniczego w Cz\u0119stochowie\"\n\t\t\t\tdata-description=\"\"\n\t\t\t\tdata-image-slug=\"konferencja-062\"\n\t\t\t\tclass=\"shutterset_6526be440158a5df9ec1c661fc2abfc4\">\n\t\t\t\t<img\n\t\t\t\t\ttitle=\"Maria Si\u0105ka\u0142a, doradca rolno\u015brodowiskowy ze \u015al\u0105skiego O\u015brodka Doradztwa Rolniczego w Cz\u0119stochowie\"\n\t\t\t\t\talt=\"Maria Si\u0105ka\u0142a, doradca rolno\u015brodowiskowy ze \u015al\u0105skiego O\u015brodka Doradztwa Rolniczego w Cz\u0119stochowie\"\n\t\t\t\t\tsrc=\"https:\/\/archiwum.swietodrzewa.pl\/wp-content\/gallery\/konferencja-w-limanowej\/thumbs\/thumbs_konferencja-062.jpg\"\n\t\t\t\t\twidth=\"100\"\n\t\t\t\t\theight=\"75\"\n\t\t\t\t\tstyle=\"max-width:100%;\"\n\t\t\t\t\/>\n\t\t\t<\/a>\n\t\t<\/div>\n\t\t\t\t\t\t\t<\/div> \n\t\t\t\n\t\t\t\t<div id=\"ngg-image-7\" class=\"ngg-gallery-thumbnail-box \n\t\t\t\t\t\t\t\t\t\t\t\" \n\t\t\t>\n\t\t\t\t\t\t<div class=\"ngg-gallery-thumbnail\">\n\t\t\t<a href=\"https:\/\/archiwum.swietodrzewa.pl\/wp-content\/gallery\/konferencja-w-limanowej\/konferencja-069.jpg\"\n\t\t\t\ttitle=\"\"\n\t\t\t\tdata-src=\"https:\/\/archiwum.swietodrzewa.pl\/wp-content\/gallery\/konferencja-w-limanowej\/konferencja-069.jpg\"\n\t\t\t\tdata-thumbnail=\"https:\/\/archiwum.swietodrzewa.pl\/wp-content\/gallery\/konferencja-w-limanowej\/thumbs\/thumbs_konferencja-069.jpg\"\n\t\t\t\tdata-image-id=\"1073\"\n\t\t\t\tdata-title=\"Ewa Smuk Stratenwerth ze Stowarzyszenia Ekologiczno-Kulturalnego ZIARNO i Ekologicznego Uniwersytetu Ludowego\"\n\t\t\t\tdata-description=\"\"\n\t\t\t\tdata-image-slug=\"konferencja-069\"\n\t\t\t\tclass=\"shutterset_6526be440158a5df9ec1c661fc2abfc4\">\n\t\t\t\t<img\n\t\t\t\t\ttitle=\"Ewa Smuk Stratenwerth ze Stowarzyszenia Ekologiczno-Kulturalnego ZIARNO i Ekologicznego Uniwersytetu Ludowego\"\n\t\t\t\t\talt=\"Ewa Smuk Stratenwerth ze Stowarzyszenia Ekologiczno-Kulturalnego ZIARNO i Ekologicznego Uniwersytetu Ludowego\"\n\t\t\t\t\tsrc=\"https:\/\/archiwum.swietodrzewa.pl\/wp-content\/gallery\/konferencja-w-limanowej\/thumbs\/thumbs_konferencja-069.jpg\"\n\t\t\t\t\twidth=\"100\"\n\t\t\t\t\theight=\"75\"\n\t\t\t\t\tstyle=\"max-width:100%;\"\n\t\t\t\t\/>\n\t\t\t<\/a>\n\t\t<\/div>\n\t\t\t\t\t\t\t<\/div> \n\t\t\t\n\t\t\t\t<div id=\"ngg-image-8\" class=\"ngg-gallery-thumbnail-box \n\t\t\t\t\t\t\t\t\t\t\t\" \n\t\t\t>\n\t\t\t\t\t\t<div class=\"ngg-gallery-thumbnail\">\n\t\t\t<a href=\"https:\/\/archiwum.swietodrzewa.pl\/wp-content\/gallery\/konferencja-w-limanowej\/konferencja-018.jpg\"\n\t\t\t\ttitle=\"\"\n\t\t\t\tdata-src=\"https:\/\/archiwum.swietodrzewa.pl\/wp-content\/gallery\/konferencja-w-limanowej\/konferencja-018.jpg\"\n\t\t\t\tdata-thumbnail=\"https:\/\/archiwum.swietodrzewa.pl\/wp-content\/gallery\/konferencja-w-limanowej\/thumbs\/thumbs_konferencja-018.jpg\"\n\t\t\t\tdata-image-id=\"1066\"\n\t\t\t\tdata-title=\"Jolanta Migda\u0142 koordynatorka programu \u015awi\u0119to Drzewa Klubu Gaja\"\n\t\t\t\tdata-description=\"\"\n\t\t\t\tdata-image-slug=\"konferencja-018\"\n\t\t\t\tclass=\"shutterset_6526be440158a5df9ec1c661fc2abfc4\">\n\t\t\t\t<img\n\t\t\t\t\ttitle=\"Jolanta Migda\u0142 koordynatorka programu \u015awi\u0119to Drzewa Klubu Gaja\"\n\t\t\t\t\talt=\"Jolanta Migda\u0142 koordynatorka programu \u015awi\u0119to Drzewa Klubu Gaja\"\n\t\t\t\t\tsrc=\"https:\/\/archiwum.swietodrzewa.pl\/wp-content\/gallery\/konferencja-w-limanowej\/thumbs\/thumbs_konferencja-018.jpg\"\n\t\t\t\t\twidth=\"100\"\n\t\t\t\t\theight=\"75\"\n\t\t\t\t\tstyle=\"max-width:100%;\"\n\t\t\t\t\/>\n\t\t\t<\/a>\n\t\t<\/div>\n\t\t\t\t\t\t\t<\/div> \n\t\t\t\n\t\t\t\t<div id=\"ngg-image-9\" class=\"ngg-gallery-thumbnail-box \n\t\t\t\t\t\t\t\t\t\t\t\" \n\t\t\t>\n\t\t\t\t\t\t<div class=\"ngg-gallery-thumbnail\">\n\t\t\t<a href=\"https:\/\/archiwum.swietodrzewa.pl\/wp-content\/gallery\/konferencja-w-limanowej\/konferencja-026.jpg\"\n\t\t\t\ttitle=\"\"\n\t\t\t\tdata-src=\"https:\/\/archiwum.swietodrzewa.pl\/wp-content\/gallery\/konferencja-w-limanowej\/konferencja-026.jpg\"\n\t\t\t\tdata-thumbnail=\"https:\/\/archiwum.swietodrzewa.pl\/wp-content\/gallery\/konferencja-w-limanowej\/thumbs\/thumbs_konferencja-026.jpg\"\n\t\t\t\tdata-image-id=\"1067\"\n\t\t\t\tdata-title=\"Podczas konferencji.\"\n\t\t\t\tdata-description=\"\"\n\t\t\t\tdata-image-slug=\"konferencja-026\"\n\t\t\t\tclass=\"shutterset_6526be440158a5df9ec1c661fc2abfc4\">\n\t\t\t\t<img\n\t\t\t\t\ttitle=\"Podczas konferencji.\"\n\t\t\t\t\talt=\"Podczas konferencji.\"\n\t\t\t\t\tsrc=\"https:\/\/archiwum.swietodrzewa.pl\/wp-content\/gallery\/konferencja-w-limanowej\/thumbs\/thumbs_konferencja-026.jpg\"\n\t\t\t\t\twidth=\"100\"\n\t\t\t\t\theight=\"75\"\n\t\t\t\t\tstyle=\"max-width:100%;\"\n\t\t\t\t\/>\n\t\t\t<\/a>\n\t\t<\/div>\n\t\t\t\t\t\t\t<\/div> \n\t\t\t\n\t\n\t<br style=\"clear: both\" \/>\n\n\t\n\t\t<!-- Pagination -->\n\t\t<div class='ngg-clear'><\/div>\t<\/div>\n\n","protected":false},"excerpt":{"rendered":"<p>W dniu\u00a023 lutego 2016 r.\u00a0w siedzibie Starostwa Powiatowego w Limanowej odby\u0142a si\u0119 konferencja inauguruj\u0105ca nowy projekt Klubu Gaja pt. \u201e\u015awi\u0119to Drzewa \u2013 w\u015br\u00f3d p\u00f3l\u201d. Wydarzenie organizowane zosta\u0142o przez Klub Gaja i Starostwo Powiatowe w Limanowej.<\/p>\n","protected":false},"author":1,"featured_media":7033,"comment_status":"closed","ping_status":"closed","sticky":false,"template":"","format":"standard","meta":{"ngg_post_thumbnail":0},"categories":[14,16,13],"tags":[3,18,5,47,117],"_links":{"self":[{"href":"https:\/\/archiwum.swietodrzewa.pl\/index.php?rest_route=\/wp\/v2\/posts\/7032"}],"collection":[{"href":"https:\/\/archiwum.swietodrzewa.pl\/index.php?rest_route=\/wp\/v2\/posts"}],"about":[{"href":"https:\/\/archiwum.swietodrzewa.pl\/index.php?rest_route=\/wp\/v2\/types\/post"}],"author":[{"embeddable":true,"href":"https:\/\/archiwum.swietodrzewa.pl\/index.php?rest_route=\/wp\/v2\/users\/1"}],"replies":[{"embeddable":true,"href":"https:\/\/archiwum.swietodrzewa.pl\/index.php?rest_route=%2Fwp%2Fv2%2Fcomments&post=7032"}],"version-history":[{"count":4,"href":"https:\/\/archiwum.swietodrzewa.pl\/index.php?rest_route=\/wp\/v2\/posts\/7032\/revisions"}],"predecessor-version":[{"id":7059,"href":"https:\/\/archiwum.swietodrzewa.pl\/index.php?rest_route=\/wp\/v2\/posts\/7032\/revisions\/7059"}],"wp:featuredmedia":[{"embeddable":true,"href":"https:\/\/archiwum.swietodrzewa.pl\/index.php?rest_route=\/wp\/v2\/media\/7033"}],"wp:attachment":[{"href":"https:\/\/archiwum.swietodrzewa.pl\/index.php?rest_route=%2Fwp%2Fv2%2Fmedia&parent=7032"}],"wp:term":[{"taxonomy":"category","embeddable":true,"href":"https:\/\/archiwum.swietodrzewa.pl\/index.php?rest_route=%2Fwp%2Fv2%2Fcategories&post=7032"},{"taxonomy":"post_tag","embeddable":true,"href":"https:\/\/archiwum.swietodrzewa.pl\/index.php?rest_route=%2Fwp%2Fv2%2Ftags&post=7032"}],"curies":[{"name":"wp","href":"https:\/\/api.w.org\/{rel}","templated":true}]}}