{"id":7229,"date":"2016-04-14T11:08:11","date_gmt":"2016-04-14T09:08:11","guid":{"rendered":"http:\/\/swietodrzewa.pl\/?p=7229"},"modified":"2016-04-14T11:15:56","modified_gmt":"2016-04-14T09:15:56","slug":"fryzjerzy-davines-zasadzili-drzewa-w-beskidach","status":"publish","type":"post","link":"https:\/\/archiwum.swietodrzewa.pl\/?p=7229","title":{"rendered":"Fryzjerzy Davines zasadzili drzewa w Beskidach"},"content":{"rendered":"<p><strong>Bran\u017ca beauty mo\u017ce przyczynia\u0107 si\u0119 do ochrony \u015brodowiska. Fryzjerzy zwi\u0105zani z mark\u0105 kosmetyczn\u0105 Davines zasadzili na pocz\u0105tku kwietnia drzewa w Beskidach. Dzia\u0142anie to odby\u0142o si\u0119 w ramach fina\u0142u og\u00f3lnopolskiego projektu Dzie\u0144 Zr\u00f3wnowa\u017conego Pi\u0119kna. Dwa miesi\u0105ce wcze\u015bniej w salonach fryzjerskich odby\u0142a si\u0119 zbi\u00f3rka funduszy na zakup sadzonek. W sumie zakupiono ich 900. Partnerem projektu by\u0142 Klub Gaja. <\/strong><!--more--><\/p>\n<p><em>\u00a0\u201eZr\u00f3wnowa\u017cone pi\u0119kno\u201d to zasada, kt\u00f3r\u0105 marka Davines kieruje si\u0119 w swoich dzia\u0142aniach biznesowych. Uwa\u017camy, \u017ce je\u015bli kto\u015b ma czas, aby dba\u0107 o swoje zewn\u0119trzne pi\u0119kno, to znajdzie te\u017c czas na dbanie o pi\u0119kno i dobro naszej planety. Pokazuje to cho\u0107by przyk\u0142ad fryzjer\u00f3w, kt\u00f3rzy zjechali si\u0119 z ca\u0142ej Polski do Doliny Wapienicy w Beskidach, aby wsp\u00f3lnie zasadzi\u0107 drzewa. Nie by\u0142o \u0142atwo. Niekt\u00f3rzy, z p\u00f3\u0142nocy Polski, jechali nawet ponad 7 godzin samochodem. Do tego akurat w dniu wydarzenia by\u0142o ch\u0142odno i pada\u0142 deszcz, no i by\u0142a to niedziela. Warto podkre\u015bli\u0107 te\u017c, \u017ce sam udzia\u0142 w akcji by\u0142 dobrowolny. Okazuje si\u0119 jednak, \u017ce dla chc\u0105cego nie ma nic trudnego<\/em> \u2013 podkre\u015bla <strong>Marek Graniszewski<\/strong> z Davines.<\/p>\n<p>W Dniu Zr\u00f3wnowa\u017conego Pi\u0119kna, kt\u00f3rego pierwszy etap odby\u0142 si\u0119 6 lutego 2016 r., wzi\u0119\u0142o udzia\u0142 71 salon\u00f3w fryzjerskich z ca\u0142ej Polski. Niekt\u00f3re salony przekaza\u0142y na cel akcji cz\u0119\u015b\u0107 swojego utargu z tego dnia. Za zebrane \u015brodki zakupione zosta\u0142y sadzonki r\u00f3\u017cnych gatunk\u00f3w drzew i krzew\u00f3w owocowych: grusze, jab\u0142onie, \u015bliwy, g\u0142ogi, tarniny. Gatunki te zosta\u0142y wybranie nieprzypadkowo \u2013 po pierwsze s\u0105 to gatunki, kt\u00f3re dobrze si\u0119 przyjm\u0105 w Beskidach, a po drugie \u2013 owocami zasadzonych krzew\u00f3w po\u017cywi\u0105 si\u0119 tak\u017ce owady, ptaki i wi\u0119ksze zwierz\u0119ta. Pod wzgl\u0119dem merytorycznym Davines uzyska\u0142 wsparcie Klubu Gaja. Ta wsp\u00f3\u0142praca pokazuje, jak bardzo efektywnie mo\u017ce wsp\u00f3\u0142dzia\u0142a\u0107 biznes oraz organizacje pozarz\u0105dowe i jak wiele mo\u017cna osi\u0105gn\u0105\u0107 razem.<\/p>\n<p><em>Deszczowy dzie\u0144 sprzyja sadzeniu drzew. Wilgotna ziemia i woda sprawiaj\u0105, \u017ce sadzonki lepiej znosz\u0105 przeprowadzk\u0119. Niedzielne sadzenie w Dolinie Wapienicy w Beskidzie \u015al\u0105skim mia\u0142o te\u017c wymiar sentymentalny dla cz\u0142onk\u00f3w Klubu Gaja bior\u0105cych udzia\u0142 w wydarzeniu. I dla mnie osobi\u015bcie te\u017c. Mo\u017cna powiedzie\u0107, \u017ce to tutaj w Dolinie Wapienicy bra\u0142 pocz\u0105tek jeden z nurt\u00f3w polskiego ruchu ekologicznego. Wraz z przyjaci\u00f3\u0142mi na czele z Januszem Korbelem po\u015bwi\u0119cili\u015bmy wiele lat na wsp\u00f3ln\u0105 prac\u0119 dla tego miejsca. To mi\u0142e, \u017ce teraz mo\u017cemy sadzi\u0107 drzewa z naszymi partnerami i le\u015bnikami. Zawsze preferowa\u0142em wsp\u00f3\u0142prac\u0119, a tutaj si\u0119 to uda\u0142o<\/em> \u2013 powiedzia\u0142 <strong>Jacek Bo\u017cek<\/strong>, za\u0142o\u017cyciel Klubu Gaja.<\/p>\n<p><em>Bardzo cieszymy si\u0119 z efekt\u00f3w projektu. By\u0142a to pierwsza tego typu akcja, jak\u0105 Davines zorganizowa\u0142 w Polsce. Okazuje si\u0119, \u017ce w\u015br\u00f3d fryzjer\u00f3w oraz ich klient\u00f3w jest bardzo du\u017co os\u00f3b, kt\u00f3rym nasza planeta nie jest oboj\u0119tna. To wa\u017cne, zw\u0142aszcza w kontek\u015bcie niepokoj\u0105cych danych, z kt\u00f3rych wynika, \u017ce polskie powietrze jest najbardziej zanieczyszczone w ca\u0142ej Unii Europejskiej<\/em> \u2013 dodaje <strong>Marek Graniszewski<\/strong>.<\/p>\n<p>Dzie\u0144 Zr\u00f3wnowa\u017conego Pi\u0119kna jest autorsk\u0105 inicjatyw\u0105 w\u0142oskiej firmy Davines, producenta kosmetyk\u00f3w do piel\u0119gnacji, stylizacji i koloryzacji w\u0142os\u00f3w. Na \u015bwiecie odbywa si\u0119 on pod nazw\u0105 Sustainable Beauty Day i jest od lat organizowany we W\u0142oszech, Francji, w Hiszpanii, Norwegii, Szwecji, Kanadzie i USA. Fundusze zebrane w ramach akcji zosta\u0142y ju\u017c przeznaczone na zasadzenie drzew w Mozambiku, Brazylii, Indonezji, W\u0142oszech czy na Madagaskarze.<\/p>\n<p>Projekt jest nie tylko przyk\u0142adem przedsi\u0119wzi\u0119cia o proekologicznym charakterze, ale r\u00f3wnie\u017c pokazuje, jak firmy z bran\u017cy beauty mog\u0105 dzia\u0142a\u0107 na rzecz ochrony \u015brodowiska. W Davines takie dzia\u0142ania to podstawa. Firma dba o to, by podczas produkcji kosmetyk\u00f3w mie\u0107 jak najmniejszy wp\u0142yw na natur\u0119, wspiera ochron\u0119 bior\u00f3\u017cnorodno\u015bci \u017cycia na Ziemi, korzysta z odnawialnych \u017ar\u00f3de\u0142 energii, uczestniczy w projekcie Zero Impact Life Gate. Zgodnie z projektem Zero Impact\u00ae LifeGate, emisja CO<sub>2<\/sub> generowana podczas produkcji opakowa\u0144 produkt\u00f3w jest rekompensowana przez dzia\u0142alno\u015b\u0107 polegaj\u0105c\u0105 na sadzeniu i ochronie istniej\u0105cych las\u00f3w w r\u00f3\u017cnych cz\u0119\u015bciach \u015bwiata.<\/p>\n<!-- default-view.php -->\n<div\n\tclass=\"ngg-galleryoverview default-view \n\t ngg-ajax-pagination-none\t\"\n\tid=\"ngg-gallery-662b7e9b98aa6059a1337f5c28c3b109-1\">\n\n\t\t<!-- Thumbnails -->\n\t\t\t\t<div id=\"ngg-image-0\" class=\"ngg-gallery-thumbnail-box \n\t\t\t\t\t\t\t\t\t\t\t\" \n\t\t\t>\n\t\t\t\t\t\t<div class=\"ngg-gallery-thumbnail\">\n\t\t\t<a href=\"https:\/\/archiwum.swietodrzewa.pl\/wp-content\/gallery\/davines-sadzi-drzewa\/Sadzenie_Daviness-138.jpg\"\n\t\t\t\ttitle=\"\"\n\t\t\t\tdata-src=\"https:\/\/archiwum.swietodrzewa.pl\/wp-content\/gallery\/davines-sadzi-drzewa\/Sadzenie_Daviness-138.jpg\"\n\t\t\t\tdata-thumbnail=\"https:\/\/archiwum.swietodrzewa.pl\/wp-content\/gallery\/davines-sadzi-drzewa\/thumbs\/thumbs_Sadzenie_Daviness-138.jpg\"\n\t\t\t\tdata-image-id=\"1090\"\n\t\t\t\tdata-title=\"Sadzenie drzew z Dvines Polska. Wapienica. Bielsko-Bia\u0142a. 3.04.2016.\"\n\t\t\t\tdata-description=\"\"\n\t\t\t\tdata-image-slug=\"sadzenie_daviness-138\"\n\t\t\t\tclass=\"shutterset_662b7e9b98aa6059a1337f5c28c3b109\">\n\t\t\t\t<img\n\t\t\t\t\ttitle=\"Sadzenie drzew z Dvines Polska. Wapienica. Bielsko-Bia\u0142a. 3.04.2016.\"\n\t\t\t\t\talt=\"Sadzenie drzew z Dvines Polska. Wapienica. Bielsko-Bia\u0142a. 3.04.2016.\"\n\t\t\t\t\tsrc=\"https:\/\/archiwum.swietodrzewa.pl\/wp-content\/gallery\/davines-sadzi-drzewa\/thumbs\/thumbs_Sadzenie_Daviness-138.jpg\"\n\t\t\t\t\twidth=\"100\"\n\t\t\t\t\theight=\"75\"\n\t\t\t\t\tstyle=\"max-width:100%;\"\n\t\t\t\t\/>\n\t\t\t<\/a>\n\t\t<\/div>\n\t\t\t\t\t\t\t<\/div> \n\t\t\t\n\t\t\t\t<div id=\"ngg-image-1\" class=\"ngg-gallery-thumbnail-box \n\t\t\t\t\t\t\t\t\t\t\t\" \n\t\t\t>\n\t\t\t\t\t\t<div class=\"ngg-gallery-thumbnail\">\n\t\t\t<a href=\"https:\/\/archiwum.swietodrzewa.pl\/wp-content\/gallery\/davines-sadzi-drzewa\/Sadzenie_Daviness-143.jpg\"\n\t\t\t\ttitle=\"\"\n\t\t\t\tdata-src=\"https:\/\/archiwum.swietodrzewa.pl\/wp-content\/gallery\/davines-sadzi-drzewa\/Sadzenie_Daviness-143.jpg\"\n\t\t\t\tdata-thumbnail=\"https:\/\/archiwum.swietodrzewa.pl\/wp-content\/gallery\/davines-sadzi-drzewa\/thumbs\/thumbs_Sadzenie_Daviness-143.jpg\"\n\t\t\t\tdata-image-id=\"1091\"\n\t\t\t\tdata-title=\"Sadzenie drzew z Dvines Polska. Wapienica. Bielsko-Bia\u0142a. 3.04.2016.\"\n\t\t\t\tdata-description=\"\"\n\t\t\t\tdata-image-slug=\"sadzenie_daviness-143\"\n\t\t\t\tclass=\"shutterset_662b7e9b98aa6059a1337f5c28c3b109\">\n\t\t\t\t<img\n\t\t\t\t\ttitle=\"Sadzenie drzew z Dvines Polska. Wapienica. Bielsko-Bia\u0142a. 3.04.2016.\"\n\t\t\t\t\talt=\"Sadzenie drzew z Dvines Polska. Wapienica. Bielsko-Bia\u0142a. 3.04.2016.\"\n\t\t\t\t\tsrc=\"https:\/\/archiwum.swietodrzewa.pl\/wp-content\/gallery\/davines-sadzi-drzewa\/thumbs\/thumbs_Sadzenie_Daviness-143.jpg\"\n\t\t\t\t\twidth=\"100\"\n\t\t\t\t\theight=\"75\"\n\t\t\t\t\tstyle=\"max-width:100%;\"\n\t\t\t\t\/>\n\t\t\t<\/a>\n\t\t<\/div>\n\t\t\t\t\t\t\t<\/div> \n\t\t\t\n\t\t\t\t<div id=\"ngg-image-2\" class=\"ngg-gallery-thumbnail-box \n\t\t\t\t\t\t\t\t\t\t\t\" \n\t\t\t>\n\t\t\t\t\t\t<div class=\"ngg-gallery-thumbnail\">\n\t\t\t<a href=\"https:\/\/archiwum.swietodrzewa.pl\/wp-content\/gallery\/davines-sadzi-drzewa\/Sadzenie_Daviness-145.jpg\"\n\t\t\t\ttitle=\"\"\n\t\t\t\tdata-src=\"https:\/\/archiwum.swietodrzewa.pl\/wp-content\/gallery\/davines-sadzi-drzewa\/Sadzenie_Daviness-145.jpg\"\n\t\t\t\tdata-thumbnail=\"https:\/\/archiwum.swietodrzewa.pl\/wp-content\/gallery\/davines-sadzi-drzewa\/thumbs\/thumbs_Sadzenie_Daviness-145.jpg\"\n\t\t\t\tdata-image-id=\"1092\"\n\t\t\t\tdata-title=\"Sadzenie drzew z Dvines Polska. Wapienica. Bielsko-Bia\u0142a. 3.04.2016.\"\n\t\t\t\tdata-description=\"\"\n\t\t\t\tdata-image-slug=\"sadzenie_daviness-145\"\n\t\t\t\tclass=\"shutterset_662b7e9b98aa6059a1337f5c28c3b109\">\n\t\t\t\t<img\n\t\t\t\t\ttitle=\"Sadzenie drzew z Dvines Polska. Wapienica. Bielsko-Bia\u0142a. 3.04.2016.\"\n\t\t\t\t\talt=\"Sadzenie drzew z Dvines Polska. Wapienica. Bielsko-Bia\u0142a. 3.04.2016.\"\n\t\t\t\t\tsrc=\"https:\/\/archiwum.swietodrzewa.pl\/wp-content\/gallery\/davines-sadzi-drzewa\/thumbs\/thumbs_Sadzenie_Daviness-145.jpg\"\n\t\t\t\t\twidth=\"100\"\n\t\t\t\t\theight=\"75\"\n\t\t\t\t\tstyle=\"max-width:100%;\"\n\t\t\t\t\/>\n\t\t\t<\/a>\n\t\t<\/div>\n\t\t\t\t\t\t\t<\/div> \n\t\t\t\n\t\t\t\t<div id=\"ngg-image-3\" class=\"ngg-gallery-thumbnail-box \n\t\t\t\t\t\t\t\t\t\t\t\" \n\t\t\t>\n\t\t\t\t\t\t<div class=\"ngg-gallery-thumbnail\">\n\t\t\t<a href=\"https:\/\/archiwum.swietodrzewa.pl\/wp-content\/gallery\/davines-sadzi-drzewa\/Sadzenie_Daviness-146.jpg\"\n\t\t\t\ttitle=\"\"\n\t\t\t\tdata-src=\"https:\/\/archiwum.swietodrzewa.pl\/wp-content\/gallery\/davines-sadzi-drzewa\/Sadzenie_Daviness-146.jpg\"\n\t\t\t\tdata-thumbnail=\"https:\/\/archiwum.swietodrzewa.pl\/wp-content\/gallery\/davines-sadzi-drzewa\/thumbs\/thumbs_Sadzenie_Daviness-146.jpg\"\n\t\t\t\tdata-image-id=\"1093\"\n\t\t\t\tdata-title=\"Sadzenie drzew z Dvines Polska. Wapienica. Bielsko-Bia\u0142a. 3.04.2016.\"\n\t\t\t\tdata-description=\"\"\n\t\t\t\tdata-image-slug=\"sadzenie_daviness-146\"\n\t\t\t\tclass=\"shutterset_662b7e9b98aa6059a1337f5c28c3b109\">\n\t\t\t\t<img\n\t\t\t\t\ttitle=\"Sadzenie drzew z Dvines Polska. Wapienica. Bielsko-Bia\u0142a. 3.04.2016.\"\n\t\t\t\t\talt=\"Sadzenie drzew z Dvines Polska. Wapienica. Bielsko-Bia\u0142a. 3.04.2016.\"\n\t\t\t\t\tsrc=\"https:\/\/archiwum.swietodrzewa.pl\/wp-content\/gallery\/davines-sadzi-drzewa\/thumbs\/thumbs_Sadzenie_Daviness-146.jpg\"\n\t\t\t\t\twidth=\"100\"\n\t\t\t\t\theight=\"75\"\n\t\t\t\t\tstyle=\"max-width:100%;\"\n\t\t\t\t\/>\n\t\t\t<\/a>\n\t\t<\/div>\n\t\t\t\t\t\t\t<\/div> \n\t\t\t\n\t\t\t\t<div id=\"ngg-image-4\" class=\"ngg-gallery-thumbnail-box \n\t\t\t\t\t\t\t\t\t\t\t\" \n\t\t\t>\n\t\t\t\t\t\t<div class=\"ngg-gallery-thumbnail\">\n\t\t\t<a href=\"https:\/\/archiwum.swietodrzewa.pl\/wp-content\/gallery\/davines-sadzi-drzewa\/Sadzenie_Daviness-148.jpg\"\n\t\t\t\ttitle=\"\"\n\t\t\t\tdata-src=\"https:\/\/archiwum.swietodrzewa.pl\/wp-content\/gallery\/davines-sadzi-drzewa\/Sadzenie_Daviness-148.jpg\"\n\t\t\t\tdata-thumbnail=\"https:\/\/archiwum.swietodrzewa.pl\/wp-content\/gallery\/davines-sadzi-drzewa\/thumbs\/thumbs_Sadzenie_Daviness-148.jpg\"\n\t\t\t\tdata-image-id=\"1094\"\n\t\t\t\tdata-title=\"Sadzenie drzew z Dvines Polska. Wapienica. Bielsko-Bia\u0142a. 3.04.2016.\"\n\t\t\t\tdata-description=\"\"\n\t\t\t\tdata-image-slug=\"sadzenie_daviness-148\"\n\t\t\t\tclass=\"shutterset_662b7e9b98aa6059a1337f5c28c3b109\">\n\t\t\t\t<img\n\t\t\t\t\ttitle=\"Sadzenie drzew z Dvines Polska. Wapienica. Bielsko-Bia\u0142a. 3.04.2016.\"\n\t\t\t\t\talt=\"Sadzenie drzew z Dvines Polska. Wapienica. Bielsko-Bia\u0142a. 3.04.2016.\"\n\t\t\t\t\tsrc=\"https:\/\/archiwum.swietodrzewa.pl\/wp-content\/gallery\/davines-sadzi-drzewa\/thumbs\/thumbs_Sadzenie_Daviness-148.jpg\"\n\t\t\t\t\twidth=\"100\"\n\t\t\t\t\theight=\"75\"\n\t\t\t\t\tstyle=\"max-width:100%;\"\n\t\t\t\t\/>\n\t\t\t<\/a>\n\t\t<\/div>\n\t\t\t\t\t\t\t<\/div> \n\t\t\t\n\t\t\t\t<div id=\"ngg-image-5\" class=\"ngg-gallery-thumbnail-box \n\t\t\t\t\t\t\t\t\t\t\t\" \n\t\t\t>\n\t\t\t\t\t\t<div class=\"ngg-gallery-thumbnail\">\n\t\t\t<a href=\"https:\/\/archiwum.swietodrzewa.pl\/wp-content\/gallery\/davines-sadzi-drzewa\/Sadzenie_Daviness-160.jpg\"\n\t\t\t\ttitle=\"\"\n\t\t\t\tdata-src=\"https:\/\/archiwum.swietodrzewa.pl\/wp-content\/gallery\/davines-sadzi-drzewa\/Sadzenie_Daviness-160.jpg\"\n\t\t\t\tdata-thumbnail=\"https:\/\/archiwum.swietodrzewa.pl\/wp-content\/gallery\/davines-sadzi-drzewa\/thumbs\/thumbs_Sadzenie_Daviness-160.jpg\"\n\t\t\t\tdata-image-id=\"1095\"\n\t\t\t\tdata-title=\"Sadzenie drzew z Dvines Polska. Wapienica. Bielsko-Bia\u0142a. 3.04.2016.\"\n\t\t\t\tdata-description=\"\"\n\t\t\t\tdata-image-slug=\"sadzenie_daviness-160\"\n\t\t\t\tclass=\"shutterset_662b7e9b98aa6059a1337f5c28c3b109\">\n\t\t\t\t<img\n\t\t\t\t\ttitle=\"Sadzenie drzew z Dvines Polska. Wapienica. Bielsko-Bia\u0142a. 3.04.2016.\"\n\t\t\t\t\talt=\"Sadzenie drzew z Dvines Polska. Wapienica. Bielsko-Bia\u0142a. 3.04.2016.\"\n\t\t\t\t\tsrc=\"https:\/\/archiwum.swietodrzewa.pl\/wp-content\/gallery\/davines-sadzi-drzewa\/thumbs\/thumbs_Sadzenie_Daviness-160.jpg\"\n\t\t\t\t\twidth=\"100\"\n\t\t\t\t\theight=\"75\"\n\t\t\t\t\tstyle=\"max-width:100%;\"\n\t\t\t\t\/>\n\t\t\t<\/a>\n\t\t<\/div>\n\t\t\t\t\t\t\t<\/div> \n\t\t\t\n\t\t\t\t<div id=\"ngg-image-6\" class=\"ngg-gallery-thumbnail-box \n\t\t\t\t\t\t\t\t\t\t\t\" \n\t\t\t>\n\t\t\t\t\t\t<div class=\"ngg-gallery-thumbnail\">\n\t\t\t<a href=\"https:\/\/archiwum.swietodrzewa.pl\/wp-content\/gallery\/davines-sadzi-drzewa\/Sadzenie_Daviness-161.jpg\"\n\t\t\t\ttitle=\"\"\n\t\t\t\tdata-src=\"https:\/\/archiwum.swietodrzewa.pl\/wp-content\/gallery\/davines-sadzi-drzewa\/Sadzenie_Daviness-161.jpg\"\n\t\t\t\tdata-thumbnail=\"https:\/\/archiwum.swietodrzewa.pl\/wp-content\/gallery\/davines-sadzi-drzewa\/thumbs\/thumbs_Sadzenie_Daviness-161.jpg\"\n\t\t\t\tdata-image-id=\"1096\"\n\t\t\t\tdata-title=\"Sadzenie drzew z Dvines Polska. Wapienica. Bielsko-Bia\u0142a. 3.04.2016.\"\n\t\t\t\tdata-description=\"\"\n\t\t\t\tdata-image-slug=\"sadzenie_daviness-161\"\n\t\t\t\tclass=\"shutterset_662b7e9b98aa6059a1337f5c28c3b109\">\n\t\t\t\t<img\n\t\t\t\t\ttitle=\"Sadzenie drzew z Dvines Polska. Wapienica. Bielsko-Bia\u0142a. 3.04.2016.\"\n\t\t\t\t\talt=\"Sadzenie drzew z Dvines Polska. Wapienica. Bielsko-Bia\u0142a. 3.04.2016.\"\n\t\t\t\t\tsrc=\"https:\/\/archiwum.swietodrzewa.pl\/wp-content\/gallery\/davines-sadzi-drzewa\/thumbs\/thumbs_Sadzenie_Daviness-161.jpg\"\n\t\t\t\t\twidth=\"100\"\n\t\t\t\t\theight=\"75\"\n\t\t\t\t\tstyle=\"max-width:100%;\"\n\t\t\t\t\/>\n\t\t\t<\/a>\n\t\t<\/div>\n\t\t\t\t\t\t\t<\/div> \n\t\t\t\n\t\t\t\t<div id=\"ngg-image-7\" class=\"ngg-gallery-thumbnail-box \n\t\t\t\t\t\t\t\t\t\t\t\" \n\t\t\t>\n\t\t\t\t\t\t<div class=\"ngg-gallery-thumbnail\">\n\t\t\t<a href=\"https:\/\/archiwum.swietodrzewa.pl\/wp-content\/gallery\/davines-sadzi-drzewa\/Sadzenie_Daviness-154.jpg\"\n\t\t\t\ttitle=\"\"\n\t\t\t\tdata-src=\"https:\/\/archiwum.swietodrzewa.pl\/wp-content\/gallery\/davines-sadzi-drzewa\/Sadzenie_Daviness-154.jpg\"\n\t\t\t\tdata-thumbnail=\"https:\/\/archiwum.swietodrzewa.pl\/wp-content\/gallery\/davines-sadzi-drzewa\/thumbs\/thumbs_Sadzenie_Daviness-154.jpg\"\n\t\t\t\tdata-image-id=\"1097\"\n\t\t\t\tdata-title=\"Sadzenie drzew z Dvines Polska. Wapienica. Bielsko-Bia\u0142a. 3.04.2016.\"\n\t\t\t\tdata-description=\"\"\n\t\t\t\tdata-image-slug=\"sadzenie_daviness-154\"\n\t\t\t\tclass=\"shutterset_662b7e9b98aa6059a1337f5c28c3b109\">\n\t\t\t\t<img\n\t\t\t\t\ttitle=\"Sadzenie drzew z Dvines Polska. Wapienica. Bielsko-Bia\u0142a. 3.04.2016.\"\n\t\t\t\t\talt=\"Sadzenie drzew z Dvines Polska. Wapienica. Bielsko-Bia\u0142a. 3.04.2016.\"\n\t\t\t\t\tsrc=\"https:\/\/archiwum.swietodrzewa.pl\/wp-content\/gallery\/davines-sadzi-drzewa\/thumbs\/thumbs_Sadzenie_Daviness-154.jpg\"\n\t\t\t\t\twidth=\"100\"\n\t\t\t\t\theight=\"75\"\n\t\t\t\t\tstyle=\"max-width:100%;\"\n\t\t\t\t\/>\n\t\t\t<\/a>\n\t\t<\/div>\n\t\t\t\t\t\t\t<\/div> \n\t\t\t\n\t\t\t\t<div id=\"ngg-image-8\" class=\"ngg-gallery-thumbnail-box \n\t\t\t\t\t\t\t\t\t\t\t\" \n\t\t\t>\n\t\t\t\t\t\t<div class=\"ngg-gallery-thumbnail\">\n\t\t\t<a href=\"https:\/\/archiwum.swietodrzewa.pl\/wp-content\/gallery\/davines-sadzi-drzewa\/Sadzenie_Daviness-162.jpg\"\n\t\t\t\ttitle=\"\"\n\t\t\t\tdata-src=\"https:\/\/archiwum.swietodrzewa.pl\/wp-content\/gallery\/davines-sadzi-drzewa\/Sadzenie_Daviness-162.jpg\"\n\t\t\t\tdata-thumbnail=\"https:\/\/archiwum.swietodrzewa.pl\/wp-content\/gallery\/davines-sadzi-drzewa\/thumbs\/thumbs_Sadzenie_Daviness-162.jpg\"\n\t\t\t\tdata-image-id=\"1098\"\n\t\t\t\tdata-title=\"Sadzenie drzew z Dvines Polska. Wapienica. Bielsko-Bia\u0142a. 3.04.2016.\"\n\t\t\t\tdata-description=\"\"\n\t\t\t\tdata-image-slug=\"sadzenie_daviness-162\"\n\t\t\t\tclass=\"shutterset_662b7e9b98aa6059a1337f5c28c3b109\">\n\t\t\t\t<img\n\t\t\t\t\ttitle=\"Sadzenie drzew z Dvines Polska. Wapienica. Bielsko-Bia\u0142a. 3.04.2016.\"\n\t\t\t\t\talt=\"Sadzenie drzew z Dvines Polska. Wapienica. Bielsko-Bia\u0142a. 3.04.2016.\"\n\t\t\t\t\tsrc=\"https:\/\/archiwum.swietodrzewa.pl\/wp-content\/gallery\/davines-sadzi-drzewa\/thumbs\/thumbs_Sadzenie_Daviness-162.jpg\"\n\t\t\t\t\twidth=\"100\"\n\t\t\t\t\theight=\"75\"\n\t\t\t\t\tstyle=\"max-width:100%;\"\n\t\t\t\t\/>\n\t\t\t<\/a>\n\t\t<\/div>\n\t\t\t\t\t\t\t<\/div> \n\t\t\t\n\t\t\t\t<div id=\"ngg-image-9\" class=\"ngg-gallery-thumbnail-box \n\t\t\t\t\t\t\t\t\t\t\t\" \n\t\t\t>\n\t\t\t\t\t\t<div class=\"ngg-gallery-thumbnail\">\n\t\t\t<a href=\"https:\/\/archiwum.swietodrzewa.pl\/wp-content\/gallery\/davines-sadzi-drzewa\/Sadzenie_Daviness-175.jpg\"\n\t\t\t\ttitle=\"\"\n\t\t\t\tdata-src=\"https:\/\/archiwum.swietodrzewa.pl\/wp-content\/gallery\/davines-sadzi-drzewa\/Sadzenie_Daviness-175.jpg\"\n\t\t\t\tdata-thumbnail=\"https:\/\/archiwum.swietodrzewa.pl\/wp-content\/gallery\/davines-sadzi-drzewa\/thumbs\/thumbs_Sadzenie_Daviness-175.jpg\"\n\t\t\t\tdata-image-id=\"1099\"\n\t\t\t\tdata-title=\"Sadzenie drzew z Dvines Polska. Wapienica. Bielsko-Bia\u0142a. 3.04.2016.\"\n\t\t\t\tdata-description=\"\"\n\t\t\t\tdata-image-slug=\"sadzenie_daviness-175\"\n\t\t\t\tclass=\"shutterset_662b7e9b98aa6059a1337f5c28c3b109\">\n\t\t\t\t<img\n\t\t\t\t\ttitle=\"Sadzenie drzew z Dvines Polska. Wapienica. Bielsko-Bia\u0142a. 3.04.2016.\"\n\t\t\t\t\talt=\"Sadzenie drzew z Dvines Polska. Wapienica. Bielsko-Bia\u0142a. 3.04.2016.\"\n\t\t\t\t\tsrc=\"https:\/\/archiwum.swietodrzewa.pl\/wp-content\/gallery\/davines-sadzi-drzewa\/thumbs\/thumbs_Sadzenie_Daviness-175.jpg\"\n\t\t\t\t\twidth=\"100\"\n\t\t\t\t\theight=\"75\"\n\t\t\t\t\tstyle=\"max-width:100%;\"\n\t\t\t\t\/>\n\t\t\t<\/a>\n\t\t<\/div>\n\t\t\t\t\t\t\t<\/div> \n\t\t\t\n\t\n\t<br style=\"clear: both\" \/>\n\n\t\n\t\t<!-- Pagination -->\n\t\t<div class='ngg-clear'><\/div>\t<\/div>\n\n<p><strong>***<\/strong><\/p>\n<p><strong>Davines <\/strong>\u2013 w\u0142oski producent naturalnych kosmetyk\u00f3w do profesjonalnej piel\u0119gnacji, koloryzacji i stylizacji w\u0142os\u00f3w. Firma istnieje od 1983 r., zosta\u0142a za\u0142o\u017cona w Parmie. Pocz\u0105tkowo dzia\u0142a\u0142a jako laboratorium badawcze produkuj\u0105ce kosmetyki do piel\u0119gnacji w\u0142os\u00f3w i sk\u00f3ry na zlecenie s\u0142ynnych dom\u00f3w mody. Firma nieustannie si\u0119 rozwija. Jej siedziby mieszcz\u0105 si\u0119 obecnie w Nowym Jorku, Meksyku, Londynie, Pary\u017cu, Deventer oraz Parmie, a kosmetyki s\u0105 dost\u0119pne w 85 krajach \u015bwiata. Dyrektorem artystycznym marki jest Angelo Seminara \u2013 trzykrotny zdobywca wyr\u00f3\u017cnienia British Hairdresser of the Year, wsp\u00f3\u0142pracuj\u0105cy z najwi\u0119kszymi projektantami. Angelo zdoby\u0142 mi\u0119dzynarodow\u0105 s\u0142aw\u0119 dzi\u0119ki swojej pracy za kulisami wybieg\u00f3w w Pary\u017cu, Nowym Jorku, Londynie oraz Mediolanie, jak r\u00f3wnie\u017c poprzez wsp\u00f3\u0142prac\u0119 ze stylistami haute couture takimi jak: Chanel, Hermes, Dolce&amp;Gabbana i Vivienne Westwood.<\/p>\n<p>Davines realizuje warto\u015bci zr\u00f3wnowa\u017conego rozwoju. Dzia\u0142a na rzecz zachowania bior\u00f3\u017cnorodno\u015bci gatunk\u00f3w ro\u015blin, korzysta z odnawialnych \u017ar\u00f3de\u0142 energii, zar\u00f3wno opakowania produkt\u00f3w, jak i same kosmetyki powstaj\u0105 przy minimalnym wp\u0142ywie na \u015brodowisko \u2013 Davines uczestniczy w projekcie Zero Impact Life Gate. Wy\u0142\u0105cznym dystrybutorem kosmetyk\u00f3w Davines w Polsce jest Sustainable Beauty Sp. z o.o.<\/p>\n<p>Wi\u0119cej informacji: <a href=\"http:\/\/www.davines.com\/pl\" target=\"_blank\">www.davines.com\/pl<\/a> oraz <a href=\"http:\/\/www.facebook.com\/davinespolska\" target=\"_blank\">www.facebook.com\/davinespolska<\/a><\/p>\n<p><strong>Fot. Klub Gaja.<\/strong><\/p>\n","protected":false},"excerpt":{"rendered":"<p>Bran\u017ca beauty mo\u017ce przyczynia\u0107 si\u0119 do ochrony \u015brodowiska. Fryzjerzy zwi\u0105zani z mark\u0105 kosmetyczn\u0105 Davines zasadzili na pocz\u0105tku kwietnia drzewa w Beskidach. Dzia\u0142anie to odby\u0142o si\u0119 w ramach fina\u0142u og\u00f3lnopolskiego projektu Dzie\u0144 Zr\u00f3wnowa\u017conego Pi\u0119kna. Dwa miesi\u0105ce wcze\u015bniej w salonach fryzjerskich odby\u0142a si\u0119 zbi\u00f3rka funduszy na zakup sadzonek. W sumie zakupiono ich 900. Partnerem projektu by\u0142 Klub [&hellip;]<\/p>\n","protected":false},"author":1,"featured_media":7230,"comment_status":"closed","ping_status":"closed","sticky":false,"template":"","format":"standard","meta":{"ngg_post_thumbnail":0},"categories":[14,16,17,13],"tags":[3,18,5,47,117],"_links":{"self":[{"href":"https:\/\/archiwum.swietodrzewa.pl\/index.php?rest_route=\/wp\/v2\/posts\/7229"}],"collection":[{"href":"https:\/\/archiwum.swietodrzewa.pl\/index.php?rest_route=\/wp\/v2\/posts"}],"about":[{"href":"https:\/\/archiwum.swietodrzewa.pl\/index.php?rest_route=\/wp\/v2\/types\/post"}],"author":[{"embeddable":true,"href":"https:\/\/archiwum.swietodrzewa.pl\/index.php?rest_route=\/wp\/v2\/users\/1"}],"replies":[{"embeddable":true,"href":"https:\/\/archiwum.swietodrzewa.pl\/index.php?rest_route=%2Fwp%2Fv2%2Fcomments&post=7229"}],"version-history":[{"count":4,"href":"https:\/\/archiwum.swietodrzewa.pl\/index.php?rest_route=\/wp\/v2\/posts\/7229\/revisions"}],"predecessor-version":[{"id":7258,"href":"https:\/\/archiwum.swietodrzewa.pl\/index.php?rest_route=\/wp\/v2\/posts\/7229\/revisions\/7258"}],"wp:featuredmedia":[{"embeddable":true,"href":"https:\/\/archiwum.swietodrzewa.pl\/index.php?rest_route=\/wp\/v2\/media\/7230"}],"wp:attachment":[{"href":"https:\/\/archiwum.swietodrzewa.pl\/index.php?rest_route=%2Fwp%2Fv2%2Fmedia&parent=7229"}],"wp:term":[{"taxonomy":"category","embeddable":true,"href":"https:\/\/archiwum.swietodrzewa.pl\/index.php?rest_route=%2Fwp%2Fv2%2Fcategories&post=7229"},{"taxonomy":"post_tag","embeddable":true,"href":"https:\/\/archiwum.swietodrzewa.pl\/index.php?rest_route=%2Fwp%2Fv2%2Ftags&post=7229"}],"curies":[{"name":"wp","href":"https:\/\/api.w.org\/{rel}","templated":true}]}}