{"id":7516,"date":"2016-06-24T07:00:31","date_gmt":"2016-06-24T05:00:31","guid":{"rendered":"http:\/\/swietodrzewa.pl\/?p=7516"},"modified":"2016-06-23T14:52:54","modified_gmt":"2016-06-23T12:52:54","slug":"rozpoczynamy-wakacje-zeszyty-na-makulature","status":"publish","type":"post","link":"https:\/\/archiwum.swietodrzewa.pl\/?p=7516","title":{"rendered":"Rozpoczynamy wakacje &#8211; zeszyty na makulatur\u0119!"},"content":{"rendered":"<p><strong>24. czerwca ko\u0144czy si\u0119 rok szkolny. Dzisiaj Klub Gaja rozpoczyna zbi\u00f3rk\u0119 makulatury przed hipermarketem Auchan w Bielsku-Bia\u0142ej. \u201eZeszyty na makulatur\u0119\u201d to has\u0142o przewodnie czerwcowej zbi\u00f3rki, kt\u00f3ra b\u0119dzie trwa\u0142a do 3 lipca 2016r.<\/strong><!--more--><\/p>\n<p><em>Letni\u0105 zbi\u00f3rk\u0105 makulatury przed hipermarketem Auchan w Bielsku-Bia\u0142ej\u00a0 rozpoczynamy wakacje i\u00a0 ko\u0144czymy rok szkolny 2015\/2016. Przeka\u017cmy na makulatur\u0119 stare zeszyty, nieu\u017cywane ju\u017c podr\u0119czniki czy zapisane zeszyty \u0107wicze\u0144. Niech \u00a0b\u0119dzie to symboliczne zako\u0144czenie roku szkolnego, kt\u00f3re pomo\u017ce leczy\u0107 i wspomaga\u0107 konie uratowane przez Klub Gaja<\/em> \u2013 zach\u0119ca <strong>Katarzyna Cha\u0142as<\/strong> z Klubu Gaja.<\/p>\n<p><a href=\"http:\/\/swietodrzewa.pl\/wp-content\/uploads\/2015\/10\/Drumla.jpg\" target=\"_blank\"><img loading=\"lazy\" class=\"alignright wp-image-6607 size-medium\" title=\"Drumla.\" src=\"http:\/\/swietodrzewa.pl\/wp-content\/uploads\/2015\/10\/Drumla-199x300.jpg\" alt=\"Drumla\" width=\"199\" height=\"300\" srcset=\"https:\/\/archiwum.swietodrzewa.pl\/wp-content\/uploads\/2015\/10\/Drumla-199x300.jpg 199w, https:\/\/archiwum.swietodrzewa.pl\/wp-content\/uploads\/2015\/10\/Drumla.jpg 433w\" sizes=\"(max-width: 199px) 100vw, 199px\" \/><\/a>Do kontenera mo\u017cna r\u00f3wnie\u017c wrzuci\u0107 kartony, zadrukowane kartki papieru, tekturowe opakowania. Hipermarket\u00a0<strong><a href=\"http:\/\/www.auchan.pl\/auchan-bielsko-biala\/o-sklepie\" target=\"_blank\">Auchan w Bielsku-Bia\u0142ej<\/a><\/strong>\u00a0oraz firma\u00a0<strong><a href=\"http:\/\/ekowtor.com\/\" target=\"_blank\">Eko-Wt\u00f3r Jakubiec z Bystrej<\/a><\/strong>\u00a0od lat wsp\u00f3\u0142pracuj\u0105 z Klubem Gaja w organizacji bielskiej akcji \u201eZbieraj makulatur\u0119, ratuj konie\u201d. W dniach 24. czerwca \u2013 3. lipca do specjalnie oznaczony kontener stoi przed wej\u015bciem do hipermarketu Auchan w Bielsku-Bia\u0142ej przy ul. Bohater\u00f3w Monte Cassino 421.<\/p>\n<p><em>Akcja Klubu Gaja \u00a0&#8222;Zbieraj makulatur\u0119, ratuj konie&#8221; jest prowadzona \u00a0na terenie Centrum Handlowego Auchan w Bielsku-Bia\u0142ej\u00a0cyklicznie od 5 lat \u00a0i cieszy si\u0119 bardzo du\u017cym zainteresowaniem ze strony naszych Klient\u00f3w.\u00a0 To \u00a0dow\u00f3d na to jak wielu osobom nie jest oboj\u0119tny los koni. Bardzo nam mi\u0142o \u017ce mo\u017cemy wesprze\u0107 t\u0119 szlachetn\u0105 akcj\u0119 i przyczyni\u0107 si\u0119 do zwi\u0119kszania \u015bwiadomo\u015bci spo\u0142ecznej w zakresie ochrony zwierz\u0105t i otaczaj\u0105cego nas \u015brodowiska<\/em> \u2013 m\u00f3wi pani <strong>Agnieszka Kucharska-Cap\u0142ap<\/strong> dyrektorka Auchan w Bielsku-Bia\u0142ej.<\/p>\n<p>W Polsce przeznacza si\u0119 na ub\u00f3j oko\u0142o 35 tys. koni rocznie. Na rze\u017a trafiaj\u0105 m\u0142ode konie hodowane na mi\u0119so, schorowane zwierz\u0119ta po ci\u0119\u017ckich pracach polowych i le\u015bnych, oraz wykluczone ze sportu. Klub Gaja uratowa\u0142 dotychczas 60 koni przeznaczonych na rze\u017a, chorych lub tych, kt\u00f3rymi w\u0142a\u015bciciele nie mogli si\u0119 d\u0142u\u017cej zajmowa\u0107. Znalaz\u0142 dla nich nowe domy, wspiera ich utrzymanie, leczenie i opiek\u0119 weterynaryjn\u0105. Konie trafi\u0142y m.in. do organizacji prowadz\u0105cych hipoterapi\u0119, ma\u0142ych gospodarstw rolnych i agroturystycznych.<\/p>\n<p>W ci\u0105gu 5 lat Klub Gaja razem z mieszka\u0144cami Bielska i okolic oraz hipermarketem Auchan uzbiera\u0142 ju\u017c blisko 50 ton makulatury<em>.<\/em> 1 tona makulatury to uratowane przed wycink\u0105 17 drzew. Akcja \u201eZbieraj makulatur\u0119, ratuj konie\u201d organizowana przez Klub Gaja w ramach programu \u015awi\u0119to Drzewa trwa nieprzerwanie od 2003 roku na terenie ca\u0142ego kraju. Zach\u0119camy do do\u0142\u0105czenia do dzia\u0142a\u0144!<\/p>\n<p><strong>Ka\u017cdy mo\u017ce przyczyni\u0107 si\u0119 do ratowania koni z Klubem Gaja poprzez:<\/strong><\/p>\n<p>&#8211;<strong>\u00a0<\/strong><a href=\"http:\/\/www.klubgaja.pl\/wesprzyj-nas\" target=\"_blank\"><strong>darowizny<\/strong><\/a>\u00a0na konto:\u00a0<strong>90 2030 0045 1110 0000 0067 3120<\/strong><\/p>\n<p>&#8211;\u00a0<a href=\"http:\/\/www.klubgaja.pl\/_pliki\/obciazenierachunku.pdf\" target=\"_blank\">sta\u0142e polecenie przelewu<\/a>\u00a0(liczy si\u0119 ka\u017cda kwota)<\/p>\n<p>&#8211; zbi\u00f3rk\u0119 makulatury w ramach akcji\u00a0<strong><a href=\"http:\/\/swietodrzewa.pl\/?page_id=206\" target=\"_blank\">\u201eZbieraj makulatur\u0119, ratuj konie\u201d<\/a><\/strong><\/p>\n<p>&#8211; przekazanie\u00a0<strong><a href=\"http:\/\/www.klubgaja.pl\/przekaz-1-procent-podatku\" target=\"_blank\">1% podatku<\/a><\/strong>\u00a0dla Klubu Gaja \u2013\u00a0<strong>KRS 0000120069<\/strong><\/p>\n<p>&#8211;\u00a0<strong><a href=\"http:\/\/www.klubgaja.pl\/mozesz-pomoc\/adoptuj-symbolicznie\" target=\"_blank\">adopcj\u0119 wirtualn\u0105<\/a><\/strong>.<\/p>\n<p><strong>Na zdj\u0119ciach: oznaczony kontener podczas zbi\u00f3rki makulatury przed hipermarketem Auchan w Bielsku-Bia\u0142ej oraz klacz <a href=\"http:\/\/klubgaja.pl\/news\/300\" target=\"_blank\">Drumla<\/a>, uratowana z transportu na rze\u017a przez Klub Gaja. Fot. Klub Gaja.\u00a0<\/strong><\/p>\n<p><strong>Przeczytaj historie niekt\u00f3rych uratowanych koni<\/strong>\u00a0<a href=\"http:\/\/www.klubgaja.pl\/pomagamy-zwierzetom\/konie\" target=\"_blank\">&gt;&gt;&gt;<\/a><\/p>\n<p><strong>Wesprzyj nasze dzia\u0142ania:<br \/>\n<a href=\"https:\/\/secure.transferuj.pl\/?id=17797\"><img loading=\"lazy\" class=\"alignleft size-full wp-image-6923\" src=\"http:\/\/swietodrzewa.pl\/wp-content\/uploads\/2016\/01\/przekaz_darowizne_SD.jpg\" alt=\"przeka\u017c darowizn\u0119\" width=\"292\" height=\"80\" \/><\/a><br \/>\n<\/strong><\/p>\n","protected":false},"excerpt":{"rendered":"<p>24. czerwca ko\u0144czy si\u0119 rok szkolny. Dzisiaj Klub Gaja rozpoczyna zbi\u00f3rk\u0119 makulatury przed hipermarketem Auchan w Bielsku-Bia\u0142ej. \u201eZeszyty na makulatur\u0119\u201d to has\u0142o przewodnie czerwcowej zbi\u00f3rki, kt\u00f3ra b\u0119dzie trwa\u0142a do 3 lipca 2016r.<\/p>\n","protected":false},"author":1,"featured_media":7517,"comment_status":"closed","ping_status":"closed","sticky":false,"template":"","format":"standard","meta":{"ngg_post_thumbnail":0},"categories":[20,16,13,26],"tags":[5,54,40,51,30,47,59,48,56,90,53,117,55],"_links":{"self":[{"href":"https:\/\/archiwum.swietodrzewa.pl\/index.php?rest_route=\/wp\/v2\/posts\/7516"}],"collection":[{"href":"https:\/\/archiwum.swietodrzewa.pl\/index.php?rest_route=\/wp\/v2\/posts"}],"about":[{"href":"https:\/\/archiwum.swietodrzewa.pl\/index.php?rest_route=\/wp\/v2\/types\/post"}],"author":[{"embeddable":true,"href":"https:\/\/archiwum.swietodrzewa.pl\/index.php?rest_route=\/wp\/v2\/users\/1"}],"replies":[{"embeddable":true,"href":"https:\/\/archiwum.swietodrzewa.pl\/index.php?rest_route=%2Fwp%2Fv2%2Fcomments&post=7516"}],"version-history":[{"count":1,"href":"https:\/\/archiwum.swietodrzewa.pl\/index.php?rest_route=\/wp\/v2\/posts\/7516\/revisions"}],"predecessor-version":[{"id":7518,"href":"https:\/\/archiwum.swietodrzewa.pl\/index.php?rest_route=\/wp\/v2\/posts\/7516\/revisions\/7518"}],"wp:featuredmedia":[{"embeddable":true,"href":"https:\/\/archiwum.swietodrzewa.pl\/index.php?rest_route=\/wp\/v2\/media\/7517"}],"wp:attachment":[{"href":"https:\/\/archiwum.swietodrzewa.pl\/index.php?rest_route=%2Fwp%2Fv2%2Fmedia&parent=7516"}],"wp:term":[{"taxonomy":"category","embeddable":true,"href":"https:\/\/archiwum.swietodrzewa.pl\/index.php?rest_route=%2Fwp%2Fv2%2Fcategories&post=7516"},{"taxonomy":"post_tag","embeddable":true,"href":"https:\/\/archiwum.swietodrzewa.pl\/index.php?rest_route=%2Fwp%2Fv2%2Ftags&post=7516"}],"curies":[{"name":"wp","href":"https:\/\/api.w.org\/{rel}","templated":true}]}}