{"id":7611,"date":"2016-08-22T12:21:18","date_gmt":"2016-08-22T10:21:18","guid":{"rendered":"http:\/\/swietodrzewa.pl\/?p=7611"},"modified":"2016-08-26T09:17:56","modified_gmt":"2016-08-26T07:17:56","slug":"olchowy-domek-dla-murarki","status":"publish","type":"post","link":"https:\/\/archiwum.swietodrzewa.pl\/?p=7611","title":{"rendered":"Olchowy domek dla murarki"},"content":{"rendered":"<p><strong>Zapraszamy na \u201ePiknik z Klimatem\u201d ju\u017c 28 sierpnia (niedziela) <\/strong><strong>w godz. 11.30-16.30\u00a0<\/strong><strong>na Plac Zamkowy w Warszawie.<\/strong>\u00a0 <strong>Tym razem edukowa\u0107 si\u0119 b\u0119dziemy pod has\u0142em: \u201eKulturalnie o niskiej emisji!\u201d.<\/strong> <strong>Klub Gaja we wsp\u00f3\u0142pracy z Lasami Pa\u0144stwowymi zaprasza na stoisko \u201eOd deski do deski\u201d gdzie ka\u017cdy b\u0119dzie m\u00f3g\u0142 zbudowa\u0107 olchowy domek dla murarki ogrodowej. Zapytacie, co \u0142\u0105czy nisk\u0105 emisj\u0119 z dzikimi zapylaczami? Dowiecie si\u0119 na stoisku Klubu Gaja!<\/strong><!--more--><\/p>\n<p>W \u201ePikniku z Klimatem\u201d uczestnicz\u0105 partnerzy, kt\u00f3rzy dzia\u0142aj\u0105 w ramach \u201ePartnerstwa dla Klimatu\u201d. W tym roku g\u0142\u00f3wnym tematem wydarzenia b\u0119dzie przeciwdzia\u0142anie skutkom niskiej emisji oraz tematy\u00a0zg\u0142oszone na\u00a0 najbli\u017csz\u0105 konferencj\u0119 klimatyczn\u0105 w Maroko. Niska emisja to zanieczyszczenia trafiaj\u0105ce do powietrza\u00a0 pochodz\u0105ce m.in. z komunikacji samochodowej oraz procesu spalania w domowych piecach w\u0119gla o niskiej jako\u015bci czy \u015bmieci. Toksyczne substancje, pochodz\u0105ce z niskiej emisji szkodz\u0105 zar\u00f3wno zdrowiu cz\u0142owieka, jak i \u015brodowisku naturalnemu.<\/p>\n<p><a href=\"http:\/\/swietodrzewa.pl\/wp-content\/uploads\/2015\/08\/Od-Deski-do-Deski_Baner_250x210-cm_internet.jpg\"><img loading=\"lazy\" class=\"alignright size-medium wp-image-6351\" src=\"http:\/\/swietodrzewa.pl\/wp-content\/uploads\/2015\/08\/Od-Deski-do-Deski_Baner_250x210-cm_internet-300x252.jpg\" alt=\"Od Deski do Deski\" width=\"300\" height=\"252\" srcset=\"https:\/\/archiwum.swietodrzewa.pl\/wp-content\/uploads\/2015\/08\/Od-Deski-do-Deski_Baner_250x210-cm_internet-300x252.jpg 300w, https:\/\/archiwum.swietodrzewa.pl\/wp-content\/uploads\/2015\/08\/Od-Deski-do-Deski_Baner_250x210-cm_internet-1024x860.jpg 1024w, https:\/\/archiwum.swietodrzewa.pl\/wp-content\/uploads\/2015\/08\/Od-Deski-do-Deski_Baner_250x210-cm_internet.jpg 1476w\" sizes=\"(max-width: 300px) 100vw, 300px\" \/><\/a>Na Placu Zamkowym b\u0119dzie mo\u017cna edukowa\u0107 si\u0119 wypoczywaj\u0105c i bawi\u0105c si\u0119 m.in.: przeliczaj\u0105c za pomoc\u0105 kalkulatora sw\u00f3j \u015blad w\u0119glowy, graj\u0105c w gry planszowe czy tworz\u0105c ogr\u00f3dek w s\u0142oiku. \u00a0Na stoisku Klubu Gaja\u00a0 b\u0119dzie mo\u017cna pozna\u0107 ma\u0142ych skrzydlatych przyjaci\u00f3\u0142 a w\u015br\u00f3d nich murark\u0119 ogrodow\u0105, kuzynk\u0119 pszcz\u00f3\u0142\u00a0miodnych. Jednym z zagro\u017ce\u0144 dla pszcz\u00f3\u0142 s\u0105 w\u0142a\u015bnie zanieczyszczenia powietrza, kt\u00f3re zaburzaj\u0105 ich zdolno\u015b\u0107 nawigacyjn\u0105, utrudniaj\u0105c im dotarcie do po\u017cywienia, jak stwierdzili naukowcy z Penn State w USA. Razem z Klubem Gaja \u00a0ka\u017cdy b\u0119dzie m\u00f3g\u0142 pom\u00f3c dzikim zapylaczom buduj\u0105c dla nich schronienie. Mierz\u0105c si\u0119 z m\u0142otkiem, gwo\u017adziem i sekatorem zmontowa\u0107 olchowe deseczki, a pod daszkiem umie\u015bci\u0107 rurki z trzciny pospolitej. To w\u0142a\u015bnie w nich murarki ogrodowe sk\u0142adaj\u0105 jajeczka. Samodzielnie zbudowany domek b\u0119dzie mo\u017cna zabra\u0107 ze sob\u0105 \u00a0i spo\u017cytkowa\u0107 dla dobra przyrody. Z najm\u0142odszymi stworzymy kolorowe dzikie pszczo\u0142y.<\/p>\n<p><em>Aby adoptowa\u0107 si\u0119 jako ca\u0142e struktury spo\u0142eczne do zmian klimatu, powinni\u015bmy posiada\u0107 wiedz\u0119 oraz \u015bwiadomo\u015b\u0107 potrzeb i wyzwa\u0144. Wydarzenia takie jak \u201ePiknik \u00a0z Klimatem\u201d, przy kt\u00f3rym wsp\u00f3\u0142pracuje wielu partner\u00f3w niesie czytelny przekaz, \u017ce musimy przej\u015b\u0107 od s\u0142\u00f3w do czyn\u00f3w by nie by\u0142o za p\u00f3\u017ano na dzia\u0142ania zmniejszaj\u0105ce skutki podniesienia si\u0119 temperatury na planecie<\/em> \u2013 komentuje <strong>Jacek Bo\u017cek<\/strong> z Klubu Gaja.<\/p>\n<p>Od wielu lat Klub Gaja przy wsp\u00f3\u0142pracy wielu partner\u00f3w m.in.\u00a0 Miasta Sto\u0142ecznego Warszawa i Las\u00f3w Pa\u0144stwowych realizuje program \u015awi\u0119to Drzewa. To kompleksowa edukacja na temat zr\u00f3wnowa\u017conego rozwoju i zmian klimatu, poparta dzia\u0142aniami praktycznymi \u2013 sadzeniem i ochron\u0105 drzew. Dzi\u0119ki programowi posadzono ju\u017c ponad \u00a0770 tysi\u0119cy drzew. W tym roku \u201e\u015awi\u0119ta Drzewa\u201d po\u015bwi\u0119cone jest sadzeniu i ochronie zadrzewie\u0144 i zakrzewie\u0144 \u015br\u00f3dpolnych.<\/p>\n<p><strong>Zobacz jak by\u0142o w 2015 roku: <a href=\"http:\/\/www.klubgaja.pl\/news\/617\" target=\"_blank\">&gt;&gt;&gt;&gt;&gt; \u00a0<\/a>\u00a0 \u00a0<\/strong><\/p>\n<p><strong>Media o Pikniku z Klimatem:<\/strong><\/p>\n<p><strong>Onet.pl <a href=\"http:\/\/wiadomosci.onet.pl\/olchowy-domek-dla-murarki\/83kdx6\" target=\"_blank\">&gt;&gt;&gt;&gt;&gt;<\/a><\/strong><br \/>\n<strong>Eska.pl <a href=\"http:\/\/warszawa.eska.pl\/newsy\/o-niskiej-emisji-pod-kolumna-zygmunta\/248639\" target=\"_blank\">&gt;&gt;&gt;&gt;&gt;<\/a><\/strong><\/p>\n<p><strong>Dodatkowe informacje:<br \/>\n<a href=\"http:\/\/wsrodpol.swietodrzewa.pl\" target=\"_blank\">www.wsrodpol.swietodrzewa.pl<\/a><\/strong><br \/>\n<strong><a href=\"http:\/\/www.klubgaja.pl\/\" target=\"_blank\">www.klubgaja.pl<br \/>\n<\/a><\/strong><\/p>\n<p><strong>Wi\u0119cej \u00a0o &#8222;Pikniku z Klimatem&#8221; 2016 \u00a0<a style=\"font-style: inherit; font-weight: inherit;\" href=\"http:\/\/www.um.warszawa.pl\/aktualnosci\/zapraszamy-na-piknik-z-klimatem\" target=\"_blank\">&gt;&gt;&gt;&gt;&gt;<\/a><\/strong><strong>\u00a0<\/strong><strong>\u00a0<\/strong><\/p>\n<p><strong><br \/>\n<\/strong><\/p>\n<p><strong>Partner Strategiczny:<\/strong><\/p>\n<p><a href=\"http:\/\/www.lasy.gov.pl\" target=\"_blank\"><img loading=\"lazy\" class=\"alignleft wp-image-6331\" src=\"http:\/\/swietodrzewa.pl\/wp-content\/uploads\/2015\/08\/LP-logo-male-300x204.jpg\" alt=\"LP-logo-male\" width=\"175\" height=\"119\" srcset=\"https:\/\/archiwum.swietodrzewa.pl\/wp-content\/uploads\/2015\/08\/LP-logo-male-300x204.jpg 300w, https:\/\/archiwum.swietodrzewa.pl\/wp-content\/uploads\/2015\/08\/LP-logo-male-1024x699.jpg 1024w, https:\/\/archiwum.swietodrzewa.pl\/wp-content\/uploads\/2015\/08\/LP-logo-male.jpg 1832w\" sizes=\"(max-width: 175px) 100vw, 175px\" \/><\/a><\/p>\n<p>&nbsp;<\/p>\n","protected":false},"excerpt":{"rendered":"<p>Zapraszamy na \u201ePiknik z Klimatem\u201d ju\u017c 28 sierpnia (niedziela) w godz. 11.30-16.30\u00a0na Plac Zamkowy w Warszawie.\u00a0 Tym razem edukowa\u0107 si\u0119 b\u0119dziemy pod has\u0142em: \u201eKulturalnie o niskiej emisji!\u201d. Klub Gaja we wsp\u00f3\u0142pracy z Lasami Pa\u0144stwowymi zaprasza na stoisko \u201eOd deski do deski\u201d gdzie ka\u017cdy b\u0119dzie m\u00f3g\u0142 zbudowa\u0107 olchowy domek dla murarki ogrodowej. Zapytacie, co \u0142\u0105czy nisk\u0105 [&hellip;]<\/p>\n","protected":false},"author":1,"featured_media":7612,"comment_status":"closed","ping_status":"closed","sticky":false,"template":"","format":"standard","meta":{"ngg_post_thumbnail":0},"categories":[14,16,17,13],"tags":[101,3,18,9,5,117],"_links":{"self":[{"href":"https:\/\/archiwum.swietodrzewa.pl\/index.php?rest_route=\/wp\/v2\/posts\/7611"}],"collection":[{"href":"https:\/\/archiwum.swietodrzewa.pl\/index.php?rest_route=\/wp\/v2\/posts"}],"about":[{"href":"https:\/\/archiwum.swietodrzewa.pl\/index.php?rest_route=\/wp\/v2\/types\/post"}],"author":[{"embeddable":true,"href":"https:\/\/archiwum.swietodrzewa.pl\/index.php?rest_route=\/wp\/v2\/users\/1"}],"replies":[{"embeddable":true,"href":"https:\/\/archiwum.swietodrzewa.pl\/index.php?rest_route=%2Fwp%2Fv2%2Fcomments&post=7611"}],"version-history":[{"count":9,"href":"https:\/\/archiwum.swietodrzewa.pl\/index.php?rest_route=\/wp\/v2\/posts\/7611\/revisions"}],"predecessor-version":[{"id":7621,"href":"https:\/\/archiwum.swietodrzewa.pl\/index.php?rest_route=\/wp\/v2\/posts\/7611\/revisions\/7621"}],"wp:featuredmedia":[{"embeddable":true,"href":"https:\/\/archiwum.swietodrzewa.pl\/index.php?rest_route=\/wp\/v2\/media\/7612"}],"wp:attachment":[{"href":"https:\/\/archiwum.swietodrzewa.pl\/index.php?rest_route=%2Fwp%2Fv2%2Fmedia&parent=7611"}],"wp:term":[{"taxonomy":"category","embeddable":true,"href":"https:\/\/archiwum.swietodrzewa.pl\/index.php?rest_route=%2Fwp%2Fv2%2Fcategories&post=7611"},{"taxonomy":"post_tag","embeddable":true,"href":"https:\/\/archiwum.swietodrzewa.pl\/index.php?rest_route=%2Fwp%2Fv2%2Ftags&post=7611"}],"curies":[{"name":"wp","href":"https:\/\/api.w.org\/{rel}","templated":true}]}}