{"id":7639,"date":"2016-08-30T12:40:46","date_gmt":"2016-08-30T10:40:46","guid":{"rendered":"http:\/\/swietodrzewa.pl\/?p=7639"},"modified":"2016-08-31T13:46:38","modified_gmt":"2016-08-31T11:46:38","slug":"piknik-z-klimatem-bylo-goraco","status":"publish","type":"post","link":"https:\/\/archiwum.swietodrzewa.pl\/?p=7639","title":{"rendered":"Piknik z Klimatem \u2013 by\u0142o gor\u0105co!"},"content":{"rendered":"<p><strong>Dos\u0142ownie, w trzydziestostopniowym upale, warszawiacy i tury\u015bci aktywnie sp\u0119dzili czas na \u201ePikniku z Klimatem\u201d w Warszawie. Klub Gaja przy wsp\u00f3\u0142pracy Las\u00f3w Pa\u0144stwowych zaprosi\u0142 \u201ema\u0142ych i du\u017cych\u201d uczestnik\u00f3w pikniku \u00a0do wsp\u00f3lnej edukacji poprzez zabaw\u0119 \u2013 warsztat\u00f3w \u201eOd deski do deski\u201d. W rytm stuku m\u0142otk\u00f3w i wbijanych gwo\u017adzi powstawa\u0142y olchowe domki dla dzikich pszcz\u00f3\u0142 \u2013 murarek ogrodowych, a tak\u017ce dla biedronek i z\u0142otook\u00f3w.<\/strong><!--more--><\/p>\n<p><img loading=\"lazy\" class=\"alignright wp-image-7640 size-medium\" title=\"Piknik z Klimatem 2016. Fot. Klub Gaja.\" src=\"http:\/\/swietodrzewa.pl\/wp-content\/uploads\/2016\/08\/Piknik2016-166-300x199.jpg\" alt=\"Piknik z Klimatem 2016. Fot. Klub Gaja.\" width=\"300\" height=\"199\" srcset=\"https:\/\/archiwum.swietodrzewa.pl\/wp-content\/uploads\/2016\/08\/Piknik2016-166-300x199.jpg 300w, https:\/\/archiwum.swietodrzewa.pl\/wp-content\/uploads\/2016\/08\/Piknik2016-166.jpg 1024w\" sizes=\"(max-width: 300px) 100vw, 300px\" \/>Na tegorocznym \u201ePikniku z Klimatem\u201d \u00a0(28.08.2016) na Placu Zamkowym pojawi\u0142y si\u0119 t\u0142umy. Ka\u017cdy m\u00f3g\u0142 znale\u017a\u0107 co\u015b dla siebie i wzbogaci\u0107 swoj\u0105 ekologiczn\u0105 wiedz\u0119 podczas r\u00f3\u017cnych warsztat\u00f3w, gier czy interaktywnych prezentacji. Na imprezie pojawili si\u0119 r\u00f3wnie\u017c go\u015bcie, kt\u00f3rzy dzielili si\u0119 swoimi refleksjami na temat ochrony klimatu. W tym roku has\u0142em pikniku by\u0142o &#8222;Kulturalnie o niskiej emisji&#8221;. Imprez\u0119 poprowadzi\u0142 Jaros\u0142aw Kret.<\/p>\n<p>Na stoisku Klubu Gaja poznawali\u015bmy r\u00f3\u017cne gatunki owad\u00f3w zapylaj\u0105cych, rozmawiali\u015bmy tak\u017ce o zagro\u017ceniach dla pszcz\u00f3\u0142. \u00a0Z\u0142a jako\u015b\u0107 powietrza jest jedn\u0105 z przyczyn zmniejszania si\u0119 populacji pszcz\u00f3\u0142. Zanieczyszczenie powietrza dezorientuje pszczo\u0142y i utrudnia im dotarcie do po\u017cywienia. M\u00f3wi\u0105c o tym problemie, nawi\u0105zuj\u0105c do tematu pikniku, edukowali\u015bmy poprzez zabaw\u0119 manualn\u0105 \u2013 pom\u00f3\u017c, zr\u00f3b to sam.<\/p>\n<p><em><img loading=\"lazy\" class=\"alignleft wp-image-7641 size-medium\" title=\"Piknik z Klimatem 2016. Fot. Klub Gaja.\" src=\"http:\/\/swietodrzewa.pl\/wp-content\/uploads\/2016\/08\/mlotek-300x225.jpg\" alt=\"Piknik z Klimatem 2016. Fot. Klub Gaja.\" width=\"300\" height=\"225\" srcset=\"https:\/\/archiwum.swietodrzewa.pl\/wp-content\/uploads\/2016\/08\/mlotek-300x225.jpg 300w, https:\/\/archiwum.swietodrzewa.pl\/wp-content\/uploads\/2016\/08\/mlotek.jpg 1024w\" sizes=\"(max-width: 300px) 100vw, 300px\" \/>Zaciek\u0142o\u015b\u0107 z jak\u0105 niekt\u00f3rzy zbijali domki dla murarki ogrodowej wprawi\u0142a mnie wr\u0119cz w zachwyt. Potwierdza to stwierdzenie, \u017ce je\u015bli zrobimy co\u015b sami w\u0142asnor\u0119cznie, nabiera to mocy i znaczenia. Ogromn\u0105 popularno\u015bci\u0105 cieszy\u0142y si\u0119 rozdawane na naszym stoisku materia\u0142y edukacyjne Las\u00f3w Pa\u0144stwowych.. Bajka dla dzieci czy poradnik grzybiarza robi\u0142y furor\u0119 \u2013 <\/em>powiedzia\u0142 <strong>Jacek Bo\u017cek<\/strong> z Klubu Gaja.<\/p>\n<p>Dzieci, m\u0142odzie\u017c, rodzice, dziadkowie, a nawet tury\u015bci z zagranicy, samodzielnie zbijali olchowe deseczki. Olcha jest mi\u0119kkim drewnem, \u0142atwym w obr\u00f3bce, a i tak, wbicie gwo\u017adzia nie by\u0142o takie \u0142atwe! Domek wype\u0142niano przyci\u0119tymi rurkami trzciny pospolitej \u2013 tworz\u0105c miejsce gniazdowania dla murarki ogrodowej. Dla biedronek przygotowano szyszki, bo lubi\u0105 je zasiedla\u0107, a dla z\u0142otook\u00f3w siano, bo cz\u0119sto w nim szukaj\u0105 schronienia przed zimnem. Najm\u0142odsi tworzyli dzikie pszczo\u0142y, o kt\u00f3re rodzice zaraz musieli zadba\u0107 montuj\u0105c domek olchowy. Warsztaty \u201eOd deski do deski\u201d odby\u0142 si\u0119 w ramach programu Klubu Gaja &#8211; <a href=\"http:\/\/swietodrzewa.pl\/?page_id=6\" target=\"_blank\"><strong>\u015awi\u0119to Drzewa<\/strong><\/a>, kt\u00f3rego <strong>partnerem strategicznym<\/strong> s\u0105 <a href=\"http:\/\/www.lasy.gov.pl\/\" target=\"_blank\"><strong>Lasy Pa\u0144stwowe<\/strong><\/a>. W tym roku, ju\u017c w pa\u017adzierniku, \u00a0zach\u0119ca\u0107 b\u0119dziemy uczestnik\u00f3w \u015awi\u0119ta Drzewa do sadzenia oraz ochrony drzew i krzew\u00f3w, kt\u00f3re stanowi\u0105 zaplecze pokarmowe dla owad\u00f3w, ptak\u00f3w i zwierz\u0105t.<\/p>\n<p><em><img loading=\"lazy\" class=\"alignright wp-image-7642 size-medium\" title=\"Piknik z Klimatem 2016. Fot. Klub Gaja.\" src=\"http:\/\/swietodrzewa.pl\/wp-content\/uploads\/2016\/08\/foto_Beata-089-300x225.jpg\" alt=\"Piknik z Klimatem 2016. Fot. Klub Gaja.\" width=\"300\" height=\"225\" srcset=\"https:\/\/archiwum.swietodrzewa.pl\/wp-content\/uploads\/2016\/08\/foto_Beata-089-300x225.jpg 300w, https:\/\/archiwum.swietodrzewa.pl\/wp-content\/uploads\/2016\/08\/foto_Beata-089.jpg 1024w\" sizes=\"(max-width: 300px) 100vw, 300px\" \/>Na stoisku Klubu Gaja zaroi\u0142o si\u0119 od dzikich zapylaczy. Z materia\u0142\u00f3w z recyklingu &#8211; kork\u00f3w i rolek po papierze toaletowym dzieci z wielkim zapa\u0142em tworzy\u0142y pszcz\u00f3\u0142ki, biedronki, z\u0142otooki i inne owady zapylaj\u0105ce. Ka\u017cdy uczestnik warsztat\u00f3w otrzyma\u0142 w nagrod\u0119 bajk\u0119 \u201eBasia i wyprawa do lasu&#8221; <\/em>\u2013 komentuje <strong>Jolanta Migda\u0142 <\/strong>z Klubu Gaja, koordynatorka programu \u015awi\u0119ta Drzewa.<\/p>\n<p>\u201ePiknik z Klimatem\u201d organizowany jest w ramach projektu \u201ePartnerstwo dla Klimatu\u201d przez Miasto Sto\u0142eczne Warszawa. Partnerami \u201ePartnerstwa dla Klimatu\u201d \u00a0s\u0105 organizacje i instytucje reprezentuj\u0105ce bardzo r\u00f3\u017cnorodne \u015brodowiska, m.in. jednostki administracji rz\u0105dowej i samorz\u0105dowej, ambasady, organizacje pozarz\u0105dowe oraz instytucje, dla kt\u00f3rych ochrona klimatu stanowi priorytet.<\/p>\n<p><a href=\"https:\/\/www.facebook.com\/Klub.Gaja\/photos\/?tab=album&amp;album_id=1284881211522996\" target=\"_blank\"><strong>Zobacz foto relacj\u0119 na facebooku &gt;&gt;&gt;&gt;&gt;<\/strong><\/a><\/p>\n<!-- default-view.php -->\n<div\n\tclass=\"ngg-galleryoverview default-view \n\t ngg-ajax-pagination-none\t\"\n\tid=\"ngg-gallery-8dde9ae805e54df2241db4a26cfe2b4d-1\">\n\n\t\t<!-- Thumbnails -->\n\t\t\t\t<div id=\"ngg-image-0\" class=\"ngg-gallery-thumbnail-box \n\t\t\t\t\t\t\t\t\t\t\t\" \n\t\t\t>\n\t\t\t\t\t\t<div class=\"ngg-gallery-thumbnail\">\n\t\t\t<a href=\"https:\/\/archiwum.swietodrzewa.pl\/wp-content\/gallery\/piknik-z-klimatem-2016\/01.jpg\"\n\t\t\t\ttitle=\"\"\n\t\t\t\tdata-src=\"https:\/\/archiwum.swietodrzewa.pl\/wp-content\/gallery\/piknik-z-klimatem-2016\/01.jpg\"\n\t\t\t\tdata-thumbnail=\"https:\/\/archiwum.swietodrzewa.pl\/wp-content\/gallery\/piknik-z-klimatem-2016\/thumbs\/thumbs_01.jpg\"\n\t\t\t\tdata-image-id=\"1120\"\n\t\t\t\tdata-title=\"Warsztat &quot;Od deski do deski&quot;. Fot. Klub Gaja \/ Joanna \u017babicka.\"\n\t\t\t\tdata-description=\"\"\n\t\t\t\tdata-image-slug=\"01-1\"\n\t\t\t\tclass=\"shutterset_8dde9ae805e54df2241db4a26cfe2b4d\">\n\t\t\t\t<img\n\t\t\t\t\ttitle=\"Warsztat &quot;Od deski do deski&quot;. Fot. Klub Gaja \/ Joanna \u017babicka.\"\n\t\t\t\t\talt=\"Warsztat &quot;Od deski do deski&quot;. Fot. Klub Gaja \/ Joanna \u017babicka.\"\n\t\t\t\t\tsrc=\"https:\/\/archiwum.swietodrzewa.pl\/wp-content\/gallery\/piknik-z-klimatem-2016\/thumbs\/thumbs_01.jpg\"\n\t\t\t\t\twidth=\"100\"\n\t\t\t\t\theight=\"75\"\n\t\t\t\t\tstyle=\"max-width:100%;\"\n\t\t\t\t\/>\n\t\t\t<\/a>\n\t\t<\/div>\n\t\t\t\t\t\t\t<\/div> \n\t\t\t\n\t\t\t\t<div id=\"ngg-image-1\" class=\"ngg-gallery-thumbnail-box \n\t\t\t\t\t\t\t\t\t\t\t\" \n\t\t\t>\n\t\t\t\t\t\t<div class=\"ngg-gallery-thumbnail\">\n\t\t\t<a href=\"https:\/\/archiwum.swietodrzewa.pl\/wp-content\/gallery\/piknik-z-klimatem-2016\/03.jpg\"\n\t\t\t\ttitle=\"\"\n\t\t\t\tdata-src=\"https:\/\/archiwum.swietodrzewa.pl\/wp-content\/gallery\/piknik-z-klimatem-2016\/03.jpg\"\n\t\t\t\tdata-thumbnail=\"https:\/\/archiwum.swietodrzewa.pl\/wp-content\/gallery\/piknik-z-klimatem-2016\/thumbs\/thumbs_03.jpg\"\n\t\t\t\tdata-image-id=\"1121\"\n\t\t\t\tdata-title=\"Warsztat &quot;Od deski do deski&quot;. Fot. Klub Gaja \/ Joanna \u017babicka.\"\n\t\t\t\tdata-description=\"\"\n\t\t\t\tdata-image-slug=\"03\"\n\t\t\t\tclass=\"shutterset_8dde9ae805e54df2241db4a26cfe2b4d\">\n\t\t\t\t<img\n\t\t\t\t\ttitle=\"Warsztat &quot;Od deski do deski&quot;. Fot. Klub Gaja \/ Joanna \u017babicka.\"\n\t\t\t\t\talt=\"Warsztat &quot;Od deski do deski&quot;. Fot. Klub Gaja \/ Joanna \u017babicka.\"\n\t\t\t\t\tsrc=\"https:\/\/archiwum.swietodrzewa.pl\/wp-content\/gallery\/piknik-z-klimatem-2016\/thumbs\/thumbs_03.jpg\"\n\t\t\t\t\twidth=\"100\"\n\t\t\t\t\theight=\"75\"\n\t\t\t\t\tstyle=\"max-width:100%;\"\n\t\t\t\t\/>\n\t\t\t<\/a>\n\t\t<\/div>\n\t\t\t\t\t\t\t<\/div> \n\t\t\t\n\t\t\t\t<div id=\"ngg-image-2\" class=\"ngg-gallery-thumbnail-box \n\t\t\t\t\t\t\t\t\t\t\t\" \n\t\t\t>\n\t\t\t\t\t\t<div class=\"ngg-gallery-thumbnail\">\n\t\t\t<a href=\"https:\/\/archiwum.swietodrzewa.pl\/wp-content\/gallery\/piknik-z-klimatem-2016\/05.jpg\"\n\t\t\t\ttitle=\"\"\n\t\t\t\tdata-src=\"https:\/\/archiwum.swietodrzewa.pl\/wp-content\/gallery\/piknik-z-klimatem-2016\/05.jpg\"\n\t\t\t\tdata-thumbnail=\"https:\/\/archiwum.swietodrzewa.pl\/wp-content\/gallery\/piknik-z-klimatem-2016\/thumbs\/thumbs_05.jpg\"\n\t\t\t\tdata-image-id=\"1122\"\n\t\t\t\tdata-title=\"Warsztat &quot;Od deski do deski&quot;. Fot. Klub Gaja \/ Joanna \u017babicka.\"\n\t\t\t\tdata-description=\"\"\n\t\t\t\tdata-image-slug=\"05\"\n\t\t\t\tclass=\"shutterset_8dde9ae805e54df2241db4a26cfe2b4d\">\n\t\t\t\t<img\n\t\t\t\t\ttitle=\"Warsztat &quot;Od deski do deski&quot;. Fot. Klub Gaja \/ Joanna \u017babicka.\"\n\t\t\t\t\talt=\"Warsztat &quot;Od deski do deski&quot;. Fot. Klub Gaja \/ Joanna \u017babicka.\"\n\t\t\t\t\tsrc=\"https:\/\/archiwum.swietodrzewa.pl\/wp-content\/gallery\/piknik-z-klimatem-2016\/thumbs\/thumbs_05.jpg\"\n\t\t\t\t\twidth=\"100\"\n\t\t\t\t\theight=\"75\"\n\t\t\t\t\tstyle=\"max-width:100%;\"\n\t\t\t\t\/>\n\t\t\t<\/a>\n\t\t<\/div>\n\t\t\t\t\t\t\t<\/div> \n\t\t\t\n\t\t\t\t<div id=\"ngg-image-3\" class=\"ngg-gallery-thumbnail-box \n\t\t\t\t\t\t\t\t\t\t\t\" \n\t\t\t>\n\t\t\t\t\t\t<div class=\"ngg-gallery-thumbnail\">\n\t\t\t<a href=\"https:\/\/archiwum.swietodrzewa.pl\/wp-content\/gallery\/piknik-z-klimatem-2016\/06.jpg\"\n\t\t\t\ttitle=\"\"\n\t\t\t\tdata-src=\"https:\/\/archiwum.swietodrzewa.pl\/wp-content\/gallery\/piknik-z-klimatem-2016\/06.jpg\"\n\t\t\t\tdata-thumbnail=\"https:\/\/archiwum.swietodrzewa.pl\/wp-content\/gallery\/piknik-z-klimatem-2016\/thumbs\/thumbs_06.jpg\"\n\t\t\t\tdata-image-id=\"1123\"\n\t\t\t\tdata-title=\"Warsztat &quot;Od deski do deski&quot;. Fot. Klub Gaja \/ Joanna \u017babicka.\"\n\t\t\t\tdata-description=\"\"\n\t\t\t\tdata-image-slug=\"06\"\n\t\t\t\tclass=\"shutterset_8dde9ae805e54df2241db4a26cfe2b4d\">\n\t\t\t\t<img\n\t\t\t\t\ttitle=\"Warsztat &quot;Od deski do deski&quot;. Fot. Klub Gaja \/ Joanna \u017babicka.\"\n\t\t\t\t\talt=\"Warsztat &quot;Od deski do deski&quot;. Fot. Klub Gaja \/ Joanna \u017babicka.\"\n\t\t\t\t\tsrc=\"https:\/\/archiwum.swietodrzewa.pl\/wp-content\/gallery\/piknik-z-klimatem-2016\/thumbs\/thumbs_06.jpg\"\n\t\t\t\t\twidth=\"100\"\n\t\t\t\t\theight=\"75\"\n\t\t\t\t\tstyle=\"max-width:100%;\"\n\t\t\t\t\/>\n\t\t\t<\/a>\n\t\t<\/div>\n\t\t\t\t\t\t\t<\/div> \n\t\t\t\n\t\t\t\t<div id=\"ngg-image-4\" class=\"ngg-gallery-thumbnail-box \n\t\t\t\t\t\t\t\t\t\t\t\" \n\t\t\t>\n\t\t\t\t\t\t<div class=\"ngg-gallery-thumbnail\">\n\t\t\t<a href=\"https:\/\/archiwum.swietodrzewa.pl\/wp-content\/gallery\/piknik-z-klimatem-2016\/08.jpg\"\n\t\t\t\ttitle=\"\"\n\t\t\t\tdata-src=\"https:\/\/archiwum.swietodrzewa.pl\/wp-content\/gallery\/piknik-z-klimatem-2016\/08.jpg\"\n\t\t\t\tdata-thumbnail=\"https:\/\/archiwum.swietodrzewa.pl\/wp-content\/gallery\/piknik-z-klimatem-2016\/thumbs\/thumbs_08.jpg\"\n\t\t\t\tdata-image-id=\"1124\"\n\t\t\t\tdata-title=\"Warsztat &quot;Od deski do deski&quot;. Fot. Klub Gaja \/ Joanna \u017babicka.\"\n\t\t\t\tdata-description=\"\"\n\t\t\t\tdata-image-slug=\"08-2\"\n\t\t\t\tclass=\"shutterset_8dde9ae805e54df2241db4a26cfe2b4d\">\n\t\t\t\t<img\n\t\t\t\t\ttitle=\"Warsztat &quot;Od deski do deski&quot;. Fot. Klub Gaja \/ Joanna \u017babicka.\"\n\t\t\t\t\talt=\"Warsztat &quot;Od deski do deski&quot;. Fot. Klub Gaja \/ Joanna \u017babicka.\"\n\t\t\t\t\tsrc=\"https:\/\/archiwum.swietodrzewa.pl\/wp-content\/gallery\/piknik-z-klimatem-2016\/thumbs\/thumbs_08.jpg\"\n\t\t\t\t\twidth=\"100\"\n\t\t\t\t\theight=\"75\"\n\t\t\t\t\tstyle=\"max-width:100%;\"\n\t\t\t\t\/>\n\t\t\t<\/a>\n\t\t<\/div>\n\t\t\t\t\t\t\t<\/div> \n\t\t\t\n\t\t\t\t<div id=\"ngg-image-5\" class=\"ngg-gallery-thumbnail-box \n\t\t\t\t\t\t\t\t\t\t\t\" \n\t\t\t>\n\t\t\t\t\t\t<div class=\"ngg-gallery-thumbnail\">\n\t\t\t<a href=\"https:\/\/archiwum.swietodrzewa.pl\/wp-content\/gallery\/piknik-z-klimatem-2016\/10.jpg\"\n\t\t\t\ttitle=\"\"\n\t\t\t\tdata-src=\"https:\/\/archiwum.swietodrzewa.pl\/wp-content\/gallery\/piknik-z-klimatem-2016\/10.jpg\"\n\t\t\t\tdata-thumbnail=\"https:\/\/archiwum.swietodrzewa.pl\/wp-content\/gallery\/piknik-z-klimatem-2016\/thumbs\/thumbs_10.jpg\"\n\t\t\t\tdata-image-id=\"1125\"\n\t\t\t\tdata-title=\"Piknik z Klimatem 2016. Fot. Klub Gaja \/ Joanna \u017babicka.\"\n\t\t\t\tdata-description=\"\"\n\t\t\t\tdata-image-slug=\"10-1\"\n\t\t\t\tclass=\"shutterset_8dde9ae805e54df2241db4a26cfe2b4d\">\n\t\t\t\t<img\n\t\t\t\t\ttitle=\"Piknik z Klimatem 2016. Fot. Klub Gaja \/ Joanna \u017babicka.\"\n\t\t\t\t\talt=\"Piknik z Klimatem 2016. Fot. Klub Gaja \/ Joanna \u017babicka.\"\n\t\t\t\t\tsrc=\"https:\/\/archiwum.swietodrzewa.pl\/wp-content\/gallery\/piknik-z-klimatem-2016\/thumbs\/thumbs_10.jpg\"\n\t\t\t\t\twidth=\"100\"\n\t\t\t\t\theight=\"75\"\n\t\t\t\t\tstyle=\"max-width:100%;\"\n\t\t\t\t\/>\n\t\t\t<\/a>\n\t\t<\/div>\n\t\t\t\t\t\t\t<\/div> \n\t\t\t\n\t\t\t\t<div id=\"ngg-image-6\" class=\"ngg-gallery-thumbnail-box \n\t\t\t\t\t\t\t\t\t\t\t\" \n\t\t\t>\n\t\t\t\t\t\t<div class=\"ngg-gallery-thumbnail\">\n\t\t\t<a href=\"https:\/\/archiwum.swietodrzewa.pl\/wp-content\/gallery\/piknik-z-klimatem-2016\/12.jpg\"\n\t\t\t\ttitle=\"\"\n\t\t\t\tdata-src=\"https:\/\/archiwum.swietodrzewa.pl\/wp-content\/gallery\/piknik-z-klimatem-2016\/12.jpg\"\n\t\t\t\tdata-thumbnail=\"https:\/\/archiwum.swietodrzewa.pl\/wp-content\/gallery\/piknik-z-klimatem-2016\/thumbs\/thumbs_12.jpg\"\n\t\t\t\tdata-image-id=\"1127\"\n\t\t\t\tdata-title=\"Piknik z Klimatem 2016. Fot. Klub Gaja \/ Joanna \u017babicka.\"\n\t\t\t\tdata-description=\"\"\n\t\t\t\tdata-image-slug=\"12-3\"\n\t\t\t\tclass=\"shutterset_8dde9ae805e54df2241db4a26cfe2b4d\">\n\t\t\t\t<img\n\t\t\t\t\ttitle=\"Piknik z Klimatem 2016. Fot. Klub Gaja \/ Joanna \u017babicka.\"\n\t\t\t\t\talt=\"Piknik z Klimatem 2016. Fot. Klub Gaja \/ Joanna \u017babicka.\"\n\t\t\t\t\tsrc=\"https:\/\/archiwum.swietodrzewa.pl\/wp-content\/gallery\/piknik-z-klimatem-2016\/thumbs\/thumbs_12.jpg\"\n\t\t\t\t\twidth=\"100\"\n\t\t\t\t\theight=\"75\"\n\t\t\t\t\tstyle=\"max-width:100%;\"\n\t\t\t\t\/>\n\t\t\t<\/a>\n\t\t<\/div>\n\t\t\t\t\t\t\t<\/div> \n\t\t\t\n\t\t\t\t<div id=\"ngg-image-7\" class=\"ngg-gallery-thumbnail-box \n\t\t\t\t\t\t\t\t\t\t\t\" \n\t\t\t>\n\t\t\t\t\t\t<div class=\"ngg-gallery-thumbnail\">\n\t\t\t<a href=\"https:\/\/archiwum.swietodrzewa.pl\/wp-content\/gallery\/piknik-z-klimatem-2016\/13.jpg\"\n\t\t\t\ttitle=\"\"\n\t\t\t\tdata-src=\"https:\/\/archiwum.swietodrzewa.pl\/wp-content\/gallery\/piknik-z-klimatem-2016\/13.jpg\"\n\t\t\t\tdata-thumbnail=\"https:\/\/archiwum.swietodrzewa.pl\/wp-content\/gallery\/piknik-z-klimatem-2016\/thumbs\/thumbs_13.jpg\"\n\t\t\t\tdata-image-id=\"1128\"\n\t\t\t\tdata-title=\"Piknik z Klimatem 2016. Fot. Klub Gaja \/ Joanna \u017babicka.\"\n\t\t\t\tdata-description=\"\"\n\t\t\t\tdata-image-slug=\"13-2\"\n\t\t\t\tclass=\"shutterset_8dde9ae805e54df2241db4a26cfe2b4d\">\n\t\t\t\t<img\n\t\t\t\t\ttitle=\"Piknik z Klimatem 2016. Fot. Klub Gaja \/ Joanna \u017babicka.\"\n\t\t\t\t\talt=\"Piknik z Klimatem 2016. Fot. Klub Gaja \/ Joanna \u017babicka.\"\n\t\t\t\t\tsrc=\"https:\/\/archiwum.swietodrzewa.pl\/wp-content\/gallery\/piknik-z-klimatem-2016\/thumbs\/thumbs_13.jpg\"\n\t\t\t\t\twidth=\"100\"\n\t\t\t\t\theight=\"75\"\n\t\t\t\t\tstyle=\"max-width:100%;\"\n\t\t\t\t\/>\n\t\t\t<\/a>\n\t\t<\/div>\n\t\t\t\t\t\t\t<\/div> \n\t\t\t\n\t\t\t\t<div id=\"ngg-image-8\" class=\"ngg-gallery-thumbnail-box \n\t\t\t\t\t\t\t\t\t\t\t\" \n\t\t\t>\n\t\t\t\t\t\t<div class=\"ngg-gallery-thumbnail\">\n\t\t\t<a href=\"https:\/\/archiwum.swietodrzewa.pl\/wp-content\/gallery\/piknik-z-klimatem-2016\/14.jpg\"\n\t\t\t\ttitle=\"\"\n\t\t\t\tdata-src=\"https:\/\/archiwum.swietodrzewa.pl\/wp-content\/gallery\/piknik-z-klimatem-2016\/14.jpg\"\n\t\t\t\tdata-thumbnail=\"https:\/\/archiwum.swietodrzewa.pl\/wp-content\/gallery\/piknik-z-klimatem-2016\/thumbs\/thumbs_14.jpg\"\n\t\t\t\tdata-image-id=\"1129\"\n\t\t\t\tdata-title=\"Piknik z Klimatem 2016. Fot. Klub Gaja \/ Joanna \u017babicka.\"\n\t\t\t\tdata-description=\"\"\n\t\t\t\tdata-image-slug=\"14-1\"\n\t\t\t\tclass=\"shutterset_8dde9ae805e54df2241db4a26cfe2b4d\">\n\t\t\t\t<img\n\t\t\t\t\ttitle=\"Piknik z Klimatem 2016. Fot. Klub Gaja \/ Joanna \u017babicka.\"\n\t\t\t\t\talt=\"Piknik z Klimatem 2016. Fot. Klub Gaja \/ Joanna \u017babicka.\"\n\t\t\t\t\tsrc=\"https:\/\/archiwum.swietodrzewa.pl\/wp-content\/gallery\/piknik-z-klimatem-2016\/thumbs\/thumbs_14.jpg\"\n\t\t\t\t\twidth=\"100\"\n\t\t\t\t\theight=\"75\"\n\t\t\t\t\tstyle=\"max-width:100%;\"\n\t\t\t\t\/>\n\t\t\t<\/a>\n\t\t<\/div>\n\t\t\t\t\t\t\t<\/div> \n\t\t\t\n\t\t\t\t<div id=\"ngg-image-9\" class=\"ngg-gallery-thumbnail-box \n\t\t\t\t\t\t\t\t\t\t\t\" \n\t\t\t>\n\t\t\t\t\t\t<div class=\"ngg-gallery-thumbnail\">\n\t\t\t<a href=\"https:\/\/archiwum.swietodrzewa.pl\/wp-content\/gallery\/piknik-z-klimatem-2016\/16.jpg\"\n\t\t\t\ttitle=\"\"\n\t\t\t\tdata-src=\"https:\/\/archiwum.swietodrzewa.pl\/wp-content\/gallery\/piknik-z-klimatem-2016\/16.jpg\"\n\t\t\t\tdata-thumbnail=\"https:\/\/archiwum.swietodrzewa.pl\/wp-content\/gallery\/piknik-z-klimatem-2016\/thumbs\/thumbs_16.jpg\"\n\t\t\t\tdata-image-id=\"1131\"\n\t\t\t\tdata-title=\"Piknik z Klimatem 2016. Fot. Klub Gaja \/ Joanna \u017babicka.\"\n\t\t\t\tdata-description=\"\"\n\t\t\t\tdata-image-slug=\"16-3\"\n\t\t\t\tclass=\"shutterset_8dde9ae805e54df2241db4a26cfe2b4d\">\n\t\t\t\t<img\n\t\t\t\t\ttitle=\"Piknik z Klimatem 2016. Fot. Klub Gaja \/ Joanna \u017babicka.\"\n\t\t\t\t\talt=\"Piknik z Klimatem 2016. Fot. Klub Gaja \/ Joanna \u017babicka.\"\n\t\t\t\t\tsrc=\"https:\/\/archiwum.swietodrzewa.pl\/wp-content\/gallery\/piknik-z-klimatem-2016\/thumbs\/thumbs_16.jpg\"\n\t\t\t\t\twidth=\"100\"\n\t\t\t\t\theight=\"75\"\n\t\t\t\t\tstyle=\"max-width:100%;\"\n\t\t\t\t\/>\n\t\t\t<\/a>\n\t\t<\/div>\n\t\t\t\t\t\t\t<\/div> \n\t\t\t\n\t\n\t<br style=\"clear: both\" \/>\n\n\t\n\t\t<!-- Pagination -->\n\t\t<div class='ngg-clear'><\/div>\t<\/div>\n\n<p><strong>Media o nas:<\/strong><\/p>\n<p><strong>Onet. pl \u00a0\u00a0<a href=\"http:\/\/wiadomosci.onet.pl\/olchowy-domek-dla-murarki\/83kdx6\" target=\"_blank\">&gt;&gt;&gt;&gt;&gt;<\/a>\u00a0\u00a0\u00a0<\/strong><br \/>\n<strong> Warszawa.Eska.pl \u00a0\u00a0<a href=\"http:\/\/warszawa.eska.pl\/newsy\/o-niskiej-emisji-pod-kolumna-zygmunta\/248639\" target=\"_blank\">&gt;&gt;&gt;&gt;&gt;<\/a>\u00a0\u00a0\u00a0<\/strong><br \/>\n<strong> Warszawa.RDOS.gov.pl \u00a0\u00a0<a href=\"http:\/\/warszawa.rdos.gov.pl\/piknik-z-klimatem\" target=\"_blank\">&gt;&gt;&gt;&gt;&gt;<\/a>\u00a0\u00a0\u00a0<\/strong><br \/>\n<strong> Biznes.Onet.pl \u00a0\u00a0<a href=\"http:\/\/biznes.onet.pl\/onet-pro-bono\" target=\"_blank\">&gt;&gt;&gt;&gt;&gt;\u00a0<\/a>\u00a0\u00a0<\/strong><br \/>\n<strong> Plejada.pl \u00a0\u00a0<a href=\"http:\/\/plejada.pl\/onet-pro-bono\" target=\"_blank\">&gt;&gt;&gt;&gt;&gt;<\/a>\u00a0\u00a0<\/strong><\/p>\n<p><strong>Partner Strategiczny:<\/strong><\/p>\n<p><a href=\"http:\/\/www.lasy.gov.pl\/\" target=\"_blank\"><img loading=\"lazy\" class=\"alignleft wp-image-6331 \" title=\"Lasy Pa\u0144stwowe Zapraszamy\" src=\"http:\/\/swietodrzewa.pl\/wp-content\/uploads\/2015\/08\/LP-logo-male-300x204.jpg\" alt=\"Lasy Pa\u0144stwowe Zapraszamy\" width=\"166\" height=\"113\" srcset=\"https:\/\/archiwum.swietodrzewa.pl\/wp-content\/uploads\/2015\/08\/LP-logo-male-300x204.jpg 300w, https:\/\/archiwum.swietodrzewa.pl\/wp-content\/uploads\/2015\/08\/LP-logo-male-1024x699.jpg 1024w, https:\/\/archiwum.swietodrzewa.pl\/wp-content\/uploads\/2015\/08\/LP-logo-male.jpg 1832w\" sizes=\"(max-width: 166px) 100vw, 166px\" \/><\/a><\/p>\n","protected":false},"excerpt":{"rendered":"<p>Dos\u0142ownie, w trzydziestostopniowym upale, warszawiacy i tury\u015bci aktywnie sp\u0119dzili czas na \u201ePikniku z Klimatem\u201d w Warszawie. Klub Gaja przy wsp\u00f3\u0142pracy Las\u00f3w Pa\u0144stwowych zaprosi\u0142 \u201ema\u0142ych i du\u017cych\u201d uczestnik\u00f3w pikniku \u00a0do wsp\u00f3lnej edukacji poprzez zabaw\u0119 \u2013 warsztat\u00f3w \u201eOd deski do deski\u201d. W rytm stuku m\u0142otk\u00f3w i wbijanych gwo\u017adzi powstawa\u0142y olchowe domki dla dzikich pszcz\u00f3\u0142 \u2013 murarek ogrodowych, [&hellip;]<\/p>\n","protected":false},"author":1,"featured_media":7643,"comment_status":"closed","ping_status":"closed","sticky":false,"template":"","format":"standard","meta":{"ngg_post_thumbnail":0},"categories":[16,17,13],"tags":[101,3,9,5,59,53,117,55],"_links":{"self":[{"href":"https:\/\/archiwum.swietodrzewa.pl\/index.php?rest_route=\/wp\/v2\/posts\/7639"}],"collection":[{"href":"https:\/\/archiwum.swietodrzewa.pl\/index.php?rest_route=\/wp\/v2\/posts"}],"about":[{"href":"https:\/\/archiwum.swietodrzewa.pl\/index.php?rest_route=\/wp\/v2\/types\/post"}],"author":[{"embeddable":true,"href":"https:\/\/archiwum.swietodrzewa.pl\/index.php?rest_route=\/wp\/v2\/users\/1"}],"replies":[{"embeddable":true,"href":"https:\/\/archiwum.swietodrzewa.pl\/index.php?rest_route=%2Fwp%2Fv2%2Fcomments&post=7639"}],"version-history":[{"count":8,"href":"https:\/\/archiwum.swietodrzewa.pl\/index.php?rest_route=\/wp\/v2\/posts\/7639\/revisions"}],"predecessor-version":[{"id":7678,"href":"https:\/\/archiwum.swietodrzewa.pl\/index.php?rest_route=\/wp\/v2\/posts\/7639\/revisions\/7678"}],"wp:featuredmedia":[{"embeddable":true,"href":"https:\/\/archiwum.swietodrzewa.pl\/index.php?rest_route=\/wp\/v2\/media\/7643"}],"wp:attachment":[{"href":"https:\/\/archiwum.swietodrzewa.pl\/index.php?rest_route=%2Fwp%2Fv2%2Fmedia&parent=7639"}],"wp:term":[{"taxonomy":"category","embeddable":true,"href":"https:\/\/archiwum.swietodrzewa.pl\/index.php?rest_route=%2Fwp%2Fv2%2Fcategories&post=7639"},{"taxonomy":"post_tag","embeddable":true,"href":"https:\/\/archiwum.swietodrzewa.pl\/index.php?rest_route=%2Fwp%2Fv2%2Ftags&post=7639"}],"curies":[{"name":"wp","href":"https:\/\/api.w.org\/{rel}","templated":true}]}}