{"id":778,"date":"2011-05-18T13:44:20","date_gmt":"2011-05-18T11:44:20","guid":{"rendered":"http:\/\/swietodrzewa.pl\/?p=778"},"modified":"2013-08-08T10:39:49","modified_gmt":"2013-08-08T08:39:49","slug":"wystawa-swieto-drzewa-w-miasteczku-slaskim","status":"publish","type":"post","link":"https:\/\/archiwum.swietodrzewa.pl\/?p=778","title":{"rendered":"Wystawa \u015awi\u0119to Drzewa w Miasteczku \u015al\u0105skim"},"content":{"rendered":"<p align=\"justify\"><span>4-ego maja 2011 odby\u0142a si\u0119 inauguracja wystawy \u015awi\u0119to Drzewa w Urz\u0119dzie Miasta w Miasteczku \u015al\u0105skim. Podczas otwarcia s\u0142owo wst\u0119pne wyg\u0142osi\u0142 Pan Burmistrz Kazimierz Nowak oraz prezes Klubu Gaja Jacek Bo\u017cek. Wernisa\u017c po\u0142\u0105czony by\u0142 z wyst\u0105pieniem Pana Grzegorza Pietruchy, kt\u00f3ry przygotowa\u0142 referat na temat drzew pomnikowych znajduj\u0105cych si\u0119 na terenie gminy. Nie zabrak\u0142o r\u00f3wnie\u017c naszych najwierniejszych wolontariuszy, czyli dzieci ze Szko\u0142y Podstawowej nr 1. Za przybycie dzi\u0119kujemy tak\u017ce Paniom dyrektor z plac\u00f3wek o\u015bwiatowych z terenu gminy oraz wszystkim odwiedzaj\u0105cym nasz\u0105 wystaw\u0119, kt\u00f3r\u0105 mo\u017cna b\u0119dzie ogl\u0105da\u0107 do 16 maja br. <\/span><\/p>\n","protected":false},"excerpt":{"rendered":"<p>4-ego maja 2011 odby\u0142a si\u0119 inauguracja wystawy \u015awi\u0119to Drzewa w Urz\u0119dzie Miasta w Miasteczku \u015al\u0105skim. Podczas otwarcia s\u0142owo wst\u0119pne wyg\u0142osi\u0142 Pan Burmistrz Kazimierz Nowak oraz prezes Klubu Gaja Jacek Bo\u017cek. Wernisa\u017c po\u0142\u0105czony by\u0142 z wyst\u0105pieniem Pana Grzegorza Pietruchy, kt\u00f3ry przygotowa\u0142 referat na temat drzew pomnikowych znajduj\u0105cych si\u0119 na terenie gminy. Nie zabrak\u0142o r\u00f3wnie\u017c naszych najwierniejszych [&hellip;]<\/p>\n","protected":false},"author":1,"featured_media":0,"comment_status":"closed","ping_status":"closed","sticky":false,"template":"","format":"standard","meta":{"ngg_post_thumbnail":0},"categories":[17],"tags":[],"_links":{"self":[{"href":"https:\/\/archiwum.swietodrzewa.pl\/index.php?rest_route=\/wp\/v2\/posts\/778"}],"collection":[{"href":"https:\/\/archiwum.swietodrzewa.pl\/index.php?rest_route=\/wp\/v2\/posts"}],"about":[{"href":"https:\/\/archiwum.swietodrzewa.pl\/index.php?rest_route=\/wp\/v2\/types\/post"}],"author":[{"embeddable":true,"href":"https:\/\/archiwum.swietodrzewa.pl\/index.php?rest_route=\/wp\/v2\/users\/1"}],"replies":[{"embeddable":true,"href":"https:\/\/archiwum.swietodrzewa.pl\/index.php?rest_route=%2Fwp%2Fv2%2Fcomments&post=778"}],"version-history":[{"count":4,"href":"https:\/\/archiwum.swietodrzewa.pl\/index.php?rest_route=\/wp\/v2\/posts\/778\/revisions"}],"predecessor-version":[{"id":2508,"href":"https:\/\/archiwum.swietodrzewa.pl\/index.php?rest_route=\/wp\/v2\/posts\/778\/revisions\/2508"}],"wp:attachment":[{"href":"https:\/\/archiwum.swietodrzewa.pl\/index.php?rest_route=%2Fwp%2Fv2%2Fmedia&parent=778"}],"wp:term":[{"taxonomy":"category","embeddable":true,"href":"https:\/\/archiwum.swietodrzewa.pl\/index.php?rest_route=%2Fwp%2Fv2%2Fcategories&post=778"},{"taxonomy":"post_tag","embeddable":true,"href":"https:\/\/archiwum.swietodrzewa.pl\/index.php?rest_route=%2Fwp%2Fv2%2Ftags&post=778"}],"curies":[{"name":"wp","href":"https:\/\/api.w.org\/{rel}","templated":true}]}}