{"id":7977,"date":"2016-10-18T16:07:59","date_gmt":"2016-10-18T14:07:59","guid":{"rendered":"http:\/\/swietodrzewa.pl\/?p=7977"},"modified":"2016-10-19T14:59:07","modified_gmt":"2016-10-19T12:59:07","slug":"jesienna-zbiorka-makulatury-w-bielsku-bialej","status":"publish","type":"post","link":"https:\/\/archiwum.swietodrzewa.pl\/?p=7977","title":{"rendered":"Jesienna zbi\u00f3rka makulatury  w Bielsku-Bia\u0142ej"},"content":{"rendered":"<p><strong>Jesienna zbi\u00f3rka makulatury organizowana przez Klub Gaja w ramach akcji \u201eZbieraj makulatur\u0119, ratuj konie\u201d przed hipermarketem Auchan w Bielsku-Bia\u0142ej odb\u0119dzie si\u0119 w dniach 21-30 pa\u017adziernika 2016 roku. Do kontenera mo\u017cna wrzuci\u0107 stare gazety, zniszczone ksi\u0105\u017cki, kartony, zadrukowane kartki papieru, tekturowe opakowania czy zapisane zeszyty.<\/strong><!--more--><\/p>\n<p><em><a href=\"http:\/\/swietodrzewa.pl\/wp-content\/uploads\/2015\/04\/Kopia-MAKULATURA-KONIE-26.jpg\" target=\"_blank\"><img loading=\"lazy\" class=\"alignright wp-image-5973 size-medium\" title=\"Zbi\u00f3rka makulatury przed hipermarketem Auchan w Bielsku-Bia\u0142ej. Fot. Klub Gaja.\" src=\"http:\/\/swietodrzewa.pl\/wp-content\/uploads\/2015\/04\/Kopia-MAKULATURA-KONIE-26-300x199.jpg\" alt=\"Zbi\u00f3rka makulatury przed hipermarketem Auchan w Bielsku-Bia\u0142ej. Fot. Klub Gaja.\" width=\"300\" height=\"199\" srcset=\"https:\/\/archiwum.swietodrzewa.pl\/wp-content\/uploads\/2015\/04\/Kopia-MAKULATURA-KONIE-26-300x199.jpg 300w, https:\/\/archiwum.swietodrzewa.pl\/wp-content\/uploads\/2015\/04\/Kopia-MAKULATURA-KONIE-26.jpg 1000w\" sizes=\"(max-width: 300px) 100vw, 300px\" \/><\/a>Mieszka\u0144cy Bielska-Bia\u0142ej i okolic coraz cz\u0119\u015bciej dzwoni\u0105 do Klubu Gaja z zapytaniem kiedy zostanie zorganizowana kolejna zbi\u00f3rka makulatury. Cieszymy si\u0119, \u017ce akcja \u201eZbieraj makulatur\u0119, ratuj konie\u201d jest coraz bardziej popularna, poniewa\u017c dzi\u0119ki temu wiemy, \u017ce ludziom zale\u017cy zar\u00f3wno na ochronie \u015brodowiska jak i pomocy potrzebuj\u0105cym zwierz\u0119tom. Dzi\u0119kujemy za wszystkie dobre s\u0142owa i przekazywan\u0105 makulatur\u0119<\/em> \u2013 m\u00f3wi<strong> Katarzyna Cha\u0142as<\/strong> z Klubu Gaja.<\/p>\n<p><a href=\"http:\/\/www.auchan.pl\/auchan-bielsko-biala\/o-sklepie\" target=\"_blank\"><strong>Hipermarket Auchan w Bielsku-Bia\u0142ej<\/strong><\/a> oraz firma <a href=\"http:\/\/ekowtor.com\/\" target=\"_blank\"><strong>Eko-Wt\u00f3r Jakubiec z Bystrej<\/strong><\/a> od lat wsp\u00f3\u0142pracuj\u0105 z Klubem Gaja w organizacji bielskiej akcji \u201eZbieraj makulatur\u0119, ratuj konie\u201d. W dniach <strong>21\u2013 30 pa\u017adziernika<\/strong> specjalnie oznaczony kontener zostanie ustawiony przed wej\u015bciem do hipermarketu Auchan w Bielsku-Bia\u0142ej przy ul. Bohater\u00f3w Monte Cassino 421.<\/p>\n<p><em>W ci\u0105gu 5 lat Klub Gaja razem z mieszka\u0144cami Bielska i okolic oraz hipermarketem Auchan uzbiera\u0142 ju\u017c ponad 50 ton makulatury. 1 tona makulatury to uratowane przed wycink\u0105 17 drzew. Akcja \u201eZbieraj makulatur\u0119, ratuj konie\u201d organizowana przez Klub Gaja uczy jak chroni\u0105c \u015brodowisko pomaga\u0107 zwierz\u0119tom<\/em> \u2013 komentuje<strong> Jolanta Migda\u0142<\/strong> z Klubu Gaja.<\/p>\n<p>W Polsce przeznacza si\u0119 na ub\u00f3j oko\u0142o 42 tys. koni rocznie. Na rze\u017a trafiaj\u0105 m\u0142ode konie hodowane na mi\u0119so, schorowane zwierz\u0119ta po ci\u0119\u017ckich pracach polowych i le\u015bnych, oraz wykluczone ze sportu. Klub Gaja uratowa\u0142 dotychczas 60 koni przeznaczonych na rze\u017a, chorych lub tych, kt\u00f3rymi w\u0142a\u015bciciele nie mogli si\u0119 d\u0142u\u017cej zajmowa\u0107. Znalaz\u0142 dla nich nowe domy, wspiera ich utrzymanie, leczenie i opiek\u0119 weterynaryjn\u0105. Konie trafi\u0142y m.in. do organizacji prowadz\u0105cych hipoterapi\u0119, ma\u0142ych gospodarstw rolnych i agroturystycznych.<\/p>\n<p><strong>Ka\u017cdy mo\u017ce przyczyni\u0107 si\u0119 do ratowania koni z Klubem Gaja poprzez:<\/strong><br \/>\n&#8211; <a href=\"http:\/\/www.klubgaja.pl\/wesprzyj-nas\" target=\"_blank\"><strong>darowizny<\/strong><\/a> na konto: <strong>90 2030 0045 1110 0000 0067 3120<\/strong><br \/>\n&#8211; <strong>sta\u0142e polecenie przelewu<\/strong> (liczy si\u0119 ka\u017cda kwota)<br \/>\n&#8211; <strong>zbi\u00f3rk\u0119 makulatury<\/strong> w ramach akcji \u201e<a href=\"http:\/\/swietodrzewa.pl\/?page_id=206\" target=\"_blank\"><strong>Zbieraj makulatur\u0119, ratuj konie<\/strong><\/a>\u201d<br \/>\n&#8211; przekazanie <a href=\"http:\/\/www.klubgaja.pl\/przekaz-1-procent-podatku\" target=\"_blank\"><strong>1% podatku<\/strong><\/a> dla Klubu Gaja \u2013 <strong>KRS 0000120069<\/strong><br \/>\n&#8211; <a href=\"http:\/\/www.klubgaja.pl\/mozesz-pomoc\/adoptuj-symbolicznie\" target=\"_blank\"><strong>adopcj\u0119 wirtualn\u0105<\/strong><\/a>.<\/p>\n<p><strong>Wi\u0119cej informacji:<\/strong><br \/>\n<a href=\"http:\/\/www.klubgaja.pl\/pomagamy-zwierzetom\/konie\" target=\"_blank\"><strong> www.klubgaja.pl<\/strong><\/a><br \/>\n<a href=\"http:\/\/swietodrzewa.pl\/?page_id=206\" target=\"_blank\"><strong> www.swietodrzewa.pl<\/strong><\/a><\/p>\n","protected":false},"excerpt":{"rendered":"<p>Jesienna zbi\u00f3rka makulatury organizowana przez Klub Gaja w ramach akcji \u201eZbieraj makulatur\u0119, ratuj konie\u201d przed hipermarketem Auchan w Bielsku-Bia\u0142ej odb\u0119dzie si\u0119 w dniach 21-30 pa\u017adziernika 2016 roku. Do kontenera mo\u017cna wrzuci\u0107 stare gazety, zniszczone ksi\u0105\u017cki, kartony, zadrukowane kartki papieru, tekturowe opakowania czy zapisane zeszyty.<\/p>\n","protected":false},"author":1,"featured_media":7978,"comment_status":"closed","ping_status":"closed","sticky":false,"template":"","format":"standard","meta":{"ngg_post_thumbnail":0},"categories":[17,13,26],"tags":[5,30,47,59,117,55],"_links":{"self":[{"href":"https:\/\/archiwum.swietodrzewa.pl\/index.php?rest_route=\/wp\/v2\/posts\/7977"}],"collection":[{"href":"https:\/\/archiwum.swietodrzewa.pl\/index.php?rest_route=\/wp\/v2\/posts"}],"about":[{"href":"https:\/\/archiwum.swietodrzewa.pl\/index.php?rest_route=\/wp\/v2\/types\/post"}],"author":[{"embeddable":true,"href":"https:\/\/archiwum.swietodrzewa.pl\/index.php?rest_route=\/wp\/v2\/users\/1"}],"replies":[{"embeddable":true,"href":"https:\/\/archiwum.swietodrzewa.pl\/index.php?rest_route=%2Fwp%2Fv2%2Fcomments&post=7977"}],"version-history":[{"count":3,"href":"https:\/\/archiwum.swietodrzewa.pl\/index.php?rest_route=\/wp\/v2\/posts\/7977\/revisions"}],"predecessor-version":[{"id":7981,"href":"https:\/\/archiwum.swietodrzewa.pl\/index.php?rest_route=\/wp\/v2\/posts\/7977\/revisions\/7981"}],"wp:featuredmedia":[{"embeddable":true,"href":"https:\/\/archiwum.swietodrzewa.pl\/index.php?rest_route=\/wp\/v2\/media\/7978"}],"wp:attachment":[{"href":"https:\/\/archiwum.swietodrzewa.pl\/index.php?rest_route=%2Fwp%2Fv2%2Fmedia&parent=7977"}],"wp:term":[{"taxonomy":"category","embeddable":true,"href":"https:\/\/archiwum.swietodrzewa.pl\/index.php?rest_route=%2Fwp%2Fv2%2Fcategories&post=7977"},{"taxonomy":"post_tag","embeddable":true,"href":"https:\/\/archiwum.swietodrzewa.pl\/index.php?rest_route=%2Fwp%2Fv2%2Ftags&post=7977"}],"curies":[{"name":"wp","href":"https:\/\/api.w.org\/{rel}","templated":true}]}}