{"id":8315,"date":"2017-01-30T11:08:56","date_gmt":"2017-01-30T10:08:56","guid":{"rendered":"http:\/\/swietodrzewa.pl\/?p=8315"},"modified":"2017-02-03T12:43:17","modified_gmt":"2017-02-03T11:43:17","slug":"dab-jozef-staje-w-szranki-o-tytul-europejskiego-drzewa-roku-2017","status":"publish","type":"post","link":"https:\/\/archiwum.swietodrzewa.pl\/?p=8315","title":{"rendered":"D\u0105b J\u00f3zef  staje w szranki o tytu\u0142 Europejskiego Drzewa Roku 2017!"},"content":{"rendered":"<p><strong>Ju\u017c 1. lutego rozpoczyna si\u0119 g\u0142osowanie na Europejskie Drzewo Roku 2017. Spo\u015br\u00f3d drzew z 16 europejskich kraj\u00f3w plebiscyt wygra to, kt\u00f3re otrzyma najwi\u0119ksz\u0105 liczb\u0119 g\u0142os\u00f3w internaut\u00f3w. Polskim kandydatem jest zwyci\u0119zca krajowej edycji konkursu Drzewo Roku, organizowanego przez Klubu Gaja, d\u0105b J\u00f3zef z Wi\u015bniowej (woj. podkarpackie). Zach\u0119camy do g\u0142osowania! <\/strong><!--more--><\/p>\n<p><a href=\"http:\/\/swietodrzewa.pl\/?attachment_id=7541\" target=\"_blank\" rel=\"attachment wp-att-7541\"><img loading=\"lazy\" class=\"alignright wp-image-7541 size-medium\" title=\"D\u0105b J\u00f3zef. Fot. Klub Gaja \/ Rafa\u0142 Godek\" src=\"http:\/\/swietodrzewa.pl\/wp-content\/uploads\/2016\/07\/DabJozef-300x225.jpg\" alt=\"D\u0105b J\u00f3zef. Fot. Klub Gaja \/ Rafa\u0142 Godek\" width=\"300\" height=\"225\" srcset=\"https:\/\/archiwum.swietodrzewa.pl\/wp-content\/uploads\/2016\/07\/DabJozef-300x225.jpg 300w, https:\/\/archiwum.swietodrzewa.pl\/wp-content\/uploads\/2016\/07\/DabJozef.jpg 1000w\" sizes=\"(max-width: 300px) 100vw, 300px\" \/><\/a>D\u0105b J\u00f3zef posiada niezwyk\u0142\u0105 histori\u0119, kt\u00f3ra jest \u015bci\u015ble zwi\u0105zana z miejscem w kt\u00f3rym ro\u015bnie. To w\u0142a\u015bnie urok okolicy sk\u0142oni\u0142 rodzin\u0119 Mycielskich do kupna dworu, kt\u00f3ry sta\u0142 si\u0119 o\u015brodkiem \u017cycia intelektualnego i kulturalnego regionu. W czasie II wojny \u015bwiatowej d\u0105b by\u0142 schronieniem dla rodziny \u017cydowskiej. Wizerunek drzewa widnia\u0142 r\u00f3wnie\u017c na przedwojennym banknocie stuz\u0142otowym. Obecnie d\u0105b J\u00f3zef podziwiany jest przez uczestnik\u00f3w licznych wycieczek, a tak\u017ce jest obiektem fotograficznym i malarskim.<\/p>\n<p>Z polskim d\u0119bem konkurowa\u0107 b\u0119dzie 15 drzew z europejskich kraj\u00f3w: lipa w miejscowo\u015bci Masseman z Belgii, czcigodny d\u0105b bezszypu\u0142kowy przy ko\u015bciele Nasalevtsi &#8211; stra\u017cnik wsi i jej mieszka\u0144c\u00f3w z Bu\u0142garii, lipa w Lipce z Republiki Czeskiej, jawor w prze\u0142omie z Anglii, d\u0105b Russaka z Estonii, drzewo deszczowe z parku C\u00e9ron z Francji,\u00a0 buk pn\u0105cy w Hoppenrade z Niemiec, najpi\u0119kniejszy platan na placu J\u00e1szai Mari z W\u0119gier, drzewa Hugha O Flaherty z Irlandii, d\u0105b Stelmu\u017e\u0117 z Litwy, d\u0105b wiecznie zielony z Irlandii P\u00f3\u0142nocnej, drzewo Ding Dong ze Szkocji, Sosna Aprisquillo z Hiszpanii, platan z Budatina ze S\u0142owacji, d\u0105b Brimmons z Walii.<\/p>\n<p><em>Konkurs Europejskie Drzewo Roku co roku pokazuje nam, \u017ce ludzie w ca\u0142ej Europie kochaj\u0105 drzewa. Dlatego powinni\u015bmy je piel\u0119gnowa\u0107 i zachowa\u0107 dla przysz\u0142ych pokole\u0144 jako element naszego dziedzictwa przyrodniczego, historycznego i kulturowego. Zapraszamy do poznawania niezwyk\u0142ych historii europejskich drzew! Nowo\u015bci\u0105 w tym roku jest mo\u017cliwo\u015b\u0107 zag\u0142osowania na 2 drzewa<\/em>\u00a0\u2013 zach\u0119ca <strong>Jolanta Migda\u0142,<\/strong> koordynatorka konkursu Drzewo Roku<\/p>\n<p>Konkurs Europejskie Drzewo Roku zwraca uwag\u0119 na ciekawe drzewa w Europie, jako wa\u017cne elementy dziedzictwa przyrodniczego i kulturowego, kt\u00f3re powinni\u015bmy ceni\u0107 i chroni\u0107. G\u0142osowanie trwa od 1 do 28 lutego 2017 r. W ostatnim tygodniu (od 22 do 28 lutego ) g\u0142osowanie jest tajne,\u00a0 co oznacza, \u017ce na stronie internetowej nie mo\u017cna znale\u017a\u0107 aktualnej liczby g\u0142os\u00f3w. Wyniki zostan\u0105 og\u0142oszone podczas Ceremonii Rozdania Nagr\u00f3d 21 marca 2017 w Brukseli, podczas kt\u00f3rej zwyci\u0119zcy zostan\u0105 nagrodzeni.<\/p>\n<p><strong>G\u0142osy na polskie drzewo mo\u017cna odda\u0107 na stronie <a href=\"http:\/\/www.treeoftheyear.org\/Letosni-rocnik\/Dub-Josef.aspx\" target=\"_blank\">www. treeoftheyear.org<\/a> lub poprzez stron\u0119 <a href=\"http:\/\/www.swietodrzewa.pl\/\" target=\"_blank\">www.swietodrzewa.pl<\/a><\/strong><\/p>\n<p><strong><a href=\"http:\/\/swietodrzewa.pl\/?page_id=7118\" target=\"_blank\">Wi\u0119cej o d\u0119bie J\u00f3zef &gt;&gt;&gt;<\/a><\/strong><\/p>\n<p>Mog\u0105 Pa\u0144stwo pom\u00f3c Klubowi Gaja chroni\u0107 drzewa przekazuj\u0105c <strong><a href=\"http:\/\/swietodrzewa.pl\/?page_id=3595\" target=\"_blank\">1% podatku<\/a><\/strong>. Na stronie Klubu Gaja znajdziecie Pa\u0144stwo <strong><a href=\"https:\/\/www.e-pity.pl\/darmowy-program-online-epity-2016-2017-KRS-0000120069--https:\/www.e-pity.pl\/oppimg\/75dd13c4820b11a1cd1be72a3a0006a3--http:\/www.klubgaja.pl\" target=\"_blank\">Bezp\u0142atny Program PIT<\/a><\/strong> lub w deklaracji podatkowej PIT wystarczy wpisa\u0107\u00a0<strong>KRS: 0000120069<\/strong>.<\/p>\n<p><strong>Fot. Klub Gaja \/ Rafa\u0142 Godek<\/strong><\/p>\n<p><strong>Wi\u0119cej informacji:<br \/>\n<a href=\"http:\/\/www.treeoftheyear.org\/Uvod.aspx\" target=\"_blank\">www.treeoftheyear.org<\/a><br \/>\n<a href=\"http:\/\/www.swietodrzewa.pl\/\" target=\"_blank\">www.swietodrzewa.pl<\/a><br \/>\n<a href=\"http:\/\/www.drzeworoku.pl\/\" target=\"_blank\">www.drzeworoku.pl<\/a><br \/>\n<a href=\"http:\/\/www.klubgaja.pl\/\" target=\"_blank\">www.klubgaja.pl<\/a><br \/>\n<\/strong><\/p>\n<p><strong> Wesprzyj nasze dzia\u0142ania z zakresu ochrony drzew:<br \/>\n<a href=\"https:\/\/www.e-pity.pl\/darmowy-program-online-epity-2016-2017-KRS-0000120069--https:\/www.e-pity.pl\/oppimg\/75dd13c4820b11a1cd1be72a3a0006a3--http:\/www.klubgaja.pl\" target=\"_blank\"><img loading=\"lazy\" class=\"alignleft wp-image-8316\" title=\"1% dla przyrody i zwierz\u0105t\" src=\"http:\/\/swietodrzewa.pl\/wp-content\/uploads\/2017\/01\/1_proc_FB_1_puszczyk-300x111.jpg\" alt=\"1% dla przyrody i zwierz\u0105t\" width=\"605\" height=\"224\" srcset=\"https:\/\/archiwum.swietodrzewa.pl\/wp-content\/uploads\/2017\/01\/1_proc_FB_1_puszczyk-300x111.jpg 300w, https:\/\/archiwum.swietodrzewa.pl\/wp-content\/uploads\/2017\/01\/1_proc_FB_1_puszczyk.jpg 851w\" sizes=\"(max-width: 605px) 100vw, 605px\" \/><\/a>\u00a0 \u00a0 \u00a0 \u00a0 \u00a0\u00a0<\/strong><\/p>\n","protected":false},"excerpt":{"rendered":"<p>Ju\u017c 1. lutego rozpoczyna si\u0119 g\u0142osowanie na Europejskie Drzewo Roku 2017. Spo\u015br\u00f3d drzew z 16 europejskich kraj\u00f3w plebiscyt wygra to, kt\u00f3re otrzyma najwi\u0119ksz\u0105 liczb\u0119 g\u0142os\u00f3w internaut\u00f3w. Polskim kandydatem jest zwyci\u0119zca krajowej edycji konkursu Drzewo Roku, organizowanego przez Klubu Gaja, d\u0105b J\u00f3zef z Wi\u015bniowej (woj. podkarpackie). Zach\u0119camy do g\u0142osowania!<\/p>\n","protected":false},"author":1,"featured_media":7541,"comment_status":"closed","ping_status":"closed","sticky":false,"template":"","format":"standard","meta":{"ngg_post_thumbnail":0},"categories":[24,20],"tags":[3,18,49,50,5,39,51,47,117],"_links":{"self":[{"href":"https:\/\/archiwum.swietodrzewa.pl\/index.php?rest_route=\/wp\/v2\/posts\/8315"}],"collection":[{"href":"https:\/\/archiwum.swietodrzewa.pl\/index.php?rest_route=\/wp\/v2\/posts"}],"about":[{"href":"https:\/\/archiwum.swietodrzewa.pl\/index.php?rest_route=\/wp\/v2\/types\/post"}],"author":[{"embeddable":true,"href":"https:\/\/archiwum.swietodrzewa.pl\/index.php?rest_route=\/wp\/v2\/users\/1"}],"replies":[{"embeddable":true,"href":"https:\/\/archiwum.swietodrzewa.pl\/index.php?rest_route=%2Fwp%2Fv2%2Fcomments&post=8315"}],"version-history":[{"count":3,"href":"https:\/\/archiwum.swietodrzewa.pl\/index.php?rest_route=\/wp\/v2\/posts\/8315\/revisions"}],"predecessor-version":[{"id":8331,"href":"https:\/\/archiwum.swietodrzewa.pl\/index.php?rest_route=\/wp\/v2\/posts\/8315\/revisions\/8331"}],"wp:featuredmedia":[{"embeddable":true,"href":"https:\/\/archiwum.swietodrzewa.pl\/index.php?rest_route=\/wp\/v2\/media\/7541"}],"wp:attachment":[{"href":"https:\/\/archiwum.swietodrzewa.pl\/index.php?rest_route=%2Fwp%2Fv2%2Fmedia&parent=8315"}],"wp:term":[{"taxonomy":"category","embeddable":true,"href":"https:\/\/archiwum.swietodrzewa.pl\/index.php?rest_route=%2Fwp%2Fv2%2Fcategories&post=8315"},{"taxonomy":"post_tag","embeddable":true,"href":"https:\/\/archiwum.swietodrzewa.pl\/index.php?rest_route=%2Fwp%2Fv2%2Ftags&post=8315"}],"curies":[{"name":"wp","href":"https:\/\/api.w.org\/{rel}","templated":true}]}}