{"id":8333,"date":"2017-02-13T09:52:51","date_gmt":"2017-02-13T08:52:51","guid":{"rendered":"http:\/\/swietodrzewa.pl\/?p=8333"},"modified":"2017-02-14T10:42:28","modified_gmt":"2017-02-14T09:42:28","slug":"wystawa-swieto-drzewa-wsrod-pol-zawitala-do-jodlownika","status":"publish","type":"post","link":"https:\/\/archiwum.swietodrzewa.pl\/?p=8333","title":{"rendered":"Wystawa \u201e\u015awi\u0119to Drzewa w\u015br\u00f3d p\u00f3l\u201d zawita\u0142a do Jod\u0142ownika"},"content":{"rendered":"<p class=\"lead\"><strong>W styczniu 2017 roku interaktywna wystawa edukacyjna Klubu Gaja \u2013 \u201e\u015awi\u0119to Drzewa w\u015br\u00f3d p\u00f3l\u201d odwiedzi\u0142a Bibliotek\u0119 Publiczn\u0105 w Jod\u0142owniku w powiecie limanowskim.<\/strong> <!--more--><\/p>\n<p class=\"lead\">W otwarciu wystawy brali udzia\u0142 uczniowie z miejscowego Gimnazjum. Podczas prezentacji wystawy Jaros\u0142aw Kasprzyk z Klubu Gaja przedstawi\u0142 uczestnikom najwa\u017cniejsze po\u017cytki ekologiczne i \u015brodowiskowe p\u0142yn\u0105ce ze zr\u00f3\u017cnicowanego \u015brodowiska rolnego, om\u00f3wi\u0142 r\u00f3wnie\u017c kilka charakterystycznych gatunk\u00f3w ro\u015blin i zwierz\u0105t \u017cyj\u0105cy w mozaice \u0142\u0105k, pastwisk, miedz, p\u00f3l uprawnych i zadrzewie\u0144.<\/p>\n<div class=\"body\">\n<p>Wystawa adresowana jest do r\u00f3\u017cnych grup wiekowych. Jej interaktywne elementy spotka\u0142y si\u0119 zw\u0142aszcza z zainteresowaniem najm\u0142odszych. W\u015br\u00f3d starszych odbiorc\u00f3w powodzeniem cieszy\u0142y si\u0119 przepisy kulinarne z wykorzystaniem dziko rosn\u0105cych ro\u015blin jadalnych kt\u00f3rych jeszcze dosy\u0107 sporo mo\u017cna znale\u017a\u0107 na polach i lasach okalaj\u0105cych Jod\u0142ownik.<a href=\"http:\/\/www.klubgaja.pl\/cms\/uploads\/aktualno%C5%9Bci-2017-cz1\/wystawa-jodlownik.jpg\" target=\"_blank\"><img style=\"height: 200px; width: 356px; float: right;\" src=\"http:\/\/www.klubgaja.pl\/cms\/uploads\/aktualno%C5%9Bci-2017-cz1\/wystawa-jodlownik.jpg\" alt=\"\" \/><\/a><\/p>\n<p><em>Interaktywna wystawa edukacyjna \u201e\u015awi\u0119to Drzewa \u2013 w\u015br\u00f3d p\u00f3l\u201d podczas kt\u00f3rej dzieci z Przedszkola Samorz\u0105dowego oraz m\u0142odzie\u017c gimnazjalna wys\u0142ucha\u0142y wiersza Czes\u0142awa Mi\u0142osza \u201eDo leszczyny\u201d, cieszy\u0142a si\u0119 du\u017cym zainteresowaniem. Wiersz \u201eDo leszczyny\u201d wyj\u0105tkowo dobrze zabrzmia\u0142 w miejscu wystawy \u2013 Bibliotece Publicznej. Przedszkolakom odwiedzaj\u0105cym wystaw\u0119 szczeg\u00f3lnie spodoba\u0142y si\u0119 jej interaktywne elementy kt\u00f3re por\u00f3wna\u0142y do \u201eko\u0142a fortuny\u201d <\/em>\u2013 m\u00f3wi Dorota Ta\u0144cula, kierownik Biblioteki Publicznej w Jod\u0142owniku.<\/p>\n<p>Wystawa by\u0142a prezentowana w ramach projektu Klubu Gaja \u201e\u015awi\u0119to Drzewa \u2013 w\u015br\u00f3d p\u00f3l\u201d, kt\u00f3ry zosta\u0142 dofinansowany ze \u015brodk\u00f3w Narodowego Funduszu Ochrony \u015arodowiska i Gospodarki Wodnej oraz Wojew\u00f3dzkiego Funduszu Ochrony \u015arodowiska i Gospodarki Wodnej w Katowicach.<\/p>\n<\/div>\n","protected":false},"excerpt":{"rendered":"<p>W styczniu 2017 roku interaktywna wystawa edukacyjna Klubu Gaja \u2013 \u201e\u015awi\u0119to Drzewa w\u015br\u00f3d p\u00f3l\u201d odwiedzi\u0142a Bibliotek\u0119 Publiczn\u0105 w Jod\u0142owniku w powiecie limanowskim.<\/p>\n","protected":false},"author":3,"featured_media":8334,"comment_status":"closed","ping_status":"closed","sticky":false,"template":"","format":"standard","meta":{"ngg_post_thumbnail":0},"categories":[1],"tags":[],"_links":{"self":[{"href":"https:\/\/archiwum.swietodrzewa.pl\/index.php?rest_route=\/wp\/v2\/posts\/8333"}],"collection":[{"href":"https:\/\/archiwum.swietodrzewa.pl\/index.php?rest_route=\/wp\/v2\/posts"}],"about":[{"href":"https:\/\/archiwum.swietodrzewa.pl\/index.php?rest_route=\/wp\/v2\/types\/post"}],"author":[{"embeddable":true,"href":"https:\/\/archiwum.swietodrzewa.pl\/index.php?rest_route=\/wp\/v2\/users\/3"}],"replies":[{"embeddable":true,"href":"https:\/\/archiwum.swietodrzewa.pl\/index.php?rest_route=%2Fwp%2Fv2%2Fcomments&post=8333"}],"version-history":[{"count":3,"href":"https:\/\/archiwum.swietodrzewa.pl\/index.php?rest_route=\/wp\/v2\/posts\/8333\/revisions"}],"predecessor-version":[{"id":8341,"href":"https:\/\/archiwum.swietodrzewa.pl\/index.php?rest_route=\/wp\/v2\/posts\/8333\/revisions\/8341"}],"wp:featuredmedia":[{"embeddable":true,"href":"https:\/\/archiwum.swietodrzewa.pl\/index.php?rest_route=\/wp\/v2\/media\/8334"}],"wp:attachment":[{"href":"https:\/\/archiwum.swietodrzewa.pl\/index.php?rest_route=%2Fwp%2Fv2%2Fmedia&parent=8333"}],"wp:term":[{"taxonomy":"category","embeddable":true,"href":"https:\/\/archiwum.swietodrzewa.pl\/index.php?rest_route=%2Fwp%2Fv2%2Fcategories&post=8333"},{"taxonomy":"post_tag","embeddable":true,"href":"https:\/\/archiwum.swietodrzewa.pl\/index.php?rest_route=%2Fwp%2Fv2%2Ftags&post=8333"}],"curies":[{"name":"wp","href":"https:\/\/api.w.org\/{rel}","templated":true}]}}