{"id":8336,"date":"2017-02-14T10:40:01","date_gmt":"2017-02-14T09:40:01","guid":{"rendered":"http:\/\/swietodrzewa.pl\/?p=8336"},"modified":"2017-02-14T10:43:16","modified_gmt":"2017-02-14T09:43:16","slug":"pokaz-pokotu-w-berlinie","status":"publish","type":"post","link":"https:\/\/archiwum.swietodrzewa.pl\/?p=8336","title":{"rendered":"Pokaz &#8222;Pokotu&#8221; w Berlinie"},"content":{"rendered":"<p class=\"lead\"><strong>Publiczno\u015b\u0107 festiwalu w Berlinie zobaczy a\u017c trzy r\u00f3\u017cne plakaty najnowszego filmu Agnieszki Holland. Pierwszy konkursowy pokaz \u201ePokotu\u201d odb\u0119dzie si\u0119 ju\u017c 12 lutego o godz. 16., w Pa\u0142acu Festiwalowym Berlinale. B\u0119dzie to jednocze\u015bnie \u015bwiatowa premiera filmu. Do polskich kin trafi 24 lutego. Na jakie nagrody w Berlinie ma szans\u0119 \u201ePokot\u201d?<\/strong><!--more--><\/p>\n<div class=\"body\">\n<p>W Konkursie G\u0142\u00f3wnym 67. Berlinale znalaz\u0142y si\u0119 24 filmy \u2013 18 z nich b\u0119dzie walczy\u0107 o Z\u0142otego Nied\u017awiedzia. Sk\u0142ad jury, kt\u00f3re b\u0119dzie ocenia\u0107 filmy to: re\u017cyser Paul Verhoeven (przewodnicz\u0105cy), producentka filmowa Dora Bouchoucha Fourati, artysta rze\u017abiarz Olafur Eliasson, aktorki Maggie Gyllenhaal i Julia Jentsch, aktor Diego Luna oraz scenarzysta Wang Quan&#8217;an.<img style=\"width: 200px; float: right; height: 286px;\" src=\"http:\/\/www.klubgaja.pl\/cms\/uploads\/aktualno%C5%9Bci-2017-cz1\/pokot-plakat-autor-patrycja-kuhn.jpg\" alt=\"\" \/><\/p>\n<p>\u201ePokot\u201d, jak precyzuje Polski Instytut Sztuki Filmowej, mo\u017ce ubiega\u0107 si\u0119 o nast\u0119puj\u0105ce nagrody: Z\u0142otego Nied\u017awiedzia za najlepszy film; Srebrnego Nied\u017awiedzia za najlepsz\u0105 re\u017cyseri\u0119, za najlepszy scenariusz (Olga Tokarczuk, Agnieszka Holland), dla najlepszego aktora lub aktorki, za najlepsze zdj\u0119cia, muzyk\u0119, monta\u017c czy kostiumy, a tak\u017ce o nagrod\u0119 im. Alfreda Bauera za wyznaczanie nowych perspektyw w sztuce filmowej. Nowy film Agnieszki Holland podlega te\u017c ocenie niezale\u017cnych gremi\u00f3w, m.in. jury FIPRESCI czy jury ekumenicznego. Ceremonia zamkni\u0119cia i gala nagr\u00f3d odb\u0119dzie si\u0119 18 lutego.<\/p>\n<p><img style=\"width: 200px; float: left; height: 285px;\" src=\"http:\/\/www.klubgaja.pl\/cms\/uploads\/aktualno%C5%9Bci-2017-cz1\/spoor-autor-marek-adamik.jpg\" alt=\"\" \/>Podczas festiwalu w Berlinie \u201ePokot\u201d b\u0119d\u0105 reprezentowa\u0142y trzy plakaty: polski dystrybucyjny (autorstwa Patrycji Kuhn), mi\u0119dzynarodowy (autorstwa Alexandra Curtiusa) oraz festiwalowy (autorstwa Marka Adamika).<\/p>\n<p>Janina Duszejko (Agnieszka Mandat), g\u0142\u00f3wna bohaterka \u201ePokotu\u201d, to emerytowana in\u017cynierka, mi\u0142o\u015bniczka astrologii i wegetarianka. Kiedy\u015b budowa\u0142a mosty na Bliskim Wschodzie, dzi\u015b mieszka samotnie w Sudetach. Pewnej zimowej nocy odnajduje cia\u0142o swojego s\u0105siada, k\u0142usownika. Okoliczno\u015bci \u015bmierci m\u0119\u017cczyzny s\u0105 niezwykle tajemnicze, gdy\u017c jedyne \u015blady, kt\u00f3re znajdowa\u0142y si\u0119 wok\u00f3\u0142 jego domu, to odciski racic saren. Duszejko, widz\u0105c niemoc policji, rozpoczyna w\u0142asne, niekonwencjonalne \u015bledztwo\u2026<\/p>\n<p>&#8222;My\u015bl\u0119, \u017ce gdyby film powsta\u0142 zar\u00f3wno za 10 lat, jak i 10 lat temu, to mogliby\u015bmy w nim odnale\u017a\u0107 co\u015b aktualnego. To cecha dzie\u0142 trwa\u0142ych, a s\u0105dz\u0119, \u017ce \u201ePokot\u201d mo\u017ce taki by\u0107&#8221; \u2013 o uniwersalno\u015bci \u201ePokotu\u201d m\u00f3wi Krzysztof Zanussi, jeden z jego producent\u00f3w.<\/p>\n<p>Scenariusz \u201ePokotu\u201d powsta\u0142 na motywach powie\u015bci Olgi Tokarczuk \u201eProwad\u017a sw\u00f3j p\u0142ug przez ko\u015bci umar\u0142ych\u201d. Pisarka tak wspomina pocz\u0105tek wsp\u00f3\u0142pracy: &#8211; By\u0142am zdziwiona i zachwycona, \u017ce Agnieszka chce si\u0119gn\u0105\u0107 po co\u015b takiego. Ta ksi\u0105\u017cka by\u0142a szalona i kontrowersyjna. Nie chcia\u0142am ju\u017c tej propozycji z r\u0105k wypu\u015bci\u0107.<img style=\"width: 200px; height: 283px; float: right;\" src=\"http:\/\/www.klubgaja.pl\/cms\/uploads\/aktualno%C5%9Bci-2017-cz1\/spoor-alexander-curtius.jpg\" alt=\"\" \/><\/p>\n<p>Agnieszka Holland: &#8211; Chcia\u0142am zrobi\u0107 co\u015b, co b\u0119dzie nieoczywiste, stylistyczny i gatunkowy patchwork. Takiego filmu nigdy wcze\u015bniej nie robi\u0142am. Praca nad nim by\u0142a d\u0142ugim procesem. Ju\u017c na poziomie scenariusza okaza\u0142o si\u0119, \u017ce powie\u015bciowa rzeczywisto\u015b\u0107 stawia op\u00f3r. Ta ksi\u0105\u017cka i Duszejko broni\u0142y si\u0119 przed nami r\u0119koma i nogami. Ale w ko\u0144cu uda\u0142o nam si\u0119 to pokona\u0107.<\/p>\n<p>W rolach g\u0142\u00f3wnych zobaczymy mi\u0119dzy innymi: Agnieszk\u0119 Mandat, Jakuba Giersza\u0142a, Wiktora Zborowskiego i Patrici\u0119 Volny. W pozosta\u0142ych rolach: Miroslav Krobot, Borys Szyc, Tomasz Kot, Andrzej Grabowski, Katarzyna Herman, Marcin Bosak, Andrzej Konopka.<\/p>\n<p>&nbsp;<\/p>\n<p>Polski zwiastun filmu: <a href=\"https:\/\/youtu.be\/rSbepaTl_NY\">https:\/\/youtu.be\/rSbepaTl_NY<\/a><\/p>\n<p>Facebook: @pokotfilm<\/p>\n<p>&nbsp;<\/p>\n<p>Zr\u00f3d\u0142o: NEXT FILM<\/p>\n<\/div>\n","protected":false},"excerpt":{"rendered":"<p>Publiczno\u015b\u0107 festiwalu w Berlinie zobaczy a\u017c trzy r\u00f3\u017cne plakaty najnowszego filmu Agnieszki Holland. Pierwszy konkursowy pokaz \u201ePokotu\u201d odb\u0119dzie si\u0119 ju\u017c 12 lutego o godz. 16., w Pa\u0142acu Festiwalowym Berlinale. B\u0119dzie to jednocze\u015bnie \u015bwiatowa premiera filmu. Do polskich kin trafi 24 lutego. Na jakie nagrody w Berlinie ma szans\u0119 \u201ePokot\u201d?<\/p>\n","protected":false},"author":3,"featured_media":8337,"comment_status":"closed","ping_status":"closed","sticky":false,"template":"","format":"standard","meta":{"ngg_post_thumbnail":0},"categories":[1],"tags":[],"_links":{"self":[{"href":"https:\/\/archiwum.swietodrzewa.pl\/index.php?rest_route=\/wp\/v2\/posts\/8336"}],"collection":[{"href":"https:\/\/archiwum.swietodrzewa.pl\/index.php?rest_route=\/wp\/v2\/posts"}],"about":[{"href":"https:\/\/archiwum.swietodrzewa.pl\/index.php?rest_route=\/wp\/v2\/types\/post"}],"author":[{"embeddable":true,"href":"https:\/\/archiwum.swietodrzewa.pl\/index.php?rest_route=\/wp\/v2\/users\/3"}],"replies":[{"embeddable":true,"href":"https:\/\/archiwum.swietodrzewa.pl\/index.php?rest_route=%2Fwp%2Fv2%2Fcomments&post=8336"}],"version-history":[{"count":3,"href":"https:\/\/archiwum.swietodrzewa.pl\/index.php?rest_route=\/wp\/v2\/posts\/8336\/revisions"}],"predecessor-version":[{"id":8342,"href":"https:\/\/archiwum.swietodrzewa.pl\/index.php?rest_route=\/wp\/v2\/posts\/8336\/revisions\/8342"}],"wp:featuredmedia":[{"embeddable":true,"href":"https:\/\/archiwum.swietodrzewa.pl\/index.php?rest_route=\/wp\/v2\/media\/8337"}],"wp:attachment":[{"href":"https:\/\/archiwum.swietodrzewa.pl\/index.php?rest_route=%2Fwp%2Fv2%2Fmedia&parent=8336"}],"wp:term":[{"taxonomy":"category","embeddable":true,"href":"https:\/\/archiwum.swietodrzewa.pl\/index.php?rest_route=%2Fwp%2Fv2%2Fcategories&post=8336"},{"taxonomy":"post_tag","embeddable":true,"href":"https:\/\/archiwum.swietodrzewa.pl\/index.php?rest_route=%2Fwp%2Fv2%2Ftags&post=8336"}],"curies":[{"name":"wp","href":"https:\/\/api.w.org\/{rel}","templated":true}]}}