{"id":8343,"date":"2017-02-15T12:47:00","date_gmt":"2017-02-15T11:47:00","guid":{"rendered":"http:\/\/swietodrzewa.pl\/?p=8343"},"modified":"2017-02-15T13:39:32","modified_gmt":"2017-02-15T12:39:32","slug":"europejskie-drzewo-roku-na-polmetku","status":"publish","type":"post","link":"https:\/\/archiwum.swietodrzewa.pl\/?p=8343","title":{"rendered":"Europejskie Drzewo Roku na p\u00f3\u0142metku"},"content":{"rendered":"<p><strong>Tylko do ko\u0144ca lutego <\/strong><strong>16 drzew z 16. kraj\u00f3w<\/strong><strong> b\u0119dzie <\/strong><strong>rywalizowa\u0142o<\/strong><strong> o <\/strong><strong>tytu\u0142 Europejskiego Drzewa Roku 2017. Polski kandydat w tym konkursie to <\/strong><strong>d\u0105b J\u00f3zef z Wi\u015bniowej. Klub Gaja zach\u0119ca do wsparcia polskiego drzewa! Sw\u00f3j g\u0142os mo\u017cna odda\u0107 na stronie <a href=\"http:\/\/www.treeoftheyear.org\/\">www.treeoftheyear.org<\/a>. A ju\u017c w najbli\u017csz\u0105 sobot\u0119 o 19.30 zapraszamy do radia TOK FM na audycj\u0119 o d\u0119bie J\u00f3zef. \u00a0\u00a0\u00a0\u00a0\u00a0\u00a0\u00a0\u00a0\u00a0\u00a0\u00a0\u00a0\u00a0\u00a0\u00a0\u00a0\u00a0\u00a0\u00a0\u00a0\u00a0\u00a0\u00a0\u00a0\u00a0\u00a0\u00a0\u00a0\u00a0\u00a0\u00a0\u00a0\u00a0\u00a0\u00a0\u00a0\u00a0\u00a0\u00a0\u00a0\u00a0\u00a0\u00a0\u00a0<\/strong><!--more--><\/p>\n<p>Pierwsza po\u0142owa g\u0142osowania na Europejskie Drzewo Roku 2017 ju\u017c za nami. Polski d\u0105b J\u00f3zef, zwyci\u0119zca polskiej edycji konkursu w 2016 roku,\u00a0 zajmuje obecnie 9. miejsce w rankingu europejskich drzew. Do tej pory na naszego kandydata zag\u0142osowa\u0142o ju\u017c blisko 3 tysi\u0105ce os\u00f3b. G\u0142osowanie potrwa do 28 lutego. Ostatni tydzie\u0144 g\u0142osowania jest tajny, wi\u0119c ilo\u015b\u0107 oddanych g\u0142os\u00f3w na poszczeg\u00f3lne drzewa obserwowa\u0107 mo\u017cna tylko do 21 lutego.Og\u0142oszenie wynik\u00f3w konkursu b\u0119dzie mia\u0142o miejsce 21 marca podczas Ceremonii Rozdania Nagr\u00f3d w Brukseli.<\/p>\n<p><em>W naszym coraz bardziej zurbanizowanym \u015bwiecie drzewa trzeba otacza\u0107 szczeg\u00f3ln\u0105 atencj\u0105. Ciesz\u0119 si\u0119, \u017ce konkurs Europejskie Drzewo Roku sk\u0142ada ho\u0142d niezwyk\u0142ym historiom drzew oraz relacjom jakie \u0142\u0105cz\u0105 nas z drzewami<\/em> \u2013 powiedzia\u0142\u00a0 <strong>Karmenu Vella<\/strong>, Europejski Komisarz ds. \u015arodowiska, Gospodarki Morskiej i Rybo\u0142\u00f3wstwa, kt\u00f3ry obj\u0105\u0142 patronatem Ceremoni\u0119 Rozdania Nagr\u00f3d Europejskiego Konkursu Drzewo Roku 2017.<\/p>\n<p>Konkurs Europejskie Drzewo Roku zosta\u0142 zapocz\u0105tkowany w 2011 r. W finale konkursu bior\u0105 udzia\u0142 zwyci\u0119zcy etap\u00f3w krajowych. W Polsce w tym roku odb\u0119dzie si\u0119 ju\u017c 7. edycja <strong><a href=\"http:\/\/swietodrzewa.pl\/?page_id=1673\">konkursu Drzewo Roku<\/a> <\/strong>organizowanego przez Klub Gaja. Celem konkursu Europejskie Drzewo Roku jest zwr\u00f3cenie uwagi na ciekawe, stare drzewa, jako wa\u017cne elementy dziedzictwa przyrodniczego i kulturowego, kt\u00f3re powinni\u015bmy ceni\u0107 i chroni\u0107. W konkursie decyduj\u0105ce nie jest pi\u0119kno, rozmiary, czy te\u017c wiek, ale historia i zwi\u0105zki drzew z lud\u017ami. W zesz\u0142orocznej edycji konkursu wzi\u0119\u0142o udzia\u0142 ponad 250 tysi\u0119cy os\u00f3b.<\/p>\n<p>Mog\u0105 Pa\u0144stwo pom\u00f3c Klubowi Gaja chroni\u0107 drzewa przekazuj\u0105c <strong><a href=\"http:\/\/swietodrzewa.pl\/?page_id=3595\" target=\"_blank\">1% podatku<\/a><\/strong>. Na stronie Klubu Gaja znajdziecie Pa\u0144stwo <strong><a href=\"https:\/\/www.e-pity.pl\/darmowy-program-online-epity-2016-2017-KRS-0000120069--https:\/www.e-pity.pl\/oppimg\/75dd13c4820b11a1cd1be72a3a0006a3--http:\/www.klubgaja.pl\" target=\"_blank\">Bezp\u0142atny Program PIT<\/a><\/strong> lub w deklaracji podatkowej PIT wystarczy wpisa\u0107\u00a0<strong>KRS: 0000120069<\/strong>.<\/p>\n<p>&nbsp;<\/p>\n<p><strong>Przeczytaj histori\u0119 D\u0119bu J\u00f3zef i zag\u0142osuj <\/strong><a href=\"http:\/\/www.treeoftheyear.org\/ETY-2\/Stromy\/Dub-Josef.aspx\">tutaj &gt;&gt;&gt;&gt;<\/a><\/p>\n<p><strong>Zobacz film o d\u0119bie J\u00f3zef <\/strong><a href=\"https:\/\/youtu.be\/dAKEYGpcAAo\">tutaj&gt;&gt;&gt;&gt;<\/a><\/p>\n<p><strong>Poznaj niezwyk\u0142e polskie drzewa dzi\u0119ki aplikacji mobilnej<\/strong> <a href=\"http:\/\/swietodrzewa.pl\/?page_id=5907\">czytaj wi\u0119cej &gt;&gt;&gt;<\/a><\/p>\n<p><strong>Wi\u0119cej o konkursie Europejskie Drzewo Roku\u00a0<\/strong> <a href=\"http:\/\/www.treeoftheyear.org\/\">www.treeoftheyear.org<\/a><\/p>\n<p><strong>Zobacz spot promuj\u0105cy europejski konkurs<\/strong> <a href=\"https:\/\/www.youtube.com\/watch?v=Ovi4Ju0vOQo\" target=\"_blank\">tutaj&gt;&gt;&gt;<\/a><\/p>\n<p>&nbsp;<\/p>\n<p><strong>Na zdj\u0119ciach: d\u0105b J\u00f3zef <\/strong><\/p>\n<p><strong>Fot. Klub Gaja \/ Rafa\u0142 Godek<\/strong><\/p>\n<p>\n<div class=\"ngg-galleryoverview ngg-slideshow\"\n\tid=\"ngg-slideshow-1331045879729d0807adf9e1aa13fdef-13764167890\"\n\tdata-gallery-id=\"1331045879729d0807adf9e1aa13fdef\"\n\tstyle=\"max-width: 600px;\n\t\t\tmax-height: 450px;\n\t\t\tdisplay: none;\">\n\n\t\n\t\t<a href=\"https:\/\/archiwum.swietodrzewa.pl\/wp-content\/gallery\/dab-jozef\/1.JPG\"\n\t\t\ttitle=\"\"\n\t\t\tdata-src=\"https:\/\/archiwum.swietodrzewa.pl\/wp-content\/gallery\/dab-jozef\/1.JPG\"\n\t\t\tdata-thumbnail=\"https:\/\/archiwum.swietodrzewa.pl\/wp-content\/gallery\/dab-jozef\/thumbs\/thumbs_1.JPG\"\n\t\t\tdata-image-id=\"1152\"\n\t\t\tdata-title=\"1\"\n\t\t\tdata-description=\"\"\n\t\t\tclass=\"shutterset_1331045879729d0807adf9e1aa13fdef\">\n\n\t\t\t<img data-image-id='1152'\n\t\t\t\ttitle=\"\"\n\t\t\t\talt=\"1\"\n\t\t\t\tsrc=\"https:\/\/archiwum.swietodrzewa.pl\/wp-content\/gallery\/dab-jozef\/1.JPG\"\n\t\t\t\tstyle=\"max-height: 430px;\"\/>\n\t\t<\/a>\n\n\t\t\n\t\t<a href=\"https:\/\/archiwum.swietodrzewa.pl\/wp-content\/gallery\/dab-jozef\/2.JPG\"\n\t\t\ttitle=\" \"\n\t\t\tdata-src=\"https:\/\/archiwum.swietodrzewa.pl\/wp-content\/gallery\/dab-jozef\/2.JPG\"\n\t\t\tdata-thumbnail=\"https:\/\/archiwum.swietodrzewa.pl\/wp-content\/gallery\/dab-jozef\/thumbs\/thumbs_2.JPG\"\n\t\t\tdata-image-id=\"1153\"\n\t\t\tdata-title=\"2\"\n\t\t\tdata-description=\" \"\n\t\t\tclass=\"shutterset_1331045879729d0807adf9e1aa13fdef\">\n\n\t\t\t<img data-image-id='1153'\n\t\t\t\ttitle=\" \"\n\t\t\t\talt=\"2\"\n\t\t\t\tsrc=\"https:\/\/archiwum.swietodrzewa.pl\/wp-content\/gallery\/dab-jozef\/2.JPG\"\n\t\t\t\tstyle=\"max-height: 430px;\"\/>\n\t\t<\/a>\n\n\t\t\n\t\t<a href=\"https:\/\/archiwum.swietodrzewa.pl\/wp-content\/gallery\/dab-jozef\/3.JPG\"\n\t\t\ttitle=\" \"\n\t\t\tdata-src=\"https:\/\/archiwum.swietodrzewa.pl\/wp-content\/gallery\/dab-jozef\/3.JPG\"\n\t\t\tdata-thumbnail=\"https:\/\/archiwum.swietodrzewa.pl\/wp-content\/gallery\/dab-jozef\/thumbs\/thumbs_3.JPG\"\n\t\t\tdata-image-id=\"1154\"\n\t\t\tdata-title=\"3\"\n\t\t\tdata-description=\" \"\n\t\t\tclass=\"shutterset_1331045879729d0807adf9e1aa13fdef\">\n\n\t\t\t<img data-image-id='1154'\n\t\t\t\ttitle=\" \"\n\t\t\t\talt=\"3\"\n\t\t\t\tsrc=\"https:\/\/archiwum.swietodrzewa.pl\/wp-content\/gallery\/dab-jozef\/3.JPG\"\n\t\t\t\tstyle=\"max-height: 430px;\"\/>\n\t\t<\/a>\n\n\t\t\n\t\t<a href=\"https:\/\/archiwum.swietodrzewa.pl\/wp-content\/gallery\/dab-jozef\/4.JPG\"\n\t\t\ttitle=\" \"\n\t\t\tdata-src=\"https:\/\/archiwum.swietodrzewa.pl\/wp-content\/gallery\/dab-jozef\/4.JPG\"\n\t\t\tdata-thumbnail=\"https:\/\/archiwum.swietodrzewa.pl\/wp-content\/gallery\/dab-jozef\/thumbs\/thumbs_4.JPG\"\n\t\t\tdata-image-id=\"1155\"\n\t\t\tdata-title=\"4\"\n\t\t\tdata-description=\" \"\n\t\t\tclass=\"shutterset_1331045879729d0807adf9e1aa13fdef\">\n\n\t\t\t<img data-image-id='1155'\n\t\t\t\ttitle=\" \"\n\t\t\t\talt=\"4\"\n\t\t\t\tsrc=\"https:\/\/archiwum.swietodrzewa.pl\/wp-content\/gallery\/dab-jozef\/4.JPG\"\n\t\t\t\tstyle=\"max-height: 430px;\"\/>\n\t\t<\/a>\n\n\t\t\n\t\t<a href=\"https:\/\/archiwum.swietodrzewa.pl\/wp-content\/gallery\/dab-jozef\/5.JPG\"\n\t\t\ttitle=\" \"\n\t\t\tdata-src=\"https:\/\/archiwum.swietodrzewa.pl\/wp-content\/gallery\/dab-jozef\/5.JPG\"\n\t\t\tdata-thumbnail=\"https:\/\/archiwum.swietodrzewa.pl\/wp-content\/gallery\/dab-jozef\/thumbs\/thumbs_5.JPG\"\n\t\t\tdata-image-id=\"1156\"\n\t\t\tdata-title=\"5\"\n\t\t\tdata-description=\" \"\n\t\t\tclass=\"shutterset_1331045879729d0807adf9e1aa13fdef\">\n\n\t\t\t<img data-image-id='1156'\n\t\t\t\ttitle=\" \"\n\t\t\t\talt=\"5\"\n\t\t\t\tsrc=\"https:\/\/archiwum.swietodrzewa.pl\/wp-content\/gallery\/dab-jozef\/5.JPG\"\n\t\t\t\tstyle=\"max-height: 430px;\"\/>\n\t\t<\/a>\n\n\t\t\n\t\t<a href=\"https:\/\/archiwum.swietodrzewa.pl\/wp-content\/gallery\/dab-jozef\/6.JPG\"\n\t\t\ttitle=\" \"\n\t\t\tdata-src=\"https:\/\/archiwum.swietodrzewa.pl\/wp-content\/gallery\/dab-jozef\/6.JPG\"\n\t\t\tdata-thumbnail=\"https:\/\/archiwum.swietodrzewa.pl\/wp-content\/gallery\/dab-jozef\/thumbs\/thumbs_6.JPG\"\n\t\t\tdata-image-id=\"1157\"\n\t\t\tdata-title=\"6\"\n\t\t\tdata-description=\" \"\n\t\t\tclass=\"shutterset_1331045879729d0807adf9e1aa13fdef\">\n\n\t\t\t<img data-image-id='1157'\n\t\t\t\ttitle=\" \"\n\t\t\t\talt=\"6\"\n\t\t\t\tsrc=\"https:\/\/archiwum.swietodrzewa.pl\/wp-content\/gallery\/dab-jozef\/6.JPG\"\n\t\t\t\tstyle=\"max-height: 430px;\"\/>\n\t\t<\/a>\n\n\t\t\n\t\t<a href=\"https:\/\/archiwum.swietodrzewa.pl\/wp-content\/gallery\/dab-jozef\/banknot.jpg\"\n\t\t\ttitle=\" \"\n\t\t\tdata-src=\"https:\/\/archiwum.swietodrzewa.pl\/wp-content\/gallery\/dab-jozef\/banknot.jpg\"\n\t\t\tdata-thumbnail=\"https:\/\/archiwum.swietodrzewa.pl\/wp-content\/gallery\/dab-jozef\/thumbs\/thumbs_banknot.jpg\"\n\t\t\tdata-image-id=\"1158\"\n\t\t\tdata-title=\"banknot\"\n\t\t\tdata-description=\" \"\n\t\t\tclass=\"shutterset_1331045879729d0807adf9e1aa13fdef\">\n\n\t\t\t<img data-image-id='1158'\n\t\t\t\ttitle=\" \"\n\t\t\t\talt=\"banknot\"\n\t\t\t\tsrc=\"https:\/\/archiwum.swietodrzewa.pl\/wp-content\/gallery\/dab-jozef\/banknot.jpg\"\n\t\t\t\tstyle=\"max-height: 430px;\"\/>\n\t\t<\/a>\n\n\t\t<\/div>\n\n\n<\/p>\n<p>&nbsp;<\/p>\n","protected":false},"excerpt":{"rendered":"<p>Tylko do ko\u0144ca lutego 16 drzew z 16. kraj\u00f3w b\u0119dzie rywalizowa\u0142o o tytu\u0142 Europejskiego Drzewa Roku 2017. Polski kandydat w tym konkursie to d\u0105b J\u00f3zef z Wi\u015bniowej. Klub Gaja zach\u0119ca do wsparcia polskiego drzewa! Sw\u00f3j g\u0142os mo\u017cna odda\u0107 na stronie www.treeoftheyear.org. A ju\u017c w najbli\u017csz\u0105 sobot\u0119 o 19.30 zapraszamy do radia TOK FM na audycj\u0119 [&hellip;]<\/p>\n","protected":false},"author":3,"featured_media":7541,"comment_status":"closed","ping_status":"closed","sticky":false,"template":"","format":"standard","meta":{"ngg_post_thumbnail":0},"categories":[1,24],"tags":[],"_links":{"self":[{"href":"https:\/\/archiwum.swietodrzewa.pl\/index.php?rest_route=\/wp\/v2\/posts\/8343"}],"collection":[{"href":"https:\/\/archiwum.swietodrzewa.pl\/index.php?rest_route=\/wp\/v2\/posts"}],"about":[{"href":"https:\/\/archiwum.swietodrzewa.pl\/index.php?rest_route=\/wp\/v2\/types\/post"}],"author":[{"embeddable":true,"href":"https:\/\/archiwum.swietodrzewa.pl\/index.php?rest_route=\/wp\/v2\/users\/3"}],"replies":[{"embeddable":true,"href":"https:\/\/archiwum.swietodrzewa.pl\/index.php?rest_route=%2Fwp%2Fv2%2Fcomments&post=8343"}],"version-history":[{"count":9,"href":"https:\/\/archiwum.swietodrzewa.pl\/index.php?rest_route=\/wp\/v2\/posts\/8343\/revisions"}],"predecessor-version":[{"id":8378,"href":"https:\/\/archiwum.swietodrzewa.pl\/index.php?rest_route=\/wp\/v2\/posts\/8343\/revisions\/8378"}],"wp:featuredmedia":[{"embeddable":true,"href":"https:\/\/archiwum.swietodrzewa.pl\/index.php?rest_route=\/wp\/v2\/media\/7541"}],"wp:attachment":[{"href":"https:\/\/archiwum.swietodrzewa.pl\/index.php?rest_route=%2Fwp%2Fv2%2Fmedia&parent=8343"}],"wp:term":[{"taxonomy":"category","embeddable":true,"href":"https:\/\/archiwum.swietodrzewa.pl\/index.php?rest_route=%2Fwp%2Fv2%2Fcategories&post=8343"},{"taxonomy":"post_tag","embeddable":true,"href":"https:\/\/archiwum.swietodrzewa.pl\/index.php?rest_route=%2Fwp%2Fv2%2Ftags&post=8343"}],"curies":[{"name":"wp","href":"https:\/\/api.w.org\/{rel}","templated":true}]}}