{"id":8379,"date":"2017-02-17T20:25:03","date_gmt":"2017-02-17T19:25:03","guid":{"rendered":"http:\/\/swietodrzewa.pl\/?p=8379"},"modified":"2017-02-17T20:25:54","modified_gmt":"2017-02-17T19:25:54","slug":"tree-hunter-na-tropie-jozefa","status":"publish","type":"post","link":"https:\/\/archiwum.swietodrzewa.pl\/?p=8379","title":{"rendered":"Tree Hunter na tropie J\u00f3zefa"},"content":{"rendered":"<p><strong>Zapraszamy na spotkanie z brytyjskim Tree Hunterem Robem McBride, kt\u00f3re odb\u0119dzie si\u0119 w najbli\u017csz\u0105 sobot\u0119 w Wi\u015bniowej pod d\u0119bem J\u00f3zef &#8211; zwyci\u0119zc\u0105 konkursu Klubu Gaja Drzewo Roku 2016 i polskim kandydatem do tytu\u0142u Europejskiego Drzewa Roku 2017. \u00a0Publiczne g\u0142osowanie trwa si\u0119 do ko\u0144ca lutego na <a href=\"http:\/\/www.treeoftheyear.org\/\">www.treeoftheyear.org<\/a><\/strong><\/p>\n<p><!--more--><\/p>\n<p>S\u0142ynny brytyjski Tree Hunter Rob McBride przyb\u0119dzie do Polski aby spotka\u0107 si\u0119 z d\u0119bem J\u00f3zef, rosn\u0105cym na terenie parku w Zespole Parkowo-Dworkim i Folwarcznym w Wi\u015bniowej w woj. podkarpackim.<\/p>\n<p>Rob Mc Bride po\u015bwi\u0119ci\u0142 swoje \u017cycie, aby chroni\u0107 i promowa\u0107 drzewa. Jest fotografem, podr\u00f3\u017cnikiem, dzia\u0142aczem spo\u0142ecznym i ambasadorem starych i znacz\u0105cych drzew, wsp\u00f3\u0142pracuje regularnie z BBC, gdzie relacjonuje swoje spotkania z niezwyk\u0142ymi drzewami. Prawie 2,5 tysi\u0105ca os\u00f3b \u015bledzi\u0107 jego konto na Twitterze i Facebooku. Grupa &#8222;Treehunter&#8221;, za\u0142o\u017cona przez niego dziesi\u0119\u0107 lat temu, zgromadzi\u0142a ju\u017c ponad 1,5 tysi\u0105ca os\u00f3b.<\/p>\n<p><a href=\"http:\/\/swietodrzewa.pl\/wp-content\/uploads\/2017\/02\/Tree_Hunter_pod_debem_slowianin_2015.jpg\"><img loading=\"lazy\" class=\"alignleft size-full wp-image-8381\" src=\"http:\/\/swietodrzewa.pl\/wp-content\/uploads\/2017\/02\/Tree_Hunter_pod_debem_slowianin_2015.jpg\" alt=\"Tree_Hunter_pod_debem_slowianin_2015\" width=\"1024\" height=\"680\" srcset=\"https:\/\/archiwum.swietodrzewa.pl\/wp-content\/uploads\/2017\/02\/Tree_Hunter_pod_debem_slowianin_2015.jpg 1024w, https:\/\/archiwum.swietodrzewa.pl\/wp-content\/uploads\/2017\/02\/Tree_Hunter_pod_debem_slowianin_2015-300x199.jpg 300w\" sizes=\"(max-width: 1024px) 100vw, 1024px\" \/><\/a>Kiedy Rob dowiedzia\u0142 si\u0119 o Europejskim Drzewie Roku, rozpocz\u0105\u0142 promocj\u0119 konkursu i drzew bior\u0105cych w im udzia\u0142. W 2015 roku odwiedzi\u0142 wszystkie drzewa -finalist\u00f3w europejskiego konkursu. <a href=\"http:\/\/swietodrzewa.pl\/?p=5466\">Zago\u015bci\u0142 tak\u017ce w Polsce<\/a>. Podczas spotka\u0144 pod drzewami ze spo\u0142eczno\u015bciami lokalnymi zwraca\u0142 uwag\u0119 na znaczenia starych drzew oraz potrzeb\u0119 ich piel\u0119gnacji i ochrony.<\/p>\n<p><em>Drzewa jednocz\u0105 ludzi jak nic innego. Dzia\u0142aj\u0105 jak katalizatory pozytywnej energii. Dzi\u0119ki temu wspania\u0142emu konkursowi mo\u017cemy wsp\u00f3lnie \u015bwi\u0119towa\u0107 spotkanie z naszymi europejskimi skarbami,\u00a0 jakimi s\u0105 drzewa, a tak\u017ce pom\u00f3c ludziom \u00a0zrozumie\u0107 prawdziw\u0105 warto\u015b\u0107 drzew i rol\u0119 jak\u0105 odgrywaj\u0105 w naszym \u017cyciu<\/em>\u00a0 &#8211; powiedzia\u0142 <strong>Rob Mc Bride<\/strong> o konkursie Europejskie Drzewo Roku.<\/p>\n<p><strong>Kiedy: <\/strong>sobota, 18 luty 2017, ok. godz. 16.00<br \/>\n<strong>Gdzie:<\/strong> D\u0105b J\u00f3zef, na terenie parku w Zespole Parkowo-Dworkim i Folwarcznym w Wi\u015bniowej w powiecie strzy\u017cowskim w woj. podkarpackim.<\/p>\n<p><strong>Kontakt:<\/strong><\/p>\n<p>Kamil Mendocha, Powiatowe Centrum Kultury i Turystyki w Wi\u015bniowej, tel. 663638030<\/p>\n<p>Rob Mc Bride, tel. +447814526077<br \/>\n<strong>Zobacz niekt\u00f3re z film\u00f3w realizowanych przez Roba Mc Bride:<\/strong><\/p>\n<p><a href=\"https:\/\/www.youtube.com\/watch?v=BP-0UAhCQZs\">Extreme hunting tree<\/a><br \/>\n<a href=\"https:\/\/www.youtube.com\/watch?v=sK3ZIJOTbng\">Launch of European Tree of the Year 2015<\/a><br \/>\n<a href=\"https:\/\/www.youtube.com\/watch?v=c_aIaE2lRBE\">Cooperation on Lonely Tree at Llanfyllin Powys, Wales for BBC<\/a><\/p>\n<p>Na zdj\u0119ciu: Tree Hunter pod d\u0119bem S\u0142owianim w D\u0119binie<\/p>\n","protected":false},"excerpt":{"rendered":"<p>Zapraszamy na spotkanie z brytyjskim Tree Hunterem Robem McBride, kt\u00f3re odb\u0119dzie si\u0119 w najbli\u017csz\u0105 sobot\u0119 w Wi\u015bniowej pod d\u0119bem J\u00f3zef &#8211; zwyci\u0119zc\u0105 konkursu Klubu Gaja Drzewo Roku 2016 i polskim kandydatem do tytu\u0142u Europejskiego Drzewa Roku 2017. \u00a0Publiczne g\u0142osowanie trwa si\u0119 do ko\u0144ca lutego na www.treeoftheyear.org<\/p>\n","protected":false},"author":3,"featured_media":8380,"comment_status":"closed","ping_status":"closed","sticky":false,"template":"","format":"standard","meta":{"ngg_post_thumbnail":0},"categories":[24],"tags":[],"_links":{"self":[{"href":"https:\/\/archiwum.swietodrzewa.pl\/index.php?rest_route=\/wp\/v2\/posts\/8379"}],"collection":[{"href":"https:\/\/archiwum.swietodrzewa.pl\/index.php?rest_route=\/wp\/v2\/posts"}],"about":[{"href":"https:\/\/archiwum.swietodrzewa.pl\/index.php?rest_route=\/wp\/v2\/types\/post"}],"author":[{"embeddable":true,"href":"https:\/\/archiwum.swietodrzewa.pl\/index.php?rest_route=\/wp\/v2\/users\/3"}],"replies":[{"embeddable":true,"href":"https:\/\/archiwum.swietodrzewa.pl\/index.php?rest_route=%2Fwp%2Fv2%2Fcomments&post=8379"}],"version-history":[{"count":2,"href":"https:\/\/archiwum.swietodrzewa.pl\/index.php?rest_route=\/wp\/v2\/posts\/8379\/revisions"}],"predecessor-version":[{"id":8383,"href":"https:\/\/archiwum.swietodrzewa.pl\/index.php?rest_route=\/wp\/v2\/posts\/8379\/revisions\/8383"}],"wp:featuredmedia":[{"embeddable":true,"href":"https:\/\/archiwum.swietodrzewa.pl\/index.php?rest_route=\/wp\/v2\/media\/8380"}],"wp:attachment":[{"href":"https:\/\/archiwum.swietodrzewa.pl\/index.php?rest_route=%2Fwp%2Fv2%2Fmedia&parent=8379"}],"wp:term":[{"taxonomy":"category","embeddable":true,"href":"https:\/\/archiwum.swietodrzewa.pl\/index.php?rest_route=%2Fwp%2Fv2%2Fcategories&post=8379"},{"taxonomy":"post_tag","embeddable":true,"href":"https:\/\/archiwum.swietodrzewa.pl\/index.php?rest_route=%2Fwp%2Fv2%2Ftags&post=8379"}],"curies":[{"name":"wp","href":"https:\/\/api.w.org\/{rel}","templated":true}]}}