{"id":8972,"date":"2017-06-23T11:05:32","date_gmt":"2017-06-23T09:05:32","guid":{"rendered":"http:\/\/swietodrzewa.pl\/?p=8972"},"modified":"2017-07-06T10:53:43","modified_gmt":"2017-07-06T08:53:43","slug":"wakacje-dla-parkura-i-lasera","status":"publish","type":"post","link":"https:\/\/archiwum.swietodrzewa.pl\/?p=8972","title":{"rendered":"Wakacje dla Parkura i Lasera"},"content":{"rendered":"<p><strong>Parkur i Laser to dwa konie uratowane przez Klub Gaja, kt\u00f3re pomagaj\u0105 dzieciom niepe\u0142nosprawnym w hipoterapii w Zespole Szk\u00f3\u0142 Specjalnych nr 4 w Sosnowcu. Na okres wakacji chcemy zapewni\u0107 im zas\u0142u\u017cony odpoczynek. Dlatego prosimy wszystkich o wsparcie finansowe w op\u0142aceniu dla nich pensjonatu, gdzie b\u0119d\u0105 mog\u0142y zregenerowa\u0107 si\u0142y do dalszej pracy.<\/strong><!--more--><\/p>\n<p><a href=\"http:\/\/swietodrzewa.pl\/wp-content\/uploads\/2017\/06\/parkur_laser-3.jpeg\"><img loading=\"lazy\" class=\"alignleft size-medium wp-image-8975\" src=\"http:\/\/swietodrzewa.pl\/wp-content\/uploads\/2017\/06\/parkur_laser-3-224x300.jpeg\" alt=\"parkur_laser (3)\" width=\"224\" height=\"300\" srcset=\"https:\/\/archiwum.swietodrzewa.pl\/wp-content\/uploads\/2017\/06\/parkur_laser-3-224x300.jpeg 224w, https:\/\/archiwum.swietodrzewa.pl\/wp-content\/uploads\/2017\/06\/parkur_laser-3.jpeg 740w\" sizes=\"(max-width: 224px) 100vw, 224px\" \/><\/a>Parkur i Laser na co dzie\u0144 mieszkaj\u0105 w przyszkolnej stajni. Przez 10 miesi\u0119cy w roku pracuj\u0105 w terapii i rehabilitacji uczni\u00f3w z niepe\u0142nosprawno\u015bci\u0105. Wo\u017c\u0105 na swoich grzbietach dzieci i m\u0142odzie\u017c z autyzmem, Zespo\u0142em Downa, m\u00f3zgowym pora\u017ceniem dzieci\u0119cym, niepe\u0142nosprawno\u015bci\u0105 intelektualn\u0105. W zamian otrzymuj\u0105 mi\u0142o\u015b\u0107, czu\u0142e g\u0142askanie, codzienn\u0105 opiek\u0119 i uwag\u0119.<a href=\"http:\/\/swietodrzewa.pl\/wp-content\/uploads\/2017\/06\/parkur_laser-2.jpeg\"><img loading=\"lazy\" class=\"alignright size-medium wp-image-8974\" src=\"http:\/\/swietodrzewa.pl\/wp-content\/uploads\/2017\/06\/parkur_laser-2-224x300.jpeg\" alt=\"parkur_laser (2)\" width=\"224\" height=\"300\" srcset=\"https:\/\/archiwum.swietodrzewa.pl\/wp-content\/uploads\/2017\/06\/parkur_laser-2-224x300.jpeg 224w, https:\/\/archiwum.swietodrzewa.pl\/wp-content\/uploads\/2017\/06\/parkur_laser-2.jpeg 740w\" sizes=\"(max-width: 224px) 100vw, 224px\" \/><\/a><\/p>\n<p>Na okres wakacji pragniemy zapewni\u0107 im odpoczynek w miejscu pe\u0142nym soczystej trawy i przestrzeni do galop\u00f3w. Dlatego prosimy o wsparcie finansowe w op\u0142aceniu pensjonatu, gdzie Parkur i Laser zregeneruj\u0105 swoje si\u0142y. Darowizny prosimy wp\u0142aca\u0107 na konto Klubu Gaja nr 90 2030 0045 1110 0000 0067 3120 . W tytule przelewu prosimy wpisa\u0107: \u201e<strong>darowizna dla Parkura i Lasera\u201d.<\/strong><\/p>\n<p>W imieniu koni serdecznie dzi\u0119kujemy za ka\u017cde wsparcie!<\/p>\n<p>&nbsp;<\/p>\n","protected":false},"excerpt":{"rendered":"<p>Parkur i Laser to dwa konie uratowane przez Klub Gaja, kt\u00f3re pomagaj\u0105 dzieciom niepe\u0142nosprawnym w hipoterapii w Zespole Szk\u00f3\u0142 Specjalnych nr 4 w Sosnowcu. Na okres wakacji chcemy zapewni\u0107 im zas\u0142u\u017cony odpoczynek. Dlatego prosimy wszystkich o wsparcie finansowe w op\u0142aceniu dla nich pensjonatu, gdzie b\u0119d\u0105 mog\u0142y zregenerowa\u0107 si\u0142y do dalszej pracy.<\/p>\n","protected":false},"author":3,"featured_media":8973,"comment_status":"closed","ping_status":"closed","sticky":false,"template":"","format":"standard","meta":{"ngg_post_thumbnail":0},"categories":[26],"tags":[],"_links":{"self":[{"href":"https:\/\/archiwum.swietodrzewa.pl\/index.php?rest_route=\/wp\/v2\/posts\/8972"}],"collection":[{"href":"https:\/\/archiwum.swietodrzewa.pl\/index.php?rest_route=\/wp\/v2\/posts"}],"about":[{"href":"https:\/\/archiwum.swietodrzewa.pl\/index.php?rest_route=\/wp\/v2\/types\/post"}],"author":[{"embeddable":true,"href":"https:\/\/archiwum.swietodrzewa.pl\/index.php?rest_route=\/wp\/v2\/users\/3"}],"replies":[{"embeddable":true,"href":"https:\/\/archiwum.swietodrzewa.pl\/index.php?rest_route=%2Fwp%2Fv2%2Fcomments&post=8972"}],"version-history":[{"count":2,"href":"https:\/\/archiwum.swietodrzewa.pl\/index.php?rest_route=\/wp\/v2\/posts\/8972\/revisions"}],"predecessor-version":[{"id":9089,"href":"https:\/\/archiwum.swietodrzewa.pl\/index.php?rest_route=\/wp\/v2\/posts\/8972\/revisions\/9089"}],"wp:featuredmedia":[{"embeddable":true,"href":"https:\/\/archiwum.swietodrzewa.pl\/index.php?rest_route=\/wp\/v2\/media\/8973"}],"wp:attachment":[{"href":"https:\/\/archiwum.swietodrzewa.pl\/index.php?rest_route=%2Fwp%2Fv2%2Fmedia&parent=8972"}],"wp:term":[{"taxonomy":"category","embeddable":true,"href":"https:\/\/archiwum.swietodrzewa.pl\/index.php?rest_route=%2Fwp%2Fv2%2Fcategories&post=8972"},{"taxonomy":"post_tag","embeddable":true,"href":"https:\/\/archiwum.swietodrzewa.pl\/index.php?rest_route=%2Fwp%2Fv2%2Ftags&post=8972"}],"curies":[{"name":"wp","href":"https:\/\/api.w.org\/{rel}","templated":true}]}}