{"id":9009,"date":"2017-07-01T12:00:08","date_gmt":"2017-07-01T10:00:08","guid":{"rendered":"http:\/\/swietodrzewa.pl\/?p=9009"},"modified":"2017-09-11T09:35:39","modified_gmt":"2017-09-11T07:35:39","slug":"topola-helena-drzewem-roku-2017","status":"publish","type":"post","link":"https:\/\/archiwum.swietodrzewa.pl\/?p=9009","title":{"rendered":"Topola Helena Drzewem Roku 2017!"},"content":{"rendered":"<p><strong>W tegorocznej edycji konkursu Drzewo Roku Klubu Gaja zwyci\u0119\u017cy\u0142a 220-letnia Topola Helena z Helu. To w\u0142a\u015bnie ona b\u0119dzie reprezentowa\u0142a Polsk\u0119 w mi\u0119dzynarodowym plebiscycie Europejskie Drzewo Roku 2018!<\/strong><br \/>\n<!--more--><\/p>\n<p>W tegorocznym plebiscycie zwyci\u0119ska Topola Helena zdoby\u0142a 867 g\u0142os\u00f3w, niewiele mniej, bo 844 g\u0142osy uzyska\u0142a egzotyczna palma Feniks Kanaryjski z Gliwic, dzi\u0119ki czemu uplasowa\u0142a si\u0119 na drugim miejscu. Trzecie miejsce zdoby\u0142 D\u0105b Karlik z Gogolina uzyskuj\u0105c 785 g\u0142os\u00f3w. Statuetka Drzewo Roku 2017 trafi do przedstawicieli Urz\u0119du Miasta Hel oraz Liceum Og\u00f3lnokszta\u0142c\u0105cego w Helu, kt\u00f3rzy zg\u0142osili drzewo do konkursu. Wr\u0119czenie nagr\u00f3d odb\u0119dzie si\u0119 w Warszawie 10 pa\u017adziernika 2017 podczas inauguracji 15. edycji programu \u015awi\u0119to Drzewa Klubu Gaja.<\/p>\n<p><em>Jako g\u00f3ral z Beskid\u00f3w powinienem w ramach gratulacji za\u015bpiewa\u0107 w kierunku Ba\u0142tyku- Hela, Hela, Helenko&#8230;Wielkie podzi\u0119kowania dla mieszkanek i mieszka\u0144c\u00f3w ca\u0142ego p\u00f3\u0142wyspu za wspania\u0142y finisz. No a teraz do pracy. Musz\u0105 pom\u00f3c te\u017c tury\u015bci i trzeba zrobi\u0107 kolejny krok. Wygra\u0107 w rywalizacji o Europejskie Drzewo Roku <\/em>\u2013 m\u00f3wi <strong>Jacek Bo\u017cek<\/strong>, prezes Klubu Gaja<\/p>\n<p>W finale 7. edycji konkursu Drzewo Roku znalaz\u0142o si\u0119 16 drzew z kilkudziesi\u0119ciu zg\u0142osze\u0144 nades\u0142anych z ca\u0142ej Polski. Podczas g\u0142osowania internauci oddali 5100 wa\u017cnych g\u0142os\u00f3w. Na stronie plebiscytu odnotowano blisko 16 000 odwiedzin..<\/p>\n<p>Og\u00f3lnopolski konkurs Klubu Gaja\u00a0 \u2013 Drzewo Roku propaguje postawy ochrony przyrody i konieczno\u015b\u0107 ochrony jej obiekt\u00f3w, jakimi s\u0105 drzewa. Zwraca uwag\u0119 na ich rol\u0119 w naszym \u017cyciu, silne zwi\u0105zki pomi\u0119dzy kultur\u0105 i histori\u0105 danej spo\u0142eczno\u015bci, a drzewem, do kt\u00f3rego przywi\u0105zuje ona szczeg\u00f3lne znaczenie. Wy\u0142ania najwa\u017cniejsze i najbardziej kochane przez spo\u0142eczno\u015bci lokalne drzewa w naszym kraju. Ambasadorami konkursu s\u0105 podr\u00f3\u017cniczka i pisarka,\u00a0<strong>El\u017cbieta Dzikowska,<\/strong>\u00a0re\u017cyser\u00a0<strong>Kazimierz Kutz<\/strong>\u00a0oraz j\u0119zykoznawca, popularyzator wiedzy o j\u0119zyku polskim, profesor\u00a0<strong>Jan Miodek<\/strong>.<\/p>\n<p><strong><a href=\"http:\/\/swietodrzewa.pl\/wp-content\/uploads\/2017\/03\/16_topola_hela.jpg\"><img loading=\"lazy\" class=\"alignleft size-medium wp-image-8563\" src=\"http:\/\/swietodrzewa.pl\/wp-content\/uploads\/2017\/03\/16_topola_hela-225x300.jpg\" alt=\"16_topola_hela\" width=\"225\" height=\"300\" srcset=\"https:\/\/archiwum.swietodrzewa.pl\/wp-content\/uploads\/2017\/03\/16_topola_hela-225x300.jpg 225w, https:\/\/archiwum.swietodrzewa.pl\/wp-content\/uploads\/2017\/03\/16_topola_hela.jpg 768w\" sizes=\"(max-width: 225px) 100vw, 225px\" \/><\/a>Zdobywczyni tytu\u0142u Drzewo Roku 2017 &#8211; Topola Helena z Helu (woj. pomorskie). <\/strong>Nazwa tej 220-letniej topoli czarnej nie jest przypadkowa. Podkre\u015bla ona to\u017csamo\u015b\u0107 miejsca, w kt\u00f3rym ro\u015bnie, bowiem w j\u0119zyku staropolskim nazwa \u201eHel\u201d oznacza wydm\u0119, cypel, pustkowie. Klimat nadmorski oraz helska bryza pr\u00f3buj\u0105 j\u0105 \u201ez\u0142ama\u0107\u201d, jednak drzewo dzielnie stawia im op\u00f3r. Pierwsz\u0105 osob\u0105, kt\u00f3ra zwr\u00f3ci\u0142a uwag\u0119 na ten niezwyk\u0142y okaz topoli by\u0142 Roman Klim \u2013 mi\u0142o\u015bnik przyrody Pomorza i tw\u00f3rca Muzeum Rybo\u0142\u00f3wstwa w Helu. Dawniej Helena sta\u0142a w towarzystwie bli\u017aniaczej topoli, kt\u00f3ra nie wytrzyma\u0142a silnego naporu wiatru. Pozosta\u0142 po niej tylko pie\u0144, z kt\u00f3rego stworzono rze\u017ab\u0119 przedstawiaj\u0105ca rybak\u00f3w wci\u0105gaj\u0105cych sieci do \u0142odzi. Tym samym powsta\u0142 pomnik nawi\u0105zuj\u0105cy do historii\u00a0 miasta i jego rybackiej tradycji.<\/p>\n<p>&nbsp;<\/p>\n<p>&nbsp;<\/p>\n<p>&nbsp;<\/p>\n<p>&nbsp;<\/p>\n<p><strong><a href=\"http:\/\/swietodrzewa.pl\/wp-content\/uploads\/2017\/03\/12_feniks_kanaryjski.jpg\"><img loading=\"lazy\" class=\"alignleft size-medium wp-image-8558\" src=\"http:\/\/swietodrzewa.pl\/wp-content\/uploads\/2017\/03\/12_feniks_kanaryjski-300x199.jpg\" alt=\"SONY DSC\" width=\"300\" height=\"199\" srcset=\"https:\/\/archiwum.swietodrzewa.pl\/wp-content\/uploads\/2017\/03\/12_feniks_kanaryjski-300x199.jpg 300w, https:\/\/archiwum.swietodrzewa.pl\/wp-content\/uploads\/2017\/03\/12_feniks_kanaryjski.jpg 1024w\" sizes=\"(max-width: 300px) 100vw, 300px\" \/><\/a>Zdobywca 2. miejsca <\/strong>&#8211; <strong>Feniks Kanaryjski z Gliwice (woj. \u015bl\u0105skie). <\/strong>Egzotyczna palma przyjecha\u0142a do Gliwic w 1924 roku na zorganizowan\u0105 w\u00f3wczas \u201ewielk\u0105 wystaw\u0119 ro\u015blin egzotycznych\u201d. Jak podaje \u00f3wczesna prasa mia\u0142a wtedy charakter ro\u015bliny soliterowej w wieku ok. 70 lat. Po zako\u0144czeniu wystawy trafi\u0142a do oran\u017cerii na terenie Parku Chopina. Ze wzgl\u0119du na ograniczone miejsce w\u0142adze miasta podj\u0119\u0142y decyzj\u0119 o rozbudowie obiektu. Dzi\u0119ki wsparciu gliwickich przemys\u0142owc\u00f3w ju\u017c rok p\u00f3\u017aniej udost\u0119pniono dla zwiedzaj\u0105cych nowe szklarnie. W ten spos\u00f3b drzewo przyczyni\u0142o si\u0119 do powstania Palmiarni Miejskiej.<\/p>\n<p>&nbsp;<\/p>\n<p>&nbsp;<\/p>\n<p><strong><a href=\"http:\/\/swietodrzewa.pl\/wp-content\/uploads\/2017\/07\/dab_karlik.jpg\"><img loading=\"lazy\" class=\"alignleft size-medium wp-image-9010\" src=\"http:\/\/swietodrzewa.pl\/wp-content\/uploads\/2017\/07\/dab_karlik-300x225.jpg\" alt=\"dab_karlik\" width=\"300\" height=\"225\" srcset=\"https:\/\/archiwum.swietodrzewa.pl\/wp-content\/uploads\/2017\/07\/dab_karlik-300x225.jpg 300w, https:\/\/archiwum.swietodrzewa.pl\/wp-content\/uploads\/2017\/07\/dab_karlik.jpg 1000w\" sizes=\"(max-width: 300px) 100vw, 300px\" \/><\/a>Zdobywca 3. miejsca \u2013<\/strong>\u00a0<strong>D\u0105b Karlik z Gogolina (woj. opolskie)<\/strong>. Ro\u015bnie w okolicy rogatek kolejowych. Jego wyj\u0105tkowo\u015b\u0107 zosta\u0142a dostrze\u017cona dopiero podczas walki o jego ocalenie \u2013 d\u0105b by\u0142 obj\u0119ty post\u0119powaniem \u201ewycinkowym\u201d. Mieszka\u0144cy skrzykn\u0119li si\u0119 jednak i w kr\u00f3tkim czasie zebrali ponad 400 podpis\u00f3w pod petycj\u0105 z pro\u015bb\u0105 o ocalenie tego okazu do samorz\u0105dowc\u00f3w oraz w\u0142adz PKP PLK. Cho\u0107 pocz\u0105tkowo wydawa\u0142o si\u0119 , \u017ce sytuacja jest beznadziejna, ostatecznie decyzja o wycince drzewa zosta\u0142a cofni\u0119ta. To \u015bwietny przyk\u0142ad na to, \u017ce w erze wycinania pi\u0119knych i cz\u0119sto historycznych drzew nie zawsze walka o ich ocalenie ko\u0144czy si\u0119 \u017ale.<\/p>\n<p>&nbsp;<\/p>\n<p>&nbsp;<\/p>\n<p><strong>Dok\u0142adna liczba g\u0142os\u00f3w zdobytych przez poszczeg\u00f3lne drzewa:<\/strong><\/p>\n<p>1. D\u0105b Cesarz \u2013 Oborniki \u015al\u0105skie (woj. dolno\u015bl\u0105skie) \u2013 <strong>46 g\u0142os\u00f3w<br \/>\n<\/strong>2. D\u0105b i Sosna \u2013 Sosnowica (woj. lubelskie) \u2013 <strong>275 g\u0142os\u00f3w<br \/>\n<\/strong>3. Grusza \u2013 Kamionka (woj. opolskie) \u2013 <strong>108 g\u0142os\u00f3w<\/strong><br \/>\n4. Platan \u2013 Zarzecze (woj. podkarpackie) \u2013 <strong>248 g\u0142os\u00f3w<\/strong><br \/>\n5. D\u0105b Karlik \u2013 Gogolin (woj. opolskie) \u2013 <strong>785 g\u0142os\u00f3w<\/strong><br \/>\n6. D\u0105b\u00a0 \u2013 Grodzisk Wielkopolskie (woj. wielkopolskie) \u2013 <strong>117 g\u0142os\u00f3w<\/strong><br \/>\n7. D\u0105b Karczmarz \u2013 Mi\u0119dzyzdroje (woj. zachodniopomorskie) \u2013 <strong>106 g\u0142os\u00f3w<br \/>\n<\/strong>8. D\u0105b Niepodleg\u0142o\u015bci \u2013 August\u00f3w ( woj. podlaskie) \u2013 <strong>217 g\u0142os\u00f3w<\/strong><br \/>\n9. D\u0105b Partyzant\u00f3w\u2013 Klepacze (woj. \u015bwi\u0119tokrzyskie) \u2013 <strong>146 g\u0142os\u00f3w<br \/>\n<\/strong>10. D\u0119bolandia\u2013 Ma\u0142daniec (woj. warmi\u0144sko-mazurskie) \u2013 <strong>617 g\u0142os\u00f3w<br \/>\n<\/strong>11. Drzewo Mro\u017cek \u2013 Borz\u0119cin (woj. ma\u0142opolskie) \u2013 <strong>56 g\u0142os\u00f3w<\/strong><br \/>\n12. Feniks Kanaryjski \u2013 Gliwice (woj. \u015bl\u0105skie) \u2013 <strong>844 g\u0142os\u00f3w<br \/>\n<\/strong>13. D\u0105b Kazimierz Wielki \u2013 B\u0105kowo (woj. kujawsko-pomorskie) \u2013 <strong>447 g\u0142os\u00f3w<br \/>\n<\/strong>14. Kasztany jadalne \u2013 Krajnik G\u00f3rny (woj. zachodniopomorskie) \u2013 <strong>145 g\u0142os\u00f3w<br \/>\n<\/strong>15. Kolorowe Drzewo \u2013 Reda (woj. pomorskie) \u2013 <strong>76 g\u0142os\u00f3w<br \/>\n<\/strong>16. Topola Helena \u2013 Hel (woj. pomorskie) \u2013 <strong>867 g\u0142os\u00f3w<\/strong><\/p>\n<p>Drzewa daj\u0105 tlen, przeciwdzia\u0142aj\u0105 zmianom klimatu, s\u0105 wa\u017cne dla ochrony r\u00f3\u017cnorodno\u015bci biologicznej oraz \u017cycia miliard\u00f3w ludzi i zwierz\u0105t na Ziemi. Drzewa s\u0105 cz\u0119\u015bci\u0105 naszego dziedzictwa narodowego, dlatego powinni\u015bmy je chroni\u0107 dla przysz\u0142ych pokole\u0144. Je\u015bli nie jest Ci oboj\u0119tny los drzew, pom\u00f3\u017c nam je sadzi\u0107, chroni\u0107 i opiekowa\u0107 si\u0119 nimi.<\/p>\n<p>Przeka\u017c darowizn\u0119 Klubowi Gaja nr konta:\u00a0<strong>90 2030 0045 1110 0000 0067 3120<\/strong><br \/>\nMo\u017cesz te\u017c przekaza\u0107 1% Swojego podatku Klubowi Gaja &#8211;<strong>\u00a0KRS 0000120069<\/strong><\/p>\n<p><strong>\u00a0<\/strong><\/p>\n","protected":false},"excerpt":{"rendered":"<p>W tegorocznej edycji konkursu Drzewo Roku Klubu Gaja zwyci\u0119\u017cy\u0142a 220-letnia Topola Helena z Helu. To w\u0142a\u015bnie ona b\u0119dzie reprezentowa\u0142a Polsk\u0119 w mi\u0119dzynarodowym plebiscycie Europejskie Drzewo Roku 2018!<\/p>\n","protected":false},"author":3,"featured_media":8300,"comment_status":"closed","ping_status":"closed","sticky":false,"template":"","format":"standard","meta":{"ngg_post_thumbnail":0},"categories":[1,24],"tags":[],"_links":{"self":[{"href":"https:\/\/archiwum.swietodrzewa.pl\/index.php?rest_route=\/wp\/v2\/posts\/9009"}],"collection":[{"href":"https:\/\/archiwum.swietodrzewa.pl\/index.php?rest_route=\/wp\/v2\/posts"}],"about":[{"href":"https:\/\/archiwum.swietodrzewa.pl\/index.php?rest_route=\/wp\/v2\/types\/post"}],"author":[{"embeddable":true,"href":"https:\/\/archiwum.swietodrzewa.pl\/index.php?rest_route=\/wp\/v2\/users\/3"}],"replies":[{"embeddable":true,"href":"https:\/\/archiwum.swietodrzewa.pl\/index.php?rest_route=%2Fwp%2Fv2%2Fcomments&post=9009"}],"version-history":[{"count":3,"href":"https:\/\/archiwum.swietodrzewa.pl\/index.php?rest_route=\/wp\/v2\/posts\/9009\/revisions"}],"predecessor-version":[{"id":9090,"href":"https:\/\/archiwum.swietodrzewa.pl\/index.php?rest_route=\/wp\/v2\/posts\/9009\/revisions\/9090"}],"wp:featuredmedia":[{"embeddable":true,"href":"https:\/\/archiwum.swietodrzewa.pl\/index.php?rest_route=\/wp\/v2\/media\/8300"}],"wp:attachment":[{"href":"https:\/\/archiwum.swietodrzewa.pl\/index.php?rest_route=%2Fwp%2Fv2%2Fmedia&parent=9009"}],"wp:term":[{"taxonomy":"category","embeddable":true,"href":"https:\/\/archiwum.swietodrzewa.pl\/index.php?rest_route=%2Fwp%2Fv2%2Fcategories&post=9009"},{"taxonomy":"post_tag","embeddable":true,"href":"https:\/\/archiwum.swietodrzewa.pl\/index.php?rest_route=%2Fwp%2Fv2%2Ftags&post=9009"}],"curies":[{"name":"wp","href":"https:\/\/api.w.org\/{rel}","templated":true}]}}