{"id":9091,"date":"2017-07-06T11:00:11","date_gmt":"2017-07-06T09:00:11","guid":{"rendered":"http:\/\/swietodrzewa.pl\/?p=9091"},"modified":"2017-07-06T12:05:05","modified_gmt":"2017-07-06T10:05:05","slug":"konkursu-swieto-drzewa-wsrod-pol-rozstrzygniety","status":"publish","type":"post","link":"https:\/\/archiwum.swietodrzewa.pl\/?p=9091","title":{"rendered":"Konkursu \u201e\u015awi\u0119to Drzewa \u2013 w\u015br\u00f3d p\u00f3l\u201d rozstrzygni\u0119ty!"},"content":{"rendered":"<p><strong>Drzewa i krzewy wyst\u0119puj\u0105ce na obszarach rolniczych stanowi\u0105 o niepowtarzalnym pi\u0119knie krajobrazu i podnosz\u0105 walory wypoczynkowe miejscowo\u015bci. S\u0105 tak\u017ce ostoj\u0105 dzikiej przyrody i wielkim sojusznikiem rolnik\u00f3w. To tak\u017ce has\u0142o przewodnie konkursu Klubu Gaja \u201e\u015awi\u0119to Drzewa \u2013 w\u015br\u00f3d p\u00f3l\u201d , w kt\u00f3rym<\/strong><strong> zach\u0119cali\u015bmy mieszka\u0144c\u00f3w z teren\u00f3w wiejskich do podejmowania lokalnych dzia\u0142a\u0144 na rzecz sadzenia i ochrony zadrzewie\u0144 \u015br\u00f3dpolnych. Najciekawsze dzia\u0142ania podj\u0119te przez uczestnik\u00f3w zosta\u0142y nagrodzone sadzonkami drzew.<\/strong><!--more--><\/p>\n<p>Imprezy sportowe po\u015bwi\u0119cone zalesieniem \u015br\u00f3dpolnym i biegom na orientacj\u0119, wycieczki edukacyjne, lekcje tematyczne, sadzenie drzew owocowych, budowanie hoteli dla zapylaczy czy za\u0142o\u017cenie ogr\u00f3dka szkolnego z ro\u015blinami miododajnymi, to tylko niekt\u00f3re z dzia\u0142a\u0144 podj\u0119tych przez uczestnik\u00f3w konkursu. Zapraszano do wsp\u00f3\u0142pracy rodzic\u00f3w, le\u015bnik\u00f3w, rolnik\u00f3w, przedstawicieli lokalnych samorz\u0105d\u00f3w. W sumie w ramach lokalnych inicjatywach wzi\u0119\u0142o udzia\u0142 ponad 5,5 tysi\u0105ca os\u00f3b. Wsp\u00f3lnie posadzono ponad 800 drzew i krzew\u00f3w. Najciekawsze sprawozdania podj\u0119te przez uczestnik\u00f3w konkursu zosta\u0142y nagrodzone sadzonkami drzew \u2013 lipy, jarz\u0119biny i g\u0142ogu.<\/p>\n<p><span style=\"text-decoration: underline;\"><span style=\"color: #808000;\"><strong>Laureaci konkursu:<\/strong><\/span><\/span><\/p>\n<p><strong>kategoria &#8211; za najwi\u0119ksz\u0105 ilo\u015b\u0107 posadzonych drzew i krzew\u00f3w na terenach wiejskich<\/strong><\/p>\n<ol>\n<li>Szko\u0142a Podstawowa w Zabe\u0142kowie(woj. \u015bl\u0105skie)<\/li>\n<li>Szko\u0142a Podstawowa nr 2 w Jaworzynce(woj. \u015bl\u0105skie)<\/li>\n<li>Zesp\u00f3\u0142 Szk\u00f3\u0142 w Wyszatycach(woj. podkarpackie)<\/li>\n<\/ol>\n<p><strong>kategoria \u2013 za wsp\u00f3\u0142prac\u0119 i zaanga\u017cowanie najwi\u0119kszej liczby uczestnik\u00f3w i partner\u00f3w<\/strong><\/p>\n<ol>\n<li>Zesp\u00f3\u0142 Szkolno-Przedszkolny w Przyrowie(woj. \u015bl\u0105skie)<\/li>\n<li>Szko\u0142a Podstawowa w Bycinie(woj. \u015bl\u0105skie)<\/li>\n<li>Zesp\u00f3\u0142 Plac\u00f3wek O\u015bwiatowych w S\u0142opnicach(woj. ma\u0142opolskie)<\/li>\n<\/ol>\n<p><strong>kategoria &#8211; za kreatywno\u015b\u0107 i ciekawe przeprowadzenie dzia\u0142a\u0144<\/strong><\/p>\n<ol>\n<li>Zesp\u00f3\u0142 Szk\u00f3\u0142 w Krupskim M\u0142ynie(woj. \u015bl\u0105skie)<\/li>\n<li>Niepubliczna Szko\u0142a Podstawowa im. M. Poleskiego w Rokitnie Szlacheckim(woj. \u015bl\u0105skie)<\/li>\n<li>Niepubliczna Szko\u0142a Podstawowa im. St. B\u0119dkowskiego w Grabowej(woj. \u015bl\u0105skie)<\/li>\n<\/ol>\n<p><strong>Wszystkim laureatom serdecznie gratulujemy!<\/strong><\/p>\n<p><!-- default-view.php -->\n<div\n\tclass=\"ngg-galleryoverview default-view \n\t ngg-ajax-pagination-none\t\"\n\tid=\"ngg-gallery-6e8bec9a2ec9393ff36af4ac01e3980e-1\">\n\n\t\t<!-- Thumbnails -->\n\t\t\t\t<div id=\"ngg-image-0\" class=\"ngg-gallery-thumbnail-box \n\t\t\t\t\t\t\t\t\t\t\t\" \n\t\t\t>\n\t\t\t\t\t\t<div class=\"ngg-gallery-thumbnail\">\n\t\t\t<a href=\"https:\/\/archiwum.swietodrzewa.pl\/wp-content\/gallery\/swieto-drzewa-wsrod-pol\/1-CAM00110.jpg\"\n\t\t\t\ttitle=\"\"\n\t\t\t\tdata-src=\"https:\/\/archiwum.swietodrzewa.pl\/wp-content\/gallery\/swieto-drzewa-wsrod-pol\/1-CAM00110.jpg\"\n\t\t\t\tdata-thumbnail=\"https:\/\/archiwum.swietodrzewa.pl\/wp-content\/gallery\/swieto-drzewa-wsrod-pol\/thumbs\/thumbs_1-CAM00110.jpg\"\n\t\t\t\tdata-image-id=\"1297\"\n\t\t\t\tdata-title=\"1-CAM00110\"\n\t\t\t\tdata-description=\"\"\n\t\t\t\tdata-image-slug=\"1-cam00110\"\n\t\t\t\tclass=\"shutterset_6e8bec9a2ec9393ff36af4ac01e3980e\">\n\t\t\t\t<img\n\t\t\t\t\ttitle=\"1-CAM00110\"\n\t\t\t\t\talt=\"1-CAM00110\"\n\t\t\t\t\tsrc=\"https:\/\/archiwum.swietodrzewa.pl\/wp-content\/gallery\/swieto-drzewa-wsrod-pol\/thumbs\/thumbs_1-CAM00110.jpg\"\n\t\t\t\t\twidth=\"100\"\n\t\t\t\t\theight=\"75\"\n\t\t\t\t\tstyle=\"max-width:100%;\"\n\t\t\t\t\/>\n\t\t\t<\/a>\n\t\t<\/div>\n\t\t\t\t\t\t\t<\/div> \n\t\t\t\n\t\t\t\t<div id=\"ngg-image-1\" class=\"ngg-gallery-thumbnail-box \n\t\t\t\t\t\t\t\t\t\t\t\" \n\t\t\t>\n\t\t\t\t\t\t<div class=\"ngg-gallery-thumbnail\">\n\t\t\t<a href=\"https:\/\/archiwum.swietodrzewa.pl\/wp-content\/gallery\/swieto-drzewa-wsrod-pol\/grabowa.jpg\"\n\t\t\t\ttitle=\"\"\n\t\t\t\tdata-src=\"https:\/\/archiwum.swietodrzewa.pl\/wp-content\/gallery\/swieto-drzewa-wsrod-pol\/grabowa.jpg\"\n\t\t\t\tdata-thumbnail=\"https:\/\/archiwum.swietodrzewa.pl\/wp-content\/gallery\/swieto-drzewa-wsrod-pol\/thumbs\/thumbs_grabowa.jpg\"\n\t\t\t\tdata-image-id=\"1298\"\n\t\t\t\tdata-title=\"grabowa\"\n\t\t\t\tdata-description=\"\"\n\t\t\t\tdata-image-slug=\"grabowa\"\n\t\t\t\tclass=\"shutterset_6e8bec9a2ec9393ff36af4ac01e3980e\">\n\t\t\t\t<img\n\t\t\t\t\ttitle=\"grabowa\"\n\t\t\t\t\talt=\"grabowa\"\n\t\t\t\t\tsrc=\"https:\/\/archiwum.swietodrzewa.pl\/wp-content\/gallery\/swieto-drzewa-wsrod-pol\/thumbs\/thumbs_grabowa.jpg\"\n\t\t\t\t\twidth=\"100\"\n\t\t\t\t\theight=\"75\"\n\t\t\t\t\tstyle=\"max-width:100%;\"\n\t\t\t\t\/>\n\t\t\t<\/a>\n\t\t<\/div>\n\t\t\t\t\t\t\t<\/div> \n\t\t\t\n\t\t\t\t<div id=\"ngg-image-2\" class=\"ngg-gallery-thumbnail-box \n\t\t\t\t\t\t\t\t\t\t\t\" \n\t\t\t>\n\t\t\t\t\t\t<div class=\"ngg-gallery-thumbnail\">\n\t\t\t<a href=\"https:\/\/archiwum.swietodrzewa.pl\/wp-content\/gallery\/swieto-drzewa-wsrod-pol\/przyrow-1.jpg\"\n\t\t\t\ttitle=\"\"\n\t\t\t\tdata-src=\"https:\/\/archiwum.swietodrzewa.pl\/wp-content\/gallery\/swieto-drzewa-wsrod-pol\/przyrow-1.jpg\"\n\t\t\t\tdata-thumbnail=\"https:\/\/archiwum.swietodrzewa.pl\/wp-content\/gallery\/swieto-drzewa-wsrod-pol\/thumbs\/thumbs_przyrow-1.jpg\"\n\t\t\t\tdata-image-id=\"1299\"\n\t\t\t\tdata-title=\"przyrow (1)\"\n\t\t\t\tdata-description=\"\"\n\t\t\t\tdata-image-slug=\"przyrow-1\"\n\t\t\t\tclass=\"shutterset_6e8bec9a2ec9393ff36af4ac01e3980e\">\n\t\t\t\t<img\n\t\t\t\t\ttitle=\"przyrow (1)\"\n\t\t\t\t\talt=\"przyrow (1)\"\n\t\t\t\t\tsrc=\"https:\/\/archiwum.swietodrzewa.pl\/wp-content\/gallery\/swieto-drzewa-wsrod-pol\/thumbs\/thumbs_przyrow-1.jpg\"\n\t\t\t\t\twidth=\"100\"\n\t\t\t\t\theight=\"75\"\n\t\t\t\t\tstyle=\"max-width:100%;\"\n\t\t\t\t\/>\n\t\t\t<\/a>\n\t\t<\/div>\n\t\t\t\t\t\t\t<\/div> \n\t\t\t\n\t\t\t\t<div id=\"ngg-image-3\" class=\"ngg-gallery-thumbnail-box \n\t\t\t\t\t\t\t\t\t\t\t\" \n\t\t\t>\n\t\t\t\t\t\t<div class=\"ngg-gallery-thumbnail\">\n\t\t\t<a href=\"https:\/\/archiwum.swietodrzewa.pl\/wp-content\/gallery\/swieto-drzewa-wsrod-pol\/przyrow-2.jpg\"\n\t\t\t\ttitle=\"\"\n\t\t\t\tdata-src=\"https:\/\/archiwum.swietodrzewa.pl\/wp-content\/gallery\/swieto-drzewa-wsrod-pol\/przyrow-2.jpg\"\n\t\t\t\tdata-thumbnail=\"https:\/\/archiwum.swietodrzewa.pl\/wp-content\/gallery\/swieto-drzewa-wsrod-pol\/thumbs\/thumbs_przyrow-2.jpg\"\n\t\t\t\tdata-image-id=\"1300\"\n\t\t\t\tdata-title=\"przyrow (2)\"\n\t\t\t\tdata-description=\"\"\n\t\t\t\tdata-image-slug=\"przyrow-2\"\n\t\t\t\tclass=\"shutterset_6e8bec9a2ec9393ff36af4ac01e3980e\">\n\t\t\t\t<img\n\t\t\t\t\ttitle=\"przyrow (2)\"\n\t\t\t\t\talt=\"przyrow (2)\"\n\t\t\t\t\tsrc=\"https:\/\/archiwum.swietodrzewa.pl\/wp-content\/gallery\/swieto-drzewa-wsrod-pol\/thumbs\/thumbs_przyrow-2.jpg\"\n\t\t\t\t\twidth=\"100\"\n\t\t\t\t\theight=\"75\"\n\t\t\t\t\tstyle=\"max-width:100%;\"\n\t\t\t\t\/>\n\t\t\t<\/a>\n\t\t<\/div>\n\t\t\t\t\t\t\t<\/div> \n\t\t\t\n\t\t\t\t<div id=\"ngg-image-4\" class=\"ngg-gallery-thumbnail-box \n\t\t\t\t\t\t\t\t\t\t\t\" \n\t\t\t>\n\t\t\t\t\t\t<div class=\"ngg-gallery-thumbnail\">\n\t\t\t<a href=\"https:\/\/archiwum.swietodrzewa.pl\/wp-content\/gallery\/swieto-drzewa-wsrod-pol\/swierklaniec.JPG\"\n\t\t\t\ttitle=\"\"\n\t\t\t\tdata-src=\"https:\/\/archiwum.swietodrzewa.pl\/wp-content\/gallery\/swieto-drzewa-wsrod-pol\/swierklaniec.JPG\"\n\t\t\t\tdata-thumbnail=\"https:\/\/archiwum.swietodrzewa.pl\/wp-content\/gallery\/swieto-drzewa-wsrod-pol\/thumbs\/thumbs_swierklaniec.JPG\"\n\t\t\t\tdata-image-id=\"1301\"\n\t\t\t\tdata-title=\"swierklaniec\"\n\t\t\t\tdata-description=\"\"\n\t\t\t\tdata-image-slug=\"swierklaniec\"\n\t\t\t\tclass=\"shutterset_6e8bec9a2ec9393ff36af4ac01e3980e\">\n\t\t\t\t<img\n\t\t\t\t\ttitle=\"swierklaniec\"\n\t\t\t\t\talt=\"swierklaniec\"\n\t\t\t\t\tsrc=\"https:\/\/archiwum.swietodrzewa.pl\/wp-content\/gallery\/swieto-drzewa-wsrod-pol\/thumbs\/thumbs_swierklaniec.JPG\"\n\t\t\t\t\twidth=\"100\"\n\t\t\t\t\theight=\"75\"\n\t\t\t\t\tstyle=\"max-width:100%;\"\n\t\t\t\t\/>\n\t\t\t<\/a>\n\t\t<\/div>\n\t\t\t\t\t\t\t<\/div> \n\t\t\t\n\t\t\t\t<div id=\"ngg-image-5\" class=\"ngg-gallery-thumbnail-box \n\t\t\t\t\t\t\t\t\t\t\t\" \n\t\t\t>\n\t\t\t\t\t\t<div class=\"ngg-gallery-thumbnail\">\n\t\t\t<a href=\"https:\/\/archiwum.swietodrzewa.pl\/wp-content\/gallery\/swieto-drzewa-wsrod-pol\/swierklaniec2.JPG\"\n\t\t\t\ttitle=\"\"\n\t\t\t\tdata-src=\"https:\/\/archiwum.swietodrzewa.pl\/wp-content\/gallery\/swieto-drzewa-wsrod-pol\/swierklaniec2.JPG\"\n\t\t\t\tdata-thumbnail=\"https:\/\/archiwum.swietodrzewa.pl\/wp-content\/gallery\/swieto-drzewa-wsrod-pol\/thumbs\/thumbs_swierklaniec2.JPG\"\n\t\t\t\tdata-image-id=\"1302\"\n\t\t\t\tdata-title=\"swierklaniec2\"\n\t\t\t\tdata-description=\"\"\n\t\t\t\tdata-image-slug=\"swierklaniec2\"\n\t\t\t\tclass=\"shutterset_6e8bec9a2ec9393ff36af4ac01e3980e\">\n\t\t\t\t<img\n\t\t\t\t\ttitle=\"swierklaniec2\"\n\t\t\t\t\talt=\"swierklaniec2\"\n\t\t\t\t\tsrc=\"https:\/\/archiwum.swietodrzewa.pl\/wp-content\/gallery\/swieto-drzewa-wsrod-pol\/thumbs\/thumbs_swierklaniec2.JPG\"\n\t\t\t\t\twidth=\"100\"\n\t\t\t\t\theight=\"75\"\n\t\t\t\t\tstyle=\"max-width:100%;\"\n\t\t\t\t\/>\n\t\t\t<\/a>\n\t\t<\/div>\n\t\t\t\t\t\t\t<\/div> \n\t\t\t\n\t\t\t\t<div id=\"ngg-image-6\" class=\"ngg-gallery-thumbnail-box \n\t\t\t\t\t\t\t\t\t\t\t\" \n\t\t\t>\n\t\t\t\t\t\t<div class=\"ngg-gallery-thumbnail\">\n\t\t\t<a href=\"https:\/\/archiwum.swietodrzewa.pl\/wp-content\/gallery\/swieto-drzewa-wsrod-pol\/DSC_0011.JPG\"\n\t\t\t\ttitle=\"\"\n\t\t\t\tdata-src=\"https:\/\/archiwum.swietodrzewa.pl\/wp-content\/gallery\/swieto-drzewa-wsrod-pol\/DSC_0011.JPG\"\n\t\t\t\tdata-thumbnail=\"https:\/\/archiwum.swietodrzewa.pl\/wp-content\/gallery\/swieto-drzewa-wsrod-pol\/thumbs\/thumbs_DSC_0011.JPG\"\n\t\t\t\tdata-image-id=\"1303\"\n\t\t\t\tdata-title=\"DSC_0011\"\n\t\t\t\tdata-description=\"\"\n\t\t\t\tdata-image-slug=\"dsc_0011-1\"\n\t\t\t\tclass=\"shutterset_6e8bec9a2ec9393ff36af4ac01e3980e\">\n\t\t\t\t<img\n\t\t\t\t\ttitle=\"DSC_0011\"\n\t\t\t\t\talt=\"DSC_0011\"\n\t\t\t\t\tsrc=\"https:\/\/archiwum.swietodrzewa.pl\/wp-content\/gallery\/swieto-drzewa-wsrod-pol\/thumbs\/thumbs_DSC_0011.JPG\"\n\t\t\t\t\twidth=\"100\"\n\t\t\t\t\theight=\"75\"\n\t\t\t\t\tstyle=\"max-width:100%;\"\n\t\t\t\t\/>\n\t\t\t<\/a>\n\t\t<\/div>\n\t\t\t\t\t\t\t<\/div> \n\t\t\t\n\t\t\t\t<div id=\"ngg-image-7\" class=\"ngg-gallery-thumbnail-box \n\t\t\t\t\t\t\t\t\t\t\t\" \n\t\t\t>\n\t\t\t\t\t\t<div class=\"ngg-gallery-thumbnail\">\n\t\t\t<a href=\"https:\/\/archiwum.swietodrzewa.pl\/wp-content\/gallery\/swieto-drzewa-wsrod-pol\/DSC_0022.JPG\"\n\t\t\t\ttitle=\"\"\n\t\t\t\tdata-src=\"https:\/\/archiwum.swietodrzewa.pl\/wp-content\/gallery\/swieto-drzewa-wsrod-pol\/DSC_0022.JPG\"\n\t\t\t\tdata-thumbnail=\"https:\/\/archiwum.swietodrzewa.pl\/wp-content\/gallery\/swieto-drzewa-wsrod-pol\/thumbs\/thumbs_DSC_0022.JPG\"\n\t\t\t\tdata-image-id=\"1304\"\n\t\t\t\tdata-title=\"DSC_0022\"\n\t\t\t\tdata-description=\"\"\n\t\t\t\tdata-image-slug=\"dsc_0022-3\"\n\t\t\t\tclass=\"shutterset_6e8bec9a2ec9393ff36af4ac01e3980e\">\n\t\t\t\t<img\n\t\t\t\t\ttitle=\"DSC_0022\"\n\t\t\t\t\talt=\"DSC_0022\"\n\t\t\t\t\tsrc=\"https:\/\/archiwum.swietodrzewa.pl\/wp-content\/gallery\/swieto-drzewa-wsrod-pol\/thumbs\/thumbs_DSC_0022.JPG\"\n\t\t\t\t\twidth=\"100\"\n\t\t\t\t\theight=\"75\"\n\t\t\t\t\tstyle=\"max-width:100%;\"\n\t\t\t\t\/>\n\t\t\t<\/a>\n\t\t<\/div>\n\t\t\t\t\t\t\t<\/div> \n\t\t\t\n\t\t\t\t<div id=\"ngg-image-8\" class=\"ngg-gallery-thumbnail-box \n\t\t\t\t\t\t\t\t\t\t\t\" \n\t\t\t>\n\t\t\t\t\t\t<div class=\"ngg-gallery-thumbnail\">\n\t\t\t<a href=\"https:\/\/archiwum.swietodrzewa.pl\/wp-content\/gallery\/swieto-drzewa-wsrod-pol\/DSC_0012.JPG\"\n\t\t\t\ttitle=\"\"\n\t\t\t\tdata-src=\"https:\/\/archiwum.swietodrzewa.pl\/wp-content\/gallery\/swieto-drzewa-wsrod-pol\/DSC_0012.JPG\"\n\t\t\t\tdata-thumbnail=\"https:\/\/archiwum.swietodrzewa.pl\/wp-content\/gallery\/swieto-drzewa-wsrod-pol\/thumbs\/thumbs_DSC_0012.JPG\"\n\t\t\t\tdata-image-id=\"1305\"\n\t\t\t\tdata-title=\"DSC_0012\"\n\t\t\t\tdata-description=\"\"\n\t\t\t\tdata-image-slug=\"dsc_0012-3\"\n\t\t\t\tclass=\"shutterset_6e8bec9a2ec9393ff36af4ac01e3980e\">\n\t\t\t\t<img\n\t\t\t\t\ttitle=\"DSC_0012\"\n\t\t\t\t\talt=\"DSC_0012\"\n\t\t\t\t\tsrc=\"https:\/\/archiwum.swietodrzewa.pl\/wp-content\/gallery\/swieto-drzewa-wsrod-pol\/thumbs\/thumbs_DSC_0012.JPG\"\n\t\t\t\t\twidth=\"100\"\n\t\t\t\t\theight=\"75\"\n\t\t\t\t\tstyle=\"max-width:100%;\"\n\t\t\t\t\/>\n\t\t\t<\/a>\n\t\t<\/div>\n\t\t\t\t\t\t\t<\/div> \n\t\t\t\n\t\t\t\t<div id=\"ngg-image-9\" class=\"ngg-gallery-thumbnail-box \n\t\t\t\t\t\t\t\t\t\t\t\" \n\t\t\t>\n\t\t\t\t\t\t<div class=\"ngg-gallery-thumbnail\">\n\t\t\t<a href=\"https:\/\/archiwum.swietodrzewa.pl\/wp-content\/gallery\/swieto-drzewa-wsrod-pol\/DSC_0027.JPG\"\n\t\t\t\ttitle=\"\"\n\t\t\t\tdata-src=\"https:\/\/archiwum.swietodrzewa.pl\/wp-content\/gallery\/swieto-drzewa-wsrod-pol\/DSC_0027.JPG\"\n\t\t\t\tdata-thumbnail=\"https:\/\/archiwum.swietodrzewa.pl\/wp-content\/gallery\/swieto-drzewa-wsrod-pol\/thumbs\/thumbs_DSC_0027.JPG\"\n\t\t\t\tdata-image-id=\"1306\"\n\t\t\t\tdata-title=\"DSC_0027\"\n\t\t\t\tdata-description=\"\"\n\t\t\t\tdata-image-slug=\"dsc_0027\"\n\t\t\t\tclass=\"shutterset_6e8bec9a2ec9393ff36af4ac01e3980e\">\n\t\t\t\t<img\n\t\t\t\t\ttitle=\"DSC_0027\"\n\t\t\t\t\talt=\"DSC_0027\"\n\t\t\t\t\tsrc=\"https:\/\/archiwum.swietodrzewa.pl\/wp-content\/gallery\/swieto-drzewa-wsrod-pol\/thumbs\/thumbs_DSC_0027.JPG\"\n\t\t\t\t\twidth=\"100\"\n\t\t\t\t\theight=\"75\"\n\t\t\t\t\tstyle=\"max-width:100%;\"\n\t\t\t\t\/>\n\t\t\t<\/a>\n\t\t<\/div>\n\t\t\t\t\t\t\t<\/div> \n\t\t\t\n\t\n\t<br style=\"clear: both\" \/>\n\n\t\n\t\t<!-- Pagination -->\n\t\t<div class='ngg-clear'><\/div>\t<\/div>\n<\/p>\n<p>Konkurs adresowany by\u0142 do mieszka\u0144c\u00f3w woj. opolskiego, \u015bl\u0105skiego, ma\u0142opolskiego i podkarpackiego i zosta\u0142 zorganizowany w ramach projektu Klubu Gaja \u201e\u015awi\u0119to Drzewa \u2013 w\u015br\u00f3d p\u00f3l\u201d, kt\u00f3ry zosta\u0142 dofinansowany przez <strong>Narodowy Fundusz Ochrony \u015arodowiska i Gospodarki wodnej oraz Wojew\u00f3dzki Fundusz Ochrony \u015arodowiska i Gospodarki Wodnej w Katowicach.<\/strong><\/p>\n<p><a href=\"http:\/\/swietodrzewa.pl\/wp-content\/uploads\/2016\/06\/logo-NFOSiGW.jpg\"><img loading=\"lazy\" class=\"alignleft size-full wp-image-7524\" src=\"http:\/\/swietodrzewa.pl\/wp-content\/uploads\/2016\/06\/logo-NFOSiGW.jpg\" alt=\"NFOSiGW\" width=\"75\" height=\"98\" \/><\/a> <a href=\"http:\/\/swietodrzewa.pl\/wp-content\/uploads\/2017\/07\/wfos-male.jpg\"><img loading=\"lazy\" class=\"alignleft size-full wp-image-9092\" src=\"http:\/\/swietodrzewa.pl\/wp-content\/uploads\/2017\/07\/wfos-male.jpg\" alt=\"wfos male\" width=\"160\" height=\"101\" \/><\/a><\/p>\n","protected":false},"excerpt":{"rendered":"<p>Drzewa i krzewy wyst\u0119puj\u0105ce na obszarach rolniczych stanowi\u0105 o niepowtarzalnym pi\u0119knie krajobrazu i podnosz\u0105 walory wypoczynkowe miejscowo\u015bci. S\u0105 tak\u017ce ostoj\u0105 dzikiej przyrody i wielkim sojusznikiem rolnik\u00f3w. To tak\u017ce has\u0142o przewodnie konkursu Klubu Gaja \u201e\u015awi\u0119to Drzewa \u2013 w\u015br\u00f3d p\u00f3l\u201d , w kt\u00f3rym zach\u0119cali\u015bmy mieszka\u0144c\u00f3w z teren\u00f3w wiejskich do podejmowania lokalnych dzia\u0142a\u0144 na rzecz sadzenia i ochrony [&hellip;]<\/p>\n","protected":false},"author":3,"featured_media":7688,"comment_status":"closed","ping_status":"closed","sticky":false,"template":"","format":"standard","meta":{"ngg_post_thumbnail":0},"categories":[1],"tags":[],"_links":{"self":[{"href":"https:\/\/archiwum.swietodrzewa.pl\/index.php?rest_route=\/wp\/v2\/posts\/9091"}],"collection":[{"href":"https:\/\/archiwum.swietodrzewa.pl\/index.php?rest_route=\/wp\/v2\/posts"}],"about":[{"href":"https:\/\/archiwum.swietodrzewa.pl\/index.php?rest_route=\/wp\/v2\/types\/post"}],"author":[{"embeddable":true,"href":"https:\/\/archiwum.swietodrzewa.pl\/index.php?rest_route=\/wp\/v2\/users\/3"}],"replies":[{"embeddable":true,"href":"https:\/\/archiwum.swietodrzewa.pl\/index.php?rest_route=%2Fwp%2Fv2%2Fcomments&post=9091"}],"version-history":[{"count":4,"href":"https:\/\/archiwum.swietodrzewa.pl\/index.php?rest_route=\/wp\/v2\/posts\/9091\/revisions"}],"predecessor-version":[{"id":9121,"href":"https:\/\/archiwum.swietodrzewa.pl\/index.php?rest_route=\/wp\/v2\/posts\/9091\/revisions\/9121"}],"wp:featuredmedia":[{"embeddable":true,"href":"https:\/\/archiwum.swietodrzewa.pl\/index.php?rest_route=\/wp\/v2\/media\/7688"}],"wp:attachment":[{"href":"https:\/\/archiwum.swietodrzewa.pl\/index.php?rest_route=%2Fwp%2Fv2%2Fmedia&parent=9091"}],"wp:term":[{"taxonomy":"category","embeddable":true,"href":"https:\/\/archiwum.swietodrzewa.pl\/index.php?rest_route=%2Fwp%2Fv2%2Fcategories&post=9091"},{"taxonomy":"post_tag","embeddable":true,"href":"https:\/\/archiwum.swietodrzewa.pl\/index.php?rest_route=%2Fwp%2Fv2%2Ftags&post=9091"}],"curies":[{"name":"wp","href":"https:\/\/api.w.org\/{rel}","templated":true}]}}