{"id":9150,"date":"2017-08-07T16:44:02","date_gmt":"2017-08-07T14:44:02","guid":{"rendered":"http:\/\/swietodrzewa.pl\/?p=9150"},"modified":"2017-10-03T10:03:29","modified_gmt":"2017-10-03T08:03:29","slug":"nagrody-czarodziejskiego-drzewa-2017","status":"publish","type":"post","link":"https:\/\/archiwum.swietodrzewa.pl\/?p=9150","title":{"rendered":"Nagrody Czarodziejskiego Drzewa 2017"},"content":{"rendered":"<p><strong>14. \u015awi\u0119to Drzewa odby\u0142o si\u0119 pod has\u0142em \u201e\u015awi\u0119to Drzewa \u2013 w\u015br\u00f3d p\u00f3l\u201d. W ten spos\u00f3b Klub Gaja zach\u0119ca\u0142\u00a0 mieszka\u0144c\u00f3w teren\u00f3w wiejskich do podejmowania lokalnych dzia\u0142a\u0144 na rzecz sadzenia i ochrony zadrzewie\u0144 \u015br\u00f3dpolnych, kt\u00f3re spe\u0142niaj\u0105 nieoceniona role w ochronie r\u00f3\u017cnorodno\u015bci biologicznej i \u0142agodzeniu skutk\u00f3w zmian klimatu na terenach rolniczych.<\/strong><!--more--><\/p>\n<p><a href=\"http:\/\/swietodrzewa.pl\/wp-content\/uploads\/2017\/08\/czarodziejskie2017-2.jpg\"><img loading=\"lazy\" class=\"alignleft size-medium wp-image-9161\" src=\"http:\/\/swietodrzewa.pl\/wp-content\/uploads\/2017\/08\/czarodziejskie2017-2-300x168.jpg\" alt=\"czarodziejskie2017 (2)\" width=\"300\" height=\"168\" srcset=\"https:\/\/archiwum.swietodrzewa.pl\/wp-content\/uploads\/2017\/08\/czarodziejskie2017-2-300x168.jpg 300w, https:\/\/archiwum.swietodrzewa.pl\/wp-content\/uploads\/2017\/08\/czarodziejskie2017-2.jpg 1024w\" sizes=\"(max-width: 300px) 100vw, 300px\" \/><\/a>Drzewa i krzewy wyst\u0119puj\u0105ce na obszarach rolniczych stanowi\u0105 o niepowtarzalnym pi\u0119knie krajobrazu i podnosz\u0105 walory wypoczynkowe miejscowo\u015bci. S\u0105 tak\u017ce ostoj\u0105 dzikiej przyrody i stanowi\u0105 \u017ar\u00f3d\u0142o cennych surowc\u00f3w, kt\u00f3re mo\u017cemy wykorzysta\u0107 w naszej kuchni. Zadrzewienia \u015br\u00f3dpolne by\u0142y tak\u017ce tematem przewodnim wielu inicjatyw lokalnych podejmowanych przez uczestnik\u00f3w 14. edycji \u015awi\u0119ta Drzewa. Akcje sadzenia rodzimych gatunk\u00f3w drzew i krzew\u00f3w, imprezy sportowe po\u015bwi\u0119cone zalesieniem \u015br\u00f3dpolnym i biegom na orientacj\u0119, przygotowywanie potraw z dzikich ro\u015blin jadalnych, sadzenie drzew owocowych, liczenie polnych wierzb, budowanie hoteli dla zapylaczy czy za\u0142o\u017cenie ogr\u00f3dka szkolnego z ro\u015blinami miododajnymi, to tylko niekt\u00f3re z dzia\u0142a\u0144 podj\u0119tych przez uczestnik\u00f3w.<\/p>\n<p><a href=\"http:\/\/swietodrzewa.pl\/wp-content\/uploads\/2017\/08\/czarodziejskie2017-3.jpg\"><img loading=\"lazy\" class=\"alignleft size-medium wp-image-9162\" src=\"http:\/\/swietodrzewa.pl\/wp-content\/uploads\/2017\/08\/czarodziejskie2017-3-300x225.jpg\" alt=\"OLYMPUS DIGITAL CAMERA\" width=\"300\" height=\"225\" srcset=\"https:\/\/archiwum.swietodrzewa.pl\/wp-content\/uploads\/2017\/08\/czarodziejskie2017-3-300x225.jpg 300w, https:\/\/archiwum.swietodrzewa.pl\/wp-content\/uploads\/2017\/08\/czarodziejskie2017-3-1024x768.jpg 1024w\" sizes=\"(max-width: 300px) 100vw, 300px\" \/><\/a>Dzi\u0119ki zaanga\u017cowaniu i wsp\u00f3\u0142pracy wielu os\u00f3b \u2013 przedstawicieli samorz\u0105d\u00f3w lokalnych, organizacji spo\u0142ecznych, le\u015bnik\u00f3w, nauczycieli, <a href=\"http:\/\/swietodrzewa.pl\/wp-content\/uploads\/2017\/08\/czarodziejskie2017-4.jpg\"><img loading=\"lazy\" class=\"alignright size-medium wp-image-9163\" src=\"http:\/\/swietodrzewa.pl\/wp-content\/uploads\/2017\/08\/czarodziejskie2017-4-300x199.jpg\" alt=\"czarodziejskie2017 (4)\" width=\"300\" height=\"199\" srcset=\"https:\/\/archiwum.swietodrzewa.pl\/wp-content\/uploads\/2017\/08\/czarodziejskie2017-4-300x199.jpg 300w, https:\/\/archiwum.swietodrzewa.pl\/wp-content\/uploads\/2017\/08\/czarodziejskie2017-4-1024x680.jpg 1024w, https:\/\/archiwum.swietodrzewa.pl\/wp-content\/uploads\/2017\/08\/czarodziejskie2017-4.jpg 2048w\" sizes=\"(max-width: 300px) 100vw, 300px\" \/><\/a>uczni\u00f3w, rodzic\u00f3w i wszystkich mi\u0142o\u015bnik\u00f3w drzew posadzili\u015bmy w tej edycji \u015awi\u0119ta Drzewa blisko <strong>33 tysi\u0105ce drzew i krzew\u00f3w<\/strong>, w tym takie rodzime gatunki jak lipa, jarz\u0119bina, g\u0142\u00f3g, czarny bez czy dere\u0144 jadalny. W sumie od pocz\u0105tku programu dzi\u0119ki\u00a0 zaanga\u017cowaniu blisko <strong>630 tysi\u0119cy os\u00f3b<\/strong> posadzili\u015bmy ponad <strong>800 tysi\u0119cy drzew<\/strong>.<\/p>\n<p>Program \u015awi\u0119to Drzewa realizowany przez Klub Gaja od 2003 roku to szeroka edukacja na temat roli drzew w adaptacji do zmian klimatu, tw\u00f3rcza wsp\u00f3\u0142praca i\u00a0dzia\u0142ania praktyczne \u2013 ochrona i sadzenie drzew. Co roku najbardziej aktywnych uczestnik\u00f3w programu Klub Gaja nagradza statuetkami Czarodziejskiego Drzewa.<a href=\"http:\/\/swietodrzewa.pl\/wp-content\/uploads\/2017\/08\/czarodziejskie2017-5.jpg\"><img loading=\"lazy\" class=\"alignright size-medium wp-image-9164\" src=\"http:\/\/swietodrzewa.pl\/wp-content\/uploads\/2017\/08\/czarodziejskie2017-5-300x199.jpg\" alt=\"czarodziejskie2017 (5)\" width=\"300\" height=\"199\" srcset=\"https:\/\/archiwum.swietodrzewa.pl\/wp-content\/uploads\/2017\/08\/czarodziejskie2017-5-300x199.jpg 300w, https:\/\/archiwum.swietodrzewa.pl\/wp-content\/uploads\/2017\/08\/czarodziejskie2017-5-1024x680.jpg 1024w, https:\/\/archiwum.swietodrzewa.pl\/wp-content\/uploads\/2017\/08\/czarodziejskie2017-5.jpg 2048w\" sizes=\"(max-width: 300px) 100vw, 300px\" \/><\/a><\/p>\n<p><strong>Laureaci Czarodziejskiego Drzewa 2017 :<\/strong><\/p>\n<ol>\n<li><strong>Polski Klub Ekologiczny Okr\u0119g Mazowiecki Ko\u0142o \u201ePodlasie\u201d w Siedlcach(woj. mazowieckie) <\/strong>\u2013 <em>za posadzenie 4200 drzew na terenie Siedlec i okolic wsp\u00f3lnie z mieszka\u0144cami, m\u0142odzie\u017c\u0105 szkoln\u0105 i le\u015bnikami. <\/em><\/li>\n<li><strong>Gmina Miasto Ostr\u00f3w Wielkopolski (woj. wielkopolskie)<\/strong> \u2013 <em>za posadzenie 3000 drzew w przydomowych ogrodach, szko\u0142ach, przedszkolach i w miejskim parku oraz szerok\u0105 wsp\u00f3\u0142prac\u0119 na rzecz integracji mieszka\u0144c\u00f3w wok\u00f3\u0142 sadzenia i ochrony drzew. <\/em><\/li>\n<li><strong>Publiczna Szko\u0142a Podstawowa im. B. Chrobrego w W\u0105soszu(woj. dolno\u015bl\u0105skie) <\/strong>\u2013 <em>za posadzenie 2600 sosen we wsp\u00f3\u0142pracy z Nadle\u015bnictwem G\u00f3ra \u015al\u0105ska oraz r\u00f3\u017cnorodne dzia\u0142ania wok\u00f3\u0142 drzew.<\/em><\/li>\n<li><strong>Gmina Ostrowiec \u015awi\u0119tokrzyski (woj. \u015bwi\u0119tokrzyskie<\/strong><em><strong>) \u2013 <\/strong>za szeroka wsp\u00f3\u0142prac\u0119 w ramach \u015awi\u0119ta Drzewa oraz happening \u201eOstrowiec \u015awi\u0119tokrzyski \u2013 Miasto z Klimatem\u201d, konkurs \u201eZielone podw\u00f3rka\u201d i akcj\u0119 \u201e420 drzew na 420 lecie Miasta\u201d. <\/em><\/li>\n<li><strong>Zesp\u00f3\u0142 Szk\u00f3\u0142 Specjalnych w Zdu\u0144skiej Woli (woj. \u0142\u00f3dzkie) <\/strong><em><strong>\u2013 <\/strong>za zorganizowanie pikniku ekologiczny po\u015bwi\u0119conego zadrzewieniom \u015br\u00f3dpolnym oraz zaproszenie uczni\u00f3w innych szk\u00f3\u0142 do przygotowania potraw z dzikich ro\u015blin jadalnych na wsp\u00f3ln\u0105 biesiad\u0119.<\/em><\/li>\n<li><strong>Nadle\u015bnictwo Zawadzkie (woj. opolskie) \u2013<\/strong> <em>za szerok\u0105 wsp\u00f3\u0142prac\u0119 w ramach \u015awi\u0119ta Drzewa oraz posadzenie\u00a0 wraz z m\u0142odzie\u017c\u0105 szkoln\u0105 sadzonek dzikich jab\u0142oni i derenia jadalnego.<\/em><\/li>\n<li><strong>Szko\u0142a Podstawowa im. Janusza Kusoci\u0144skiego w Opat\u00f3wku \u2013 filia w Sierzchowie (woj. wielkopolskie)<\/strong><em> \u2013 za r\u00f3\u017cnorodne dzia\u0142ania w ramach \u015awi\u0119to Drzewa, m.in. obserwacj\u0119 ro\u015blin rosn\u0105cych w\u015br\u00f3d p\u00f3l oraz akcj\u0119 liczenia polnych wierzb.<\/em><\/li>\n<li><strong>Przedszkole nr 28 im. Ma\u0142ych Astronom\u00f3w w Poznaniu ( woj. wielkopolskie) \u2013 <\/strong><em>za r\u00f3\u017cnorodne dzia\u0142ania w ramach programu \u201e\u015awi\u0119to Drzewa\u201d oraz zorganizowanie Mi\u0119dzyszkolnego Konkursu Plastycznego \u201eMoje Drzewo\u201d.<\/em><\/li>\n<li><strong>Zesp\u00f3\u0142 Szk\u00f3\u0142 w Starej Niedzia\u0142ce (woj. mazowieckie) \u2013 <\/strong><em>za r\u00f3\u017cnorodne dzia\u0142ania edukacyjne wok\u00f3\u0142 drzew w Bibliotece Szkolnej, m.in<\/em><em>. <\/em><em>zorganizowanie zaj\u0119\u0107 biblioterapii \u201eDrzewo\u201d.<\/em><\/li>\n<\/ol>\n<p><strong><a href=\"http:\/\/swietodrzewa.pl\/wp-content\/uploads\/2017\/08\/czarodziejskie2017-1.jpg\"><img loading=\"lazy\" class=\"alignleft size-medium wp-image-9160\" src=\"http:\/\/swietodrzewa.pl\/wp-content\/uploads\/2017\/08\/czarodziejskie2017-1-300x168.jpg\" alt=\"czarodziejskie2017 (1)\" width=\"300\" height=\"168\" srcset=\"https:\/\/archiwum.swietodrzewa.pl\/wp-content\/uploads\/2017\/08\/czarodziejskie2017-1-300x168.jpg 300w, https:\/\/archiwum.swietodrzewa.pl\/wp-content\/uploads\/2017\/08\/czarodziejskie2017-1.jpg 1024w\" sizes=\"(max-width: 300px) 100vw, 300px\" \/><\/a>Rozdanie nagr\u00f3d odb\u0119dzie si\u0119 10. pa\u017adziernika 2017 roku w Bibliotece Narodowej w Warszawie podczas inauguracji 15. edycji programu \u015awi\u0119to Drzewa. Gratulujemy!<\/strong><\/p>\n<p>Konkurs Czarodziejskie Drzewo prowadzony jest w ramach programu \u015awi\u0119to Drzewa. Partnerzy strategiczni: Lasy Pa\u0144stwowe.\u00a0 Partnerzy:\u00a0 Troton, Eco Sernice. Wsp\u00f3\u0142praca: Miasto Sto\u0142eczne Warszawa, Partnerstwo dla Klimatu, Nadace Partnerstvi, Biblioteka Narodowa, Robin Wood, Uniwersytet \u015al\u0105ski, Miasto Katowice, Kampania Miliarda Drzew dla Planety, Ashoka.<\/p>\n","protected":false},"excerpt":{"rendered":"<p>14. \u015awi\u0119to Drzewa odby\u0142o si\u0119 pod has\u0142em \u201e\u015awi\u0119to Drzewa \u2013 w\u015br\u00f3d p\u00f3l\u201d. W ten spos\u00f3b Klub Gaja zach\u0119ca\u0142\u00a0 mieszka\u0144c\u00f3w teren\u00f3w wiejskich do podejmowania lokalnych dzia\u0142a\u0144 na rzecz sadzenia i ochrony zadrzewie\u0144 \u015br\u00f3dpolnych, kt\u00f3re spe\u0142niaj\u0105 nieoceniona role w ochronie r\u00f3\u017cnorodno\u015bci biologicznej i \u0142agodzeniu skutk\u00f3w zmian klimatu na terenach rolniczych.<\/p>\n","protected":false},"author":3,"featured_media":7688,"comment_status":"closed","ping_status":"closed","sticky":false,"template":"","format":"standard","meta":{"ngg_post_thumbnail":0},"categories":[1,22],"tags":[],"_links":{"self":[{"href":"https:\/\/archiwum.swietodrzewa.pl\/index.php?rest_route=\/wp\/v2\/posts\/9150"}],"collection":[{"href":"https:\/\/archiwum.swietodrzewa.pl\/index.php?rest_route=\/wp\/v2\/posts"}],"about":[{"href":"https:\/\/archiwum.swietodrzewa.pl\/index.php?rest_route=\/wp\/v2\/types\/post"}],"author":[{"embeddable":true,"href":"https:\/\/archiwum.swietodrzewa.pl\/index.php?rest_route=\/wp\/v2\/users\/3"}],"replies":[{"embeddable":true,"href":"https:\/\/archiwum.swietodrzewa.pl\/index.php?rest_route=%2Fwp%2Fv2%2Fcomments&post=9150"}],"version-history":[{"count":13,"href":"https:\/\/archiwum.swietodrzewa.pl\/index.php?rest_route=\/wp\/v2\/posts\/9150\/revisions"}],"predecessor-version":[{"id":9526,"href":"https:\/\/archiwum.swietodrzewa.pl\/index.php?rest_route=\/wp\/v2\/posts\/9150\/revisions\/9526"}],"wp:featuredmedia":[{"embeddable":true,"href":"https:\/\/archiwum.swietodrzewa.pl\/index.php?rest_route=\/wp\/v2\/media\/7688"}],"wp:attachment":[{"href":"https:\/\/archiwum.swietodrzewa.pl\/index.php?rest_route=%2Fwp%2Fv2%2Fmedia&parent=9150"}],"wp:term":[{"taxonomy":"category","embeddable":true,"href":"https:\/\/archiwum.swietodrzewa.pl\/index.php?rest_route=%2Fwp%2Fv2%2Fcategories&post=9150"},{"taxonomy":"post_tag","embeddable":true,"href":"https:\/\/archiwum.swietodrzewa.pl\/index.php?rest_route=%2Fwp%2Fv2%2Ftags&post=9150"}],"curies":[{"name":"wp","href":"https:\/\/api.w.org\/{rel}","templated":true}]}}