{"id":9878,"date":"2018-01-10T11:21:59","date_gmt":"2018-01-10T10:21:59","guid":{"rendered":"http:\/\/swietodrzewa.pl\/?p=9878"},"modified":"2018-01-10T11:40:02","modified_gmt":"2018-01-10T10:40:02","slug":"dab-bartek-on-line","status":"publish","type":"post","link":"https:\/\/archiwum.swietodrzewa.pl\/?p=9878","title":{"rendered":"D\u0105b Bartek on-line!"},"content":{"rendered":"<p><strong>Jeden z najstarszych d\u0119b\u00f3w w Polsce i finalista konkursu Drzewo Roku Klubu Gaja w 2012 roku \u2013 d\u0105b Bartek ma teraz swoj\u0105 stron\u0119 internetow\u0105, na kt\u00f3rej na \u017cywo mo\u017cna \u015bledzi\u0107 okolice drzewa, a tak\u017ce odby\u0107 wirtualny spacer wok\u00f3\u0142 Bartka. <\/strong><!--more--><\/p>\n<p>Na stronie d\u0119bu Bartek <a href=\"http:\/\/www.dabbarteknaszwspolnyznajomy.pl\/\">http:\/\/www.dabbarteknaszwspolnyznajomy.pl\/<\/a> znajdziemy m.in. film o &#8222;Bartku&#8221; oraz wirtualny spacer wok\u00f3\u0142 drzewa. Wyj\u0105tkow\u0105 filmow\u0105 produkcj\u0119 stworzono w technologii 360 stopni. Zobaczymy w niej uj\u0119cia naziemne, a tak\u017ce widok na &#8222;Bartka&#8221; i okolic\u0119 z lotu ptaka. <a href=\"http:\/\/swietodrzewa.pl\/wp-content\/uploads\/2018\/01\/bartek2.jpg\"><img loading=\"lazy\" class=\"alignleft size-medium wp-image-9880\" src=\"http:\/\/swietodrzewa.pl\/wp-content\/uploads\/2018\/01\/bartek2-300x248.jpg\" alt=\"bartek2\" width=\"300\" height=\"248\" srcset=\"https:\/\/archiwum.swietodrzewa.pl\/wp-content\/uploads\/2018\/01\/bartek2-300x248.jpg 300w, https:\/\/archiwum.swietodrzewa.pl\/wp-content\/uploads\/2018\/01\/bartek2.jpg 836w\" sizes=\"(max-width: 300px) 100vw, 300px\" \/><\/a>Wykorzystanie nowych technologii si\u0119gn\u0119\u0142o jeszcze dalej &#8211; d\u0105b mo\u017cna ogl\u0105da\u0107 r\u00f3wnie\u017c w goglach VR, czyli okularach pozwalaj\u0105cych nam si\u0119 przenie\u015b\u0107 do wirtualnej rzeczywisto\u015bci. Podczas takiego spaceru mamy okazj\u0119 pozna\u0107 roczny cykl rozwoju drzewa \u2013 ju\u017c teraz na uruchomionej stronie internetowej znajdziemy pi\u0119kne panoramy wykonane wiosn\u0105, latem i jesieni\u0105, a wkr\u00f3tce do\u0142\u0105cz\u0105 do nich zimowe kadry.\u00a0W ostatnich dniach grudnia w pobli\u017cu &#8222;Bartka&#8221; zosta\u0142y zamontowane dwie kamery. Wszyscy ch\u0119tni mog\u0105 \u015bledzi\u0107 okolice drzewa przez 24 godziny &#8211; zobaczy\u0107 jak wygl\u0105da d\u0105b oraz jakie dzia\u0142ania prowadzone s\u0105 w zwi\u0105zku z jego ochron\u0105 (\u0179r\u00f3d\u0142o: echodnia.eu).<\/p>\n<p>Zach\u0119camy tak\u017ce do odkrywania innych, niezwyk\u0142ych polskich drzew dzi\u0119ki <a href=\"http:\/\/swietodrzewa.pl\/?page_id=5907\"><strong>aplikacji mobilnej Klubu Gaja \u201eDrzewa z klimatem\u201d<\/strong><\/a>. Zawarto\u015b\u0107 aplikacji stanowi ponad 200 zdj\u0119\u0107 wraz opisami drzew pomnik\u00f3w przyrody oraz finalist\u00f3w konkursu\u00a0<a href=\"http:\/\/swietodrzewa.pl\/?page_id=1673\"><strong>Drzewo Roku<\/strong>\u00a0<\/a>Klubu Gaja. Dodatkowo wszystkie drzewa wraz ze wsp\u00f3\u0142rz\u0119dnymi GPS zosta\u0142y umieszczone na mapie, tak aby u\u017cytkownicy mogli w \u0142atwy spos\u00f3b zlokalizowa\u0107 je i wytyczy\u0107 tras\u0119 dojazdu np. podczas wycieczki.\u00a0Aplikacj\u0119 mo\u017cna pobra\u0107 j\u0105 bezp\u0142atnie w sklepie Google Play, App Store i Windows Store.<\/p>\n<p>A ju\u017c w lutym zapraszamy do udzia\u0142u w g\u0142osowaniu na Europejskie Drzewo Roku 2018. Polskim kandydatem do tego tytu\u0142u jest <a href=\"http:\/\/swietodrzewa.pl\/?p=9009\"><strong>220-letnia topola Helena z Helu<\/strong><\/a><strong>, <\/strong>kt\u00f3ra zwyci\u0119\u017cy\u0142a w ubieg\u0142orocznym konkursie Drzewo Roku Klubu Gaja. G\u0142osy na polskie drzewo b\u0119dzie mo\u017cna odda\u0107 ju\u017c 1 lutego na stronie<strong>\u00a0<\/strong><a href=\"https:\/\/www.treeoftheyear.org\/ETY-2\/Uvod.aspx\" target=\"_blank\"><strong>www. treeoftheyear.org<\/strong><strong>\u00a0<\/strong>l<\/a>ub poprzez stron\u0119<strong>\u00a0<\/strong><a href=\"http:\/\/www.swietodrzewa.pl\/\"><strong>www.swietodrzewa.pl<\/strong><\/a><\/p>\n<p>Mog\u0105 Pa\u0144stwo pom\u00f3c Klubowi Gaja chroni\u0107 drzewa przekazuj\u0105c\u00a0<a href=\"http:\/\/swietodrzewa.pl\/?page_id=3595\"><strong>1% podatku<\/strong><\/a>. Na stronie Klubu Gaja znajdziecie Pa\u0144stwo\u00a0<a href=\"https:\/\/www.e-pity.pl\/darmowy-program-online-epity-2016-2017-KRS-0000120069--https:\/www.e-pity.pl\/oppimg\/75dd13c4820b11a1cd1be72a3a0006a3--http:\/www.klubgaja.pl\"><strong>Bezp\u0142atny Program PIT<\/strong><\/a>\u00a0lub w deklaracji podatkowej PIT wystarczy wpisa\u0107\u00a0KRS: 0000120069.<\/p>\n<p>&nbsp;<\/p>\n<p>Na zdj\u0119ciu d\u0105b Bartek. Fot. Tomek Piku\u0142a<\/p>\n","protected":false},"excerpt":{"rendered":"<p>Jeden z najstarszych d\u0119b\u00f3w w Polsce i finalista konkursu Drzewo Roku Klubu Gaja w 2012 roku \u2013 d\u0105b Bartek ma teraz swoj\u0105 stron\u0119 internetow\u0105, na kt\u00f3rej na \u017cywo mo\u017cna \u015bledzi\u0107 okolice drzewa, a tak\u017ce odby\u0107 wirtualny spacer wok\u00f3\u0142 Bartka.<\/p>\n","protected":false},"author":3,"featured_media":9879,"comment_status":"closed","ping_status":"closed","sticky":false,"template":"","format":"standard","meta":{"ngg_post_thumbnail":0},"categories":[24],"tags":[],"_links":{"self":[{"href":"https:\/\/archiwum.swietodrzewa.pl\/index.php?rest_route=\/wp\/v2\/posts\/9878"}],"collection":[{"href":"https:\/\/archiwum.swietodrzewa.pl\/index.php?rest_route=\/wp\/v2\/posts"}],"about":[{"href":"https:\/\/archiwum.swietodrzewa.pl\/index.php?rest_route=\/wp\/v2\/types\/post"}],"author":[{"embeddable":true,"href":"https:\/\/archiwum.swietodrzewa.pl\/index.php?rest_route=\/wp\/v2\/users\/3"}],"replies":[{"embeddable":true,"href":"https:\/\/archiwum.swietodrzewa.pl\/index.php?rest_route=%2Fwp%2Fv2%2Fcomments&post=9878"}],"version-history":[{"count":5,"href":"https:\/\/archiwum.swietodrzewa.pl\/index.php?rest_route=\/wp\/v2\/posts\/9878\/revisions"}],"predecessor-version":[{"id":9885,"href":"https:\/\/archiwum.swietodrzewa.pl\/index.php?rest_route=\/wp\/v2\/posts\/9878\/revisions\/9885"}],"wp:featuredmedia":[{"embeddable":true,"href":"https:\/\/archiwum.swietodrzewa.pl\/index.php?rest_route=\/wp\/v2\/media\/9879"}],"wp:attachment":[{"href":"https:\/\/archiwum.swietodrzewa.pl\/index.php?rest_route=%2Fwp%2Fv2%2Fmedia&parent=9878"}],"wp:term":[{"taxonomy":"category","embeddable":true,"href":"https:\/\/archiwum.swietodrzewa.pl\/index.php?rest_route=%2Fwp%2Fv2%2Fcategories&post=9878"},{"taxonomy":"post_tag","embeddable":true,"href":"https:\/\/archiwum.swietodrzewa.pl\/index.php?rest_route=%2Fwp%2Fv2%2Ftags&post=9878"}],"curies":[{"name":"wp","href":"https:\/\/api.w.org\/{rel}","templated":true}]}}