{"id":9887,"date":"2018-01-31T13:25:22","date_gmt":"2018-01-31T12:25:22","guid":{"rendered":"http:\/\/swietodrzewa.pl\/?p=9887"},"modified":"2018-08-29T14:45:41","modified_gmt":"2018-08-29T12:45:41","slug":"tree-hunter-spotka-sie-z-helena","status":"publish","type":"post","link":"https:\/\/archiwum.swietodrzewa.pl\/?p=9887","title":{"rendered":"Tree Hunter spotka si\u0119 z Helen\u0105"},"content":{"rendered":"<p><strong>Zapraszamy na spotkanie z brytyjskim Tree Hunterem Robem McBride, kt\u00f3re odb\u0119dzie si\u0119 w pi\u0105tek 2 lutego w Helu pod topol\u0105 Helen\u0105\u2013 zwyci\u0119\u017cczyni\u0105 konkursu Klubu Gaja Drzewo Roku 2017 i polskim kandydatem do tytu\u0142u Europejskiego Drzewa Roku 2018. G\u0142osowanie internetowe trwa przez ca\u0142y luty na <a href=\"http:\/\/www.treeoftheyear.org\/\">www.treeoftheyear.org<\/a><\/strong><!--more--><\/p>\n<div id=\"attachment_9897\" style=\"width: 209px\" class=\"wp-caption alignleft\"><a href=\"http:\/\/swietodrzewa.pl\/wp-content\/uploads\/2018\/01\/tree_hunter_wisniowa.jpg\"><img aria-describedby=\"caption-attachment-9897\" loading=\"lazy\" class=\"wp-image-9897 size-medium\" src=\"http:\/\/swietodrzewa.pl\/wp-content\/uploads\/2018\/01\/tree_hunter_wisniowa-199x300.jpg\" alt=\"tree_hunter_wisniowa\" width=\"199\" height=\"300\" srcset=\"https:\/\/archiwum.swietodrzewa.pl\/wp-content\/uploads\/2018\/01\/tree_hunter_wisniowa-199x300.jpg 199w, https:\/\/archiwum.swietodrzewa.pl\/wp-content\/uploads\/2018\/01\/tree_hunter_wisniowa.jpg 680w\" sizes=\"(max-width: 199px) 100vw, 199px\" \/><\/a><p id=\"caption-attachment-9897\" class=\"wp-caption-text\">Tree Hunter z wizyt\u0105 u d\u0119bu J\u00f3zef<\/p><\/div>\n<p>Rob Mc Bride po\u015bwi\u0119ci\u0142 swoje \u017cycie, aby chroni\u0107 i promowa\u0107 drzewa. Jest fotografem, podr\u00f3\u017cnikiem, dzia\u0142aczem spo\u0142ecznym i ambasadorem starych, historycznych drzew, wsp\u00f3\u0142pracuje regularnie z BBC, gdzie relacjonuje swoje spotkania z niezwyk\u0142ymi drzewami. Blisko 3,5 tysi\u0105ca os\u00f3b \u015bledzi\u0107 jego konto na Twitterze . Od 2015 roku odwiedza drzewa bior\u0105ce udzia\u0142 konkursie Europejskie Drzewo Roku. Podczas spotka\u0144 pod drzewami ze spo\u0142eczno\u015bciami lokalnymi zwraca uwag\u0119 na znaczenia starych drzew oraz potrzeb\u0119 ich piel\u0119gnacji i ochrony. 2 lutego 2018 s\u0142ynny brytyjski Tree Hunter Rob McBride przyb\u0119dzie do Polski aby zobaczy\u0107 nasz\u0105 Topol\u0119 Helen\u0119 i spotka\u0107 si\u0119 z mieszka\u0144cami Helu. Wybierze tak\u017ce najciekawsze portrety Heleny wykonane przez dzieci, kt\u00f3re zostan\u0105 zaprezentowane podczas ceremonii rozdania nagr\u00f3d Europejskiego Konkursu Drzewo Roku w Brukseli.<\/p>\n<p><em>Drzewa jednocz\u0105 ludzi jak nic innego. Dzia\u0142aj\u0105 jak katalizatory pozytywnej energii. Dzi\u0119ki temu wspania\u0142emu<\/em><\/p>\n<div id=\"attachment_9894\" style=\"width: 310px\" class=\"wp-caption alignright\"><a href=\"http:\/\/swietodrzewa.pl\/wp-content\/uploads\/2018\/01\/topola_helena_fot_beata_tarnawa-1.jpg\"><img aria-describedby=\"caption-attachment-9894\" loading=\"lazy\" class=\"size-medium wp-image-9894\" src=\"http:\/\/swietodrzewa.pl\/wp-content\/uploads\/2018\/01\/topola_helena_fot_beata_tarnawa-1-300x200.jpg\" alt=\"Topola Helena\" width=\"300\" height=\"200\" srcset=\"https:\/\/archiwum.swietodrzewa.pl\/wp-content\/uploads\/2018\/01\/topola_helena_fot_beata_tarnawa-1-300x200.jpg 300w, https:\/\/archiwum.swietodrzewa.pl\/wp-content\/uploads\/2018\/01\/topola_helena_fot_beata_tarnawa-1.jpg 1024w\" sizes=\"(max-width: 300px) 100vw, 300px\" \/><\/a><p id=\"caption-attachment-9894\" class=\"wp-caption-text\">Topola Helena<\/p><\/div>\n<p><em>konkursowi mo\u017cemy wsp\u00f3lnie \u015bwi\u0119towa\u0107 spotkanie z naszymi europejskimi skarbami,&nbsp; jakimi s\u0105 drzewa, a tak\u017ce pom\u00f3c ludziom &nbsp;zrozumie\u0107 prawdziw\u0105 warto\u015b\u0107 drzew i rol\u0119 jak\u0105 odgrywaj\u0105 w naszym \u017cyciu<\/em>&nbsp; \u2013 powiedzia\u0142 <strong>Rob Mc Bride<\/strong> o konkursie Europejskie Drzewo Roku.<\/p>\n<p><strong>Kiedy: <\/strong>pi\u0105tek, 2 luty 2018, ok. godz. 15.00<br \/>\n<strong>Gdzie:<\/strong> Topola Helena przy zbiegu ul. Wiejskiej i Ba\u0142tyckiej w Helu<\/p>\n<p>Zobacz wizyt\u0119 Tree Huntera u d\u0119bu J\u00f3zef&nbsp;<a href=\"https:\/\/www.youtube.com\/watch?v=rxGkhDR5qPE\">https:\/\/www.youtube.com\/watch?v=rxGkhDR5qPE<\/a><\/p>\n<p>Na zdj\u0119ciach:<\/p>\n<p>Tree Hunter pod d\u0119bem J\u00f3zef w Wi\u015bniowej \u2013 Europejskim Drzewem Roku 2017. Fot. Klub Gaja\/Rafa\u0142 Godek<\/p>\n<p>Topola Helena &#8211; Drzewo Roku 2017. Fot. Klub Gaja\/Beata Tarnawa<\/p>\n","protected":false},"excerpt":{"rendered":"<p>Zapraszamy na spotkanie z brytyjskim Tree Hunterem Robem McBride, kt\u00f3re odb\u0119dzie si\u0119 w pi\u0105tek 2 lutego w Helu pod topol\u0105 Helen\u0105\u2013 zwyci\u0119\u017cczyni\u0105 konkursu Klubu Gaja Drzewo Roku 2017 i polskim kandydatem do tytu\u0142u Europejskiego Drzewa Roku 2018. G\u0142osowanie internetowe trwa przez ca\u0142y luty na www.treeoftheyear.org<\/p>\n","protected":false},"author":3,"featured_media":9894,"comment_status":"closed","ping_status":"closed","sticky":false,"template":"","format":"standard","meta":{"ngg_post_thumbnail":0},"categories":[1,116],"tags":[],"_links":{"self":[{"href":"https:\/\/archiwum.swietodrzewa.pl\/index.php?rest_route=\/wp\/v2\/posts\/9887"}],"collection":[{"href":"https:\/\/archiwum.swietodrzewa.pl\/index.php?rest_route=\/wp\/v2\/posts"}],"about":[{"href":"https:\/\/archiwum.swietodrzewa.pl\/index.php?rest_route=\/wp\/v2\/types\/post"}],"author":[{"embeddable":true,"href":"https:\/\/archiwum.swietodrzewa.pl\/index.php?rest_route=\/wp\/v2\/users\/3"}],"replies":[{"embeddable":true,"href":"https:\/\/archiwum.swietodrzewa.pl\/index.php?rest_route=%2Fwp%2Fv2%2Fcomments&post=9887"}],"version-history":[{"count":6,"href":"https:\/\/archiwum.swietodrzewa.pl\/index.php?rest_route=\/wp\/v2\/posts\/9887\/revisions"}],"predecessor-version":[{"id":10495,"href":"https:\/\/archiwum.swietodrzewa.pl\/index.php?rest_route=\/wp\/v2\/posts\/9887\/revisions\/10495"}],"wp:featuredmedia":[{"embeddable":true,"href":"https:\/\/archiwum.swietodrzewa.pl\/index.php?rest_route=\/wp\/v2\/media\/9894"}],"wp:attachment":[{"href":"https:\/\/archiwum.swietodrzewa.pl\/index.php?rest_route=%2Fwp%2Fv2%2Fmedia&parent=9887"}],"wp:term":[{"taxonomy":"category","embeddable":true,"href":"https:\/\/archiwum.swietodrzewa.pl\/index.php?rest_route=%2Fwp%2Fv2%2Fcategories&post=9887"},{"taxonomy":"post_tag","embeddable":true,"href":"https:\/\/archiwum.swietodrzewa.pl\/index.php?rest_route=%2Fwp%2Fv2%2Ftags&post=9887"}],"curies":[{"name":"wp","href":"https:\/\/api.w.org\/{rel}","templated":true}]}}