{"id":9904,"date":"2018-02-01T09:34:11","date_gmt":"2018-02-01T08:34:11","guid":{"rendered":"http:\/\/swietodrzewa.pl\/?p=9904"},"modified":"2018-08-29T14:46:31","modified_gmt":"2018-08-29T12:46:31","slug":"czy-topola-helena-zostanie-europejskim-drzewem-roku-2018","status":"publish","type":"post","link":"https:\/\/archiwum.swietodrzewa.pl\/?p=9904","title":{"rendered":"Czy Topola Helena zostanie Europejskim Drzewem Roku 2018?"},"content":{"rendered":"<p><strong>W lutym ka\u017cdy mo\u017ce odda\u0107 sw\u00f3j g\u0142os na polskie drzewo w corocznym konkursie Europejskie Drzewo Roku. W tym roku naszym kandydatem jest Topola Helena z Helu &#8211; zwyci\u0119\u017cczyni krajowej edycji konkursu Drzewo Roku, organizowanego przez Klubu Gaja. Spo\u015br\u00f3d drzew z 13 europejskich kraj\u00f3w rywalizacj\u0119 wygra to, kt\u00f3re otrzyma najwi\u0119ksz\u0105 liczb\u0119 g\u0142os\u00f3w internaut\u00f3w. Co roku w popularnym konkursie bierze udzia\u0142 ponad 200&nbsp;000 os\u00f3b z ca\u0142ej Europy. Zapraszamy do g\u0142osowania na <a href=\"https:\/\/www.treeoftheyear.org\/ETY-2018\/Uvod.aspx\">www. treeoftheyear.org<\/a><\/strong><!--more--><\/p>\n<p><a href=\"http:\/\/swietodrzewa.pl\/wp-content\/uploads\/2018\/01\/topola_helena_fot_beata_tarnawa-1.jpg\"><img loading=\"lazy\" class=\"alignleft size-medium wp-image-9894\" src=\"http:\/\/swietodrzewa.pl\/wp-content\/uploads\/2018\/01\/topola_helena_fot_beata_tarnawa-1-300x200.jpg\" alt=\"topola_helena_fot_beata_tarnawa (1)\" width=\"300\" height=\"200\" srcset=\"https:\/\/archiwum.swietodrzewa.pl\/wp-content\/uploads\/2018\/01\/topola_helena_fot_beata_tarnawa-1-300x200.jpg 300w, https:\/\/archiwum.swietodrzewa.pl\/wp-content\/uploads\/2018\/01\/topola_helena_fot_beata_tarnawa-1.jpg 1024w\" sizes=\"(max-width: 300px) 100vw, 300px\" \/><\/a>Nazwa 220-letniej Topoli Heleny z Helu nie jest przypadkowa. Podkre\u015bla ona to\u017csamo\u015b\u0107 miejsca, w kt\u00f3rym ro\u015bnie, bowiem w j\u0119zyku staropolskim nazwa \u201eHel\u201d oznacza wydm\u0119, cypel, pustkowie. Klimat nadmorski oraz helska bryza pr\u00f3buj\u0105 j\u0105 \u201ez\u0142ama\u0107\u201d, jednak drzewo dzielnie stawia im op\u00f3r. Pierwsz\u0105 osob\u0105, kt\u00f3ra zwr\u00f3ci\u0142a uwag\u0119 na ten niezwyk\u0142y okaz topoli by\u0142 Roman Klim \u2013 mi\u0142o\u015bnik przyrody Pomorza i tw\u00f3rca Muzeum Rybo\u0142\u00f3wstwa w Helu. Dawniej Helena sta\u0142a w towarzystwie bli\u017aniaczej topoli, kt\u00f3ra nie wytrzyma\u0142a silnego naporu wiatru. Pozosta\u0142 po niej tylko pie\u0144, z kt\u00f3rego stworzono rze\u017ab\u0119 przedstawiaj\u0105ca rybak\u00f3w wci\u0105gaj\u0105cych sieci do \u0142odzi. Tym samym powsta\u0142 pomnik nawi\u0105zuj\u0105cy do historii&nbsp; miasta i jego rybackiej tradycji.<\/p>\n<p><em>Jest nam niezmiernie mi\u0142o, \u017ce to w\u0142a\u015bnie helska Helena zosta\u0142a okrzykni\u0119ta w Polsce Drzewem Roku 2017. Dzi\u015b reprezentuje Polsk\u0119<\/em> <em>w mi\u0119dzynarodowym plebiscycie Europejskie Drzewo Roku 2018. To dla nas ogromny zaszczyt i wyr\u00f3\u017cnienie. Zrobimy wszystko, co <\/em><em>w naszej mocy, by polska topola otrzyma\u0142a ten wspania\u0142y tytu\u0142, jako drzewo z histori\u0105 w tle. Zas\u0142uguje na to &#8211; <\/em>komentuje \u017banna B. Sepi\u0144ska, kierownik Zespo\u0142u ds. promocji, turystyki i kultury Miasta Helu.<\/p>\n<p>Z polsk\u0105 topol\u0105 konkurowa\u0107 b\u0119d\u0105 drzewa z 12. europejskich kraj\u00f3w, m.in. rzadka lokalna odmiana jab\u0142oni na S\u0142owacji, najwi\u0119kszy na \u015bwiecie d\u0105b <a href=\"http:\/\/swietodrzewa.pl\/wp-content\/uploads\/2018\/01\/topola_helena_fot_beata_tarnawa-6.jpg\"><img loading=\"lazy\" class=\"alignright size-medium wp-image-9895\" src=\"http:\/\/swietodrzewa.pl\/wp-content\/uploads\/2018\/01\/topola_helena_fot_beata_tarnawa-6-300x200.jpg\" alt=\"topola_helena_fot_beata_tarnawa (6)\" width=\"300\" height=\"200\" srcset=\"https:\/\/archiwum.swietodrzewa.pl\/wp-content\/uploads\/2018\/01\/topola_helena_fot_beata_tarnawa-6-300x200.jpg 300w, https:\/\/archiwum.swietodrzewa.pl\/wp-content\/uploads\/2018\/01\/topola_helena_fot_beata_tarnawa-6.jpg 1024w\" sizes=\"(max-width: 300px) 100vw, 300px\" \/><\/a>korkowy w Portugalii, odnotowany w ksi\u0119dze Guinnessa, d\u0105b b\u0119d\u0105cy symbolem skautingu w Wielkiej Brytanii i wiele innych niezwyk\u0142ych drzew, kt\u00f3re prze\u017cy\u0142y pow\u00f3d\u017a, ogie\u0144 czy choroby &#8211; ale wci\u0105\u017c \u017cyj\u0105 dzi\u0119ki swoim opiekunom. Przeczytaj historie wszystkich drzew bior\u0105cych udzia\u0142 w konkursie na <strong><a href=\"https:\/\/www.treeoftheyear.org\/ETY-2018\/Uvod.aspx\">www. treeoftheyear.org<\/a><\/strong><\/p>\n<p><em>Czy topola Helena powt\u00f3rzy zesz\u0142oroczny sukces D\u0119bu J\u00f3zef, kt\u00f3ry zosta\u0142 Europejskim Drzewem Roku 2017, zdobywaj\u0105c ponad 17 tysi\u0119cy g\u0142os\u00f3w internaut\u00f3w? Bardzo na to licz\u0119, ja i wszystkie osoby oraz instytucje, kt\u00f3rym zale\u017cy na dobru polskiej przyrody. Zwyci\u0119zc\u0119 plebiscytu poznamy ju\u017c 21 marca podczas uroczystej gali rozdania nagr\u00f3d w Brukseli. Tymczasem zapraszamy do g\u0142osowania i poznawania historii niezwyk\u0142ych drzew, kt\u00f3re \u015bmia\u0142o mo\u017cemy nazwa\u0107 \u201ezielonymi skarbami\u201d Europy <\/em>\u2013 m\u00f3wi <strong>Jolanta Migda\u0142,<\/strong> koordynatorka konkursu Drzewo Roku.<\/p>\n<p>Konkurs Europejskie Drzewo Roku podkre\u015bla emocjonalny zwi\u0105zek mi\u0119dzy drzewami i lokalnymi spo\u0142eczno\u015bciami. Podczas plebiscytu, kt\u00f3ry trwa od 1 do 28 lutego 2018 r. ka\u017cdy mo\u017ce odda\u0107 sw\u00f3j g\u0142os na dwa drzewa. W ostatnim tygodniu (od 22 do 28 lutego ) g\u0142osowanie jest tajne,&nbsp; co oznacza, \u017ce na stronie internetowej nie mo\u017cna zobaczy\u0107 aktualnej liczby g\u0142os\u00f3w.<\/p>\n<p><strong>G\u0142osy na polskie drzewo mo\u017cna odda\u0107 na stronie <a href=\"https:\/\/www.treeoftheyear.org\/ETY-2018\/Uvod.aspx\">www. treeoftheyear.org<\/a> lub poprzez stron\u0119 <a href=\"http:\/\/www.swietodrzewa.pl\/\">www.swietodrzewa.pl<\/a><\/strong><\/p>\n<p><strong><a href=\"http:\/\/swietodrzewa.pl\/?p=9009\">Wi\u0119cej o topoli Helenie &gt;&gt;&gt;<\/a><\/strong><\/p>\n<p><strong><a href=\"https:\/\/www.facebook.com\/TopolaHelena\/\">Topola Helena na Facebooku<\/a>&gt;&gt;&gt;<\/strong><\/p>\n<p>Mog\u0105 Pa\u0144stwo pom\u00f3c Klubowi Gaja chroni\u0107 drzewa przekazuj\u0105c <strong><a href=\"http:\/\/swietodrzewa.pl\/?page_id=3595\">1% podatku<\/a><\/strong>. Na stronie Klubu Gaja znajdziecie Pa\u0144stwo <strong><a href=\"https:\/\/www.e-pity.pl\/darmowy-program-online-epity-2016-2017-KRS-0000120069--https:\/www.e-pity.pl\/oppimg\/75dd13c4820b11a1cd1be72a3a0006a3--http:\/www.klubgaja.pl\">Bezp\u0142atny Program PIT<\/a><\/strong> lub w deklaracji podatkowej PIT wystarczy wpisa\u0107&nbsp;<strong>KRS: 0000120069<\/strong>.<\/p>\n<p><strong>Fot. Klub Gaja \/ Beata Tarnawa<\/strong><\/p>\n","protected":false},"excerpt":{"rendered":"<p>W lutym ka\u017cdy mo\u017ce odda\u0107 sw\u00f3j g\u0142os na polskie drzewo w corocznym konkursie Europejskie Drzewo Roku. W tym roku naszym kandydatem jest Topola Helena z Helu &#8211; zwyci\u0119\u017cczyni krajowej edycji konkursu Drzewo Roku, organizowanego przez Klubu Gaja. Spo\u015br\u00f3d drzew z 13 europejskich kraj\u00f3w rywalizacj\u0119 wygra to, kt\u00f3re otrzyma najwi\u0119ksz\u0105 liczb\u0119 g\u0142os\u00f3w internaut\u00f3w. Co roku w [&hellip;]<\/p>\n","protected":false},"author":3,"featured_media":9889,"comment_status":"closed","ping_status":"closed","sticky":false,"template":"","format":"standard","meta":{"ngg_post_thumbnail":0},"categories":[1,116],"tags":[],"_links":{"self":[{"href":"https:\/\/archiwum.swietodrzewa.pl\/index.php?rest_route=\/wp\/v2\/posts\/9904"}],"collection":[{"href":"https:\/\/archiwum.swietodrzewa.pl\/index.php?rest_route=\/wp\/v2\/posts"}],"about":[{"href":"https:\/\/archiwum.swietodrzewa.pl\/index.php?rest_route=\/wp\/v2\/types\/post"}],"author":[{"embeddable":true,"href":"https:\/\/archiwum.swietodrzewa.pl\/index.php?rest_route=\/wp\/v2\/users\/3"}],"replies":[{"embeddable":true,"href":"https:\/\/archiwum.swietodrzewa.pl\/index.php?rest_route=%2Fwp%2Fv2%2Fcomments&post=9904"}],"version-history":[{"count":2,"href":"https:\/\/archiwum.swietodrzewa.pl\/index.php?rest_route=\/wp\/v2\/posts\/9904\/revisions"}],"predecessor-version":[{"id":10496,"href":"https:\/\/archiwum.swietodrzewa.pl\/index.php?rest_route=\/wp\/v2\/posts\/9904\/revisions\/10496"}],"wp:featuredmedia":[{"embeddable":true,"href":"https:\/\/archiwum.swietodrzewa.pl\/index.php?rest_route=\/wp\/v2\/media\/9889"}],"wp:attachment":[{"href":"https:\/\/archiwum.swietodrzewa.pl\/index.php?rest_route=%2Fwp%2Fv2%2Fmedia&parent=9904"}],"wp:term":[{"taxonomy":"category","embeddable":true,"href":"https:\/\/archiwum.swietodrzewa.pl\/index.php?rest_route=%2Fwp%2Fv2%2Fcategories&post=9904"},{"taxonomy":"post_tag","embeddable":true,"href":"https:\/\/archiwum.swietodrzewa.pl\/index.php?rest_route=%2Fwp%2Fv2%2Ftags&post=9904"}],"curies":[{"name":"wp","href":"https:\/\/api.w.org\/{rel}","templated":true}]}}