{"id":9959,"date":"2018-02-19T09:58:29","date_gmt":"2018-02-19T08:58:29","guid":{"rendered":"http:\/\/swietodrzewa.pl\/?p=9959"},"modified":"2018-08-29T14:45:12","modified_gmt":"2018-08-29T12:45:12","slug":"europejczycy-wybieraja-europejskie-drzewo-roku-2018","status":"publish","type":"post","link":"https:\/\/archiwum.swietodrzewa.pl\/?p=9959","title":{"rendered":"Europejczycy wybieraj\u0105 Europejskie Drzewo Roku 2018"},"content":{"rendered":"<p class=\"lead\"><strong>Tylko do ko\u0144ca lutego ka\u017cdy mo\u017ce wybra\u0107 swoje ulubione drzewo poprzez g\u0142osowanie online na stronie <a href=\"http:\/\/www.treeoftheyear.org\">www.treeoftheyear.org<\/a> . W tegorocznym, \u00f3smym ju\u017c konkursie o tytu\u0142 Europejskiego Drzewa Roku bierze udzia\u0142 13 kraj\u00f3w z Europy. Polski kandydat w tym presti\u017cowym konkursie to topola Helena z Helu. Klub Gaja zach\u0119ca do wsparcia polskiego drzewa!<\/strong><!--more--><\/p>\n<div class=\"body\">\n<p><img loading=\"lazy\" class=\"alignleft size-medium wp-image-9960\" src=\"http:\/\/swietodrzewa.pl\/wp-content\/uploads\/2018\/02\/fot_beata_tarnawa-6-1-300x200.jpg\" alt=\"\" width=\"300\" height=\"200\" srcset=\"https:\/\/archiwum.swietodrzewa.pl\/wp-content\/uploads\/2018\/02\/fot_beata_tarnawa-6-1-300x200.jpg 300w, https:\/\/archiwum.swietodrzewa.pl\/wp-content\/uploads\/2018\/02\/fot_beata_tarnawa-6-1-768x512.jpg 768w, https:\/\/archiwum.swietodrzewa.pl\/wp-content\/uploads\/2018\/02\/fot_beata_tarnawa-6-1.jpg 1024w\" sizes=\"(max-width: 300px) 100vw, 300px\" \/>Pierwsza po\u0142owa g\u0142osowania na Europejskie Drzewo Roku 2018 ju\u017c za nami. Polski kandydat to tego tytu\u0142u \u2013 Topola Helena z Helu, zwyci\u0119\u017cczyni polskiej edycji konkursu w 2017 roku, organizowanego przez Klub Gaja, zdoby\u0142a ju\u017c ponad 7 tysi\u0119cy g\u0142os\u00f3w internaut\u00f3w. W plebiscycie prowadzi D\u0105b korkowy \u015awistak z Portugalii, kt\u00f3ry zdoby\u0142 ju\u017c blisko 17 tysi\u0119cy g\u0142os\u00f3w. Zach\u0119camy do udzia\u0142u i oddawania g\u0142os\u00f3w na polskie drzewo. Konkurs potrwa do 28 lutego. Ostatni tydzie\u0144 g\u0142osowania jest tajny, wi\u0119c ilo\u015b\u0107 oddanych g\u0142os\u00f3w na poszczeg\u00f3lne drzewa obserwowa\u0107 mo\u017cna tylko do 21 lutego. Og\u0142oszenie zwyci\u0119zcy b\u0119dzie mia\u0142o miejsce 21 marca podczas Ceremonii Rozdania Nagr\u00f3d w Brukseli.<\/p>\n<p><em>Zwyci\u0119stwo w zesz\u0142orocznym konkursie d\u0119bu J\u00f3zef podnios\u0142o bardzo wysoko poprzeczk\u0119 dla topoli Helena. Nie oznacza to jednak, \u017ce nie mo\u017cemy wygra\u0107 po raz kolejny. Wszystko zale\u017cy od nas i naszej determinacji. G\u0142osujmy i namawiajmy do tego innych, bo warto promowa\u0107 nasze lokalne skarby Tym razem w Helu <\/em>\u2013 zach\u0119ca <strong>Jacek Bo\u017cek<\/strong>, prezes Klubu Gaja.<\/p>\n<p>Konkurs Europejskie Drzewo Roku zosta\u0142 zapocz\u0105tkowany w 2011 r. W finale konkursu bior\u0105 udzia\u0142 zwyci\u0119zcy etap\u00f3w <img loading=\"lazy\" class=\"alignright size-medium wp-image-9961\" src=\"http:\/\/swietodrzewa.pl\/wp-content\/uploads\/2018\/02\/plakat-210x300.jpg\" alt=\"\" width=\"210\" height=\"300\" srcset=\"https:\/\/archiwum.swietodrzewa.pl\/wp-content\/uploads\/2018\/02\/plakat-210x300.jpg 210w, https:\/\/archiwum.swietodrzewa.pl\/wp-content\/uploads\/2018\/02\/plakat.jpg 717w\" sizes=\"(max-width: 210px) 100vw, 210px\" \/>krajowych. W Polsce w tym roku odbywa si\u0119 ju\u017c 8. edycja <a href=\"http:\/\/swietodrzewa.pl\/?page_id=1673\" target=\"_blank\" rel=\"noopener\">konkursu Drzewo Roku <\/a>organizowanego przez Klub Gaja. Celem konkursu Europejskie Drzewo Roku jest zwr\u00f3cenie uwagi na ciekawe, stare drzewa, jako wa\u017cne elementy dziedzictwa przyrodniczego i kulturowego, kt\u00f3re powinni\u015bmy ceni\u0107 i chroni\u0107. W konkursie decyduj\u0105ce nie jest pi\u0119kno, rozmiary, czy te\u017c wiek, ale historia i zwi\u0105zki drzew z lud\u017ami. Ka\u017cdego roku w konkursie bierze udzia\u0142 ponad 200 000 os\u00f3b z ca\u0142ej Europy.<\/p>\n<p>Mog\u0105 Pa\u0144stwo pom\u00f3c Klubowi Gaja chroni\u0107 drzewa przekazuj\u0105c <a href=\"http:\/\/swietodrzewa.pl\/?page_id=3595\" target=\"_blank\" rel=\"noopener\">1% podatku<\/a>. Na stronie Klubu Gaja znajdziecie Pa\u0144stwo <a href=\"https:\/\/www.e-pity.pl\/darmowy-program-online-epity-2016-2017-KRS-0000120069--https:\/www.e-pity.pl\/oppimg\/75dd13c4820b11a1cd1be72a3a0006a3--http:\/www.klubgaja.pl\" target=\"_blank\" rel=\"noopener\">Bezp\u0142atny Program PIT<\/a> lub w deklaracji podatkowej PIT wystarczy wpisa\u0107 KRS: 0000120069.<\/p>\n<p><strong>Przeczytaj histori\u0119 Topoli Helena i zag\u0142osuj&nbsp; <a href=\"https:\/\/www.treeoftheyear.org\/ETY-2018\/Stromy\/Topol-Helena.aspx\" target=\"_blank\" rel=\"noopener\">tutaj &gt;&gt;&gt;&gt;<\/a><\/strong><br \/>\nZobacz film o Helenie&nbsp;<a href=\"https:\/\/www.youtube.com\/watch?v=gVtPc9MGWLE&amp;feature=share\" target=\"_blank\" rel=\"noopener\"> tutaj&gt;&gt;&gt;&gt;<\/a><br \/>\nPoznaj niezwyk\u0142e polskie drzewa dzi\u0119ki aplikacji mobilnej <a href=\"http:\/\/swietodrzewa.pl\/?page_id=5907\" target=\"_blank\" rel=\"noopener\">czytaj wi\u0119cej &gt;&gt;&gt;<\/a><br \/>\nWi\u0119cej o konkursie Europejskie Drzewo Roku&nbsp; <a href=\"http:\/\/www.treeoftheyear.org\/\" target=\"_blank\" rel=\"noopener\">www.treeoftheyear.org<\/a><\/p>\n<p><strong>Na zdj\u0119ciach: <\/strong><\/p>\n<p>Topola Helena. Fot. Klub Gaja \/ Beata Tarnawa<\/p>\n<p>Plakat Zofii Lasockiej<\/p>\n<\/div>\n","protected":false},"excerpt":{"rendered":"<p>Tylko do ko\u0144ca lutego ka\u017cdy mo\u017ce wybra\u0107 swoje ulubione drzewo poprzez g\u0142osowanie online na stronie www.treeoftheyear.org . W tegorocznym, \u00f3smym ju\u017c konkursie o tytu\u0142 Europejskiego Drzewa Roku bierze udzia\u0142 13 kraj\u00f3w z Europy. Polski kandydat w tym presti\u017cowym konkursie to topola Helena z Helu. Klub Gaja zach\u0119ca do wsparcia polskiego drzewa!<\/p>\n","protected":false},"author":3,"featured_media":9961,"comment_status":"closed","ping_status":"closed","sticky":false,"template":"","format":"standard","meta":{"ngg_post_thumbnail":0},"categories":[116],"tags":[],"_links":{"self":[{"href":"https:\/\/archiwum.swietodrzewa.pl\/index.php?rest_route=\/wp\/v2\/posts\/9959"}],"collection":[{"href":"https:\/\/archiwum.swietodrzewa.pl\/index.php?rest_route=\/wp\/v2\/posts"}],"about":[{"href":"https:\/\/archiwum.swietodrzewa.pl\/index.php?rest_route=\/wp\/v2\/types\/post"}],"author":[{"embeddable":true,"href":"https:\/\/archiwum.swietodrzewa.pl\/index.php?rest_route=\/wp\/v2\/users\/3"}],"replies":[{"embeddable":true,"href":"https:\/\/archiwum.swietodrzewa.pl\/index.php?rest_route=%2Fwp%2Fv2%2Fcomments&post=9959"}],"version-history":[{"count":4,"href":"https:\/\/archiwum.swietodrzewa.pl\/index.php?rest_route=\/wp\/v2\/posts\/9959\/revisions"}],"predecessor-version":[{"id":10494,"href":"https:\/\/archiwum.swietodrzewa.pl\/index.php?rest_route=\/wp\/v2\/posts\/9959\/revisions\/10494"}],"wp:featuredmedia":[{"embeddable":true,"href":"https:\/\/archiwum.swietodrzewa.pl\/index.php?rest_route=\/wp\/v2\/media\/9961"}],"wp:attachment":[{"href":"https:\/\/archiwum.swietodrzewa.pl\/index.php?rest_route=%2Fwp%2Fv2%2Fmedia&parent=9959"}],"wp:term":[{"taxonomy":"category","embeddable":true,"href":"https:\/\/archiwum.swietodrzewa.pl\/index.php?rest_route=%2Fwp%2Fv2%2Fcategories&post=9959"},{"taxonomy":"post_tag","embeddable":true,"href":"https:\/\/archiwum.swietodrzewa.pl\/index.php?rest_route=%2Fwp%2Fv2%2Ftags&post=9959"}],"curies":[{"name":"wp","href":"https:\/\/api.w.org\/{rel}","templated":true}]}}