{"id":9966,"date":"2018-02-25T11:24:35","date_gmt":"2018-02-25T10:24:35","guid":{"rendered":"http:\/\/swietodrzewa.pl\/?p=9966"},"modified":"2018-08-29T14:41:43","modified_gmt":"2018-08-29T12:41:43","slug":"europejskie-drzewo-roku-ostatnie-dni-glosowania-2","status":"publish","type":"post","link":"https:\/\/archiwum.swietodrzewa.pl\/?p=9966","title":{"rendered":"Europejskie Drzewo Roku \u2013 ostatnie dni g\u0142osowania"},"content":{"rendered":"<p><strong>Zosta\u0142y tylko trzy dni aby wzi\u0105\u0107 udzia\u0142 w g\u0142osowaniu na Europejskie Drzewo Roku 2018. W fina\u0142owej rozgrywce wyniki plebiscytu s\u0105 utajnione, tak wi\u0119c nie mo\u017cemy ju\u017c zobaczy\u0107 kt\u00f3re z drzew prowadzi. Ostatnie widoczne g\u0142osy dawa\u0142y miejsce na podium drzewom z Portugalii, Rosji i Hiszpanii. Polska topola Helena, zwyci\u0119\u017cczyni konkursu Klubu Gaja Drzewo Roku 2017 by\u0142a na 8. miejscu. Wesprzyjmy nasz\u0105 kandydatk\u0119 do tego zaszczytnego tytu\u0142u i zag\u0142osujmy na <a href=\"http:\/\/www.treeoftheyear.org\">www.treeoftheyear.org<\/a><\/strong><!--more--><\/p>\n<p><img loading=\"lazy\" class=\"alignleft size-medium wp-image-9909\" src=\"http:\/\/swietodrzewa.pl\/wp-content\/uploads\/2018\/02\/fot_3-300x200.jpg\" alt=\"\" width=\"300\" height=\"200\" srcset=\"https:\/\/archiwum.swietodrzewa.pl\/wp-content\/uploads\/2018\/02\/fot_3-300x200.jpg 300w, https:\/\/archiwum.swietodrzewa.pl\/wp-content\/uploads\/2018\/02\/fot_3-768x512.jpg 768w, https:\/\/archiwum.swietodrzewa.pl\/wp-content\/uploads\/2018\/02\/fot_3.jpg 1024w\" sizes=\"(max-width: 300px) 100vw, 300px\" \/>Ju\u017c ponad 140 000 g\u0142os\u00f3w zosta\u0142o oddanych w konkursie na Europejskie Drzewo Roku 2018. Przed utajnieniem g\u0142osowania polska kandydatka to tego tytu\u0142u \u2013 Topola Helena z Helu, zwyci\u0119\u017cczyni polskiej edycji konkursu w 2017 roku,&nbsp;organizowanego przez Klub Gaja, uzyska\u0142a&nbsp; ponad 7 tysi\u0119cy g\u0142os\u00f3w internaut\u00f3w&nbsp; i znajdowa\u0142a si\u0119 na 8. miejscu na 13. startuj\u0105cych drzew z ca\u0142ej Europy. &nbsp;Na polskie drzewo zag\u0142osowa\u0107 mo\u017cemy &nbsp;tylko do 28 lutego do godz. 24:00. &nbsp;Og\u0142oszenie zwyci\u0119zcy odb\u0119dzie si\u0119 21 marca podczas Ceremonii Rozdania Nagr\u00f3d w Parlamencie Europejskim w Brukseli.<\/p>\n<p>Konkurs Europejskie Drzewo Roku zosta\u0142 zapocz\u0105tkowany w 2011 r. W finale konkursu bior\u0105 udzia\u0142 zwyci\u0119zcy etap\u00f3w krajowych. W Polsce w tym roku odbywa si\u0119 ju\u017c 8. edycja <strong><a href=\"http:\/\/swietodrzewa.pl\/?page_id=1673\">konkursu Drzewo Roku<\/a> <\/strong>organizowanego przez Klub Gaja. Celem konkursu&nbsp; jest zwr\u00f3cenie uwagi na ciekawe, stare drzewa, jako wa\u017cne elementy dziedzictwa przyrodniczego i kulturowego, kt\u00f3re powinni\u015bmy ceni\u0107 i chroni\u0107. W konkursie decyduj\u0105ce nie jest pi\u0119kno, rozmiary, czy te\u017c wiek, ale historia i zwi\u0105zki drzew z lud\u017ami.<\/p>\n<p>Mog\u0105 Pa\u0144stwo pom\u00f3c Klubowi Gaja chroni\u0107 drzewa przekazuj\u0105c <strong><a href=\"http:\/\/swietodrzewa.pl\/?page_id=3595\">1% podatku<\/a><\/strong>. Na stronie Klubu Gaja znajdziecie Pa\u0144stwo <strong><a href=\"https:\/\/www.e-pity.pl\/darmowy-program-online-epity-2016-2017-KRS-0000120069--https:\/www.e-pity.pl\/oppimg\/75dd13c4820b11a1cd1be72a3a0006a3--http:\/www.klubgaja.pl\">Bezp\u0142atny Program PIT<\/a><\/strong> lub w deklaracji podatkowej PIT wystarczy wpisa\u0107&nbsp;<strong>KRS: 0000120069<\/strong>.<\/p>\n<p><strong>Przeczytaj histori\u0119 Topoli Helena i zag\u0142osuj &nbsp;<\/strong><a href=\"https:\/\/www.treeoftheyear.org\/ETY-2018\/vote.aspx\">tutaj &gt;&gt;&gt;&gt;<\/a><\/p>\n<p><strong>Zobacz film o Helenie &nbsp;<\/strong><a href=\"https:\/\/www.youtube.com\/watch?v=gVtPc9MGWLE&amp;feature=share\">tutaj&gt;&gt;&gt;&gt;<\/a><\/p>\n<p><strong>Poznaj niezwyk\u0142e polskie drzewa dzi\u0119ki aplikacji mobilnej<\/strong> <a href=\"http:\/\/swietodrzewa.pl\/?page_id=5907\">czytaj wi\u0119cej &gt;&gt;&gt;<\/a><\/p>\n<p><strong>Wi\u0119cej o konkursie Europejskie Drzewo Roku&nbsp;<\/strong> <a href=\"http:\/\/www.treeoftheyear.org\/\">www.treeoftheyear.org<\/a><\/p>\n<p>Na zdj\u0119ciu Topola Helena. Fot. Klub Gaja\/Beata Tarnawa<\/p>\n","protected":false},"excerpt":{"rendered":"<p>Zosta\u0142y tylko trzy dni aby wzi\u0105\u0107 udzia\u0142 w g\u0142osowaniu na Europejskie Drzewo Roku 2018. W fina\u0142owej rozgrywce wyniki plebiscytu s\u0105 utajnione, tak wi\u0119c nie mo\u017cemy ju\u017c zobaczy\u0107 kt\u00f3re z drzew prowadzi. Ostatnie widoczne g\u0142osy dawa\u0142y miejsce na podium drzewom z Portugalii, Rosji i Hiszpanii. Polska topola Helena, zwyci\u0119\u017cczyni konkursu Klubu Gaja Drzewo Roku 2017 by\u0142a [&hellip;]<\/p>\n","protected":false},"author":3,"featured_media":9909,"comment_status":"closed","ping_status":"closed","sticky":false,"template":"","format":"standard","meta":{"ngg_post_thumbnail":0},"categories":[1,116],"tags":[],"_links":{"self":[{"href":"https:\/\/archiwum.swietodrzewa.pl\/index.php?rest_route=\/wp\/v2\/posts\/9966"}],"collection":[{"href":"https:\/\/archiwum.swietodrzewa.pl\/index.php?rest_route=\/wp\/v2\/posts"}],"about":[{"href":"https:\/\/archiwum.swietodrzewa.pl\/index.php?rest_route=\/wp\/v2\/types\/post"}],"author":[{"embeddable":true,"href":"https:\/\/archiwum.swietodrzewa.pl\/index.php?rest_route=\/wp\/v2\/users\/3"}],"replies":[{"embeddable":true,"href":"https:\/\/archiwum.swietodrzewa.pl\/index.php?rest_route=%2Fwp%2Fv2%2Fcomments&post=9966"}],"version-history":[{"count":3,"href":"https:\/\/archiwum.swietodrzewa.pl\/index.php?rest_route=\/wp\/v2\/posts\/9966\/revisions"}],"predecessor-version":[{"id":10493,"href":"https:\/\/archiwum.swietodrzewa.pl\/index.php?rest_route=\/wp\/v2\/posts\/9966\/revisions\/10493"}],"wp:featuredmedia":[{"embeddable":true,"href":"https:\/\/archiwum.swietodrzewa.pl\/index.php?rest_route=\/wp\/v2\/media\/9909"}],"wp:attachment":[{"href":"https:\/\/archiwum.swietodrzewa.pl\/index.php?rest_route=%2Fwp%2Fv2%2Fmedia&parent=9966"}],"wp:term":[{"taxonomy":"category","embeddable":true,"href":"https:\/\/archiwum.swietodrzewa.pl\/index.php?rest_route=%2Fwp%2Fv2%2Fcategories&post=9966"},{"taxonomy":"post_tag","embeddable":true,"href":"https:\/\/archiwum.swietodrzewa.pl\/index.php?rest_route=%2Fwp%2Fv2%2Ftags&post=9966"}],"curies":[{"name":"wp","href":"https:\/\/api.w.org\/{rel}","templated":true}]}}